{"id":583951,"date":"2025-12-07T09:54:12","date_gmt":"2025-12-07T09:54:12","guid":{"rendered":"https:\/\/www.europesays.com\/fr\/583951\/"},"modified":"2025-12-07T09:54:12","modified_gmt":"2025-12-07T09:54:12","slug":"qui-est-a-lorigine-des-messages-anti-police-et-anti-rn-diffuses-place-des-terreaux","status":"publish","type":"post","link":"https:\/\/www.europesays.com\/fr\/583951\/","title":{"rendered":"qui est \u00e0 l&rsquo;origine des messages anti-police et anti-RN diffus\u00e9s place des Terreaux\u00a0?"},"content":{"rendered":"<p>C&rsquo;est une projection tr\u00e8s particuli\u00e8re qui s&rsquo;est invit\u00e9e, samedi 6 d\u00e9cembre, lors de la deuxi\u00e8me soir\u00e9e de la F\u00eate des Lumi\u00e8res \u00e0 Lyon, place des Terreaux.<\/p>\n<p>Sur la fa\u00e7ade du mus\u00e9e des Beaux-Arts, des messages sont apparus entre deux <a href=\"https:\/\/www.leprogres.fr\/economie\/2025\/12\/06\/fete-des-lumieres-coucou-le-couscous-aux-terreaux-l-extreme-droite-en-fait-tout-un-plat\" target=\"_blank\" rel=\"noopener\">diffusions de l&rsquo;\u0153uvre \u00ab\u00a0Le lundi c&rsquo;est raviolis\u00a0!\u00a0\u00bb<\/a>.<\/p>\n<p>Les Soul\u00e8vements de la Terre revendiquent l&rsquo;action<\/p>\n<p>On pouvait lire \u00ab\u00a0On d\u00e9gage le RN\u00a0\u00bb, \u00ab Bardella Lyon n&rsquo;est pas \u00e0 toi \u00bb, \u00ab\u00a0La police blesse et tue\u00a0\u00bb, \u00ab\u00a0La violence polici\u00e8re est partout\u00a0\u00bb ou encore \u00ab\u00a0Sainte-Soline ni oubli ni pardon\u00a0\u00bb, en r\u00e9f\u00e9rence aux manifestations contre les m\u00e9ga-bassines, en mars 2023.<\/p>\n<p>Ce contenu est bloqu\u00e9 car vous n&rsquo;avez pas accept\u00e9 les cookies et autres traceurs.<\/p>\n<p>En cliquant sur \u00ab J\u2019accepte \u00bb, les cookies et autres traceurs seront d\u00e9pos\u00e9s et vous pourrez visualiser les contenus  (<a href=\"\" class=\"consentModule_policy\" target=\"_blank\" title=\"Consulter la politique de protection des donn\u00e9es du fournisseur\">plus d&rsquo;informations<\/a>).<\/p>\n<p>En cliquant sur \u00ab J\u2019accepte tous les cookies \u00bb, vous autorisez des d\u00e9p\u00f4ts de cookies et autres traceurs pour le stockage de vos donn\u00e9es sur nos sites et applications \u00e0 des fins de personnalisation et de ciblage publicitaire.<\/p>\n<p class=\"consentModule_secondaryText\">Vous gardez la possibilit\u00e9 de retirer votre consentement \u00e0 tout moment en consultant notre <a href=\"https:\/\/www.leprogres.fr\/protection-des-donnees\" target=\"_blank\" title=\"Consulter notre politique de protection des donn\u00e9es\" rel=\"noopener\">politique de protection des donn\u00e9es<\/a>. <br \/>&#13;<br \/>\n            <a href=\"https:\/\/www.leprogres.fr\/culture-loisirs\/2025\/12\/07\/javascript:Didomi.notice.show()\" class=\"consentModule_cmp\" target=\"_blank\" rel=\"noopener\">G\u00e9rer mes choix<\/a>&#13;\n        <\/p>\n<p>&#13;<br \/>\n                        J&rsquo;accepte&#13;<br \/>\n            J&rsquo;accepte tous les cookies&#13;\n        <\/p>\n<p>Ce sont Les Soul\u00e8vements de la Terre, un collectif \u00e9cologiste radical, qui seraient \u00e0 la man\u0153uvre, comme ils l&rsquo;ont revendiqu\u00e9, samedi vers 23 heures, sur leur compte Instagram local.\u00a0<\/p>\n<p>Une protestation en r\u00e9ponse, notamment, \u00e0 l&rsquo;organisation <a href=\"https:\/\/www.leprogres.fr\/elections\/2025\/12\/06\/le-rassemblement-contre-le-rassemblement-national-non-autorise\" target=\"_blank\" rel=\"noopener\">d&rsquo;un meeting du RN, ce dimanche apr\u00e8s-midi<\/a>, \u00e0 Villeurbanne.<\/p>\n<p>  Un appel \u00e0 manifester contre le meeting du RN ce dimanche<\/p>\n<p>\u00ab\u00a0Contre l\u2019offensive r\u00e9actionnaire men\u00e9e par l\u2019extr\u00eame-droite gr\u00e2ce notamment aux m\u00e9dias Bollor\u00e9, la riposte antifasciste s\u2019organise.\u00a0Notre contre-f\u00eate des lumi\u00e8res s\u2019attaque \u00e0 celleux qui nous menacent, nous volent et nous empoisonnent\u00a0\u00bb, \u00e9crivent-ils sur leur publication Instagram, citant le Rassemblement national, la police et les milliardaires. Avant d&rsquo;appeler \u00e0 manifester contre le meeting.<\/p>\n<p>Cette projection sauvage a fait vivement r\u00e9agir. Dans une story publi\u00e9e sur Instagram, le maire \u00e9cologiste Gr\u00e9gory Doucet a jug\u00e9 \u00ab\u00a0d\u00e9plorables \u00bb les messages et a \u00ab\u00a0[adress\u00e9 sa] pleine solidarit\u00e9 aux policiers municipaux et nationaux d\u00e9nigr\u00e9s en marge de la F\u00eate des Lumi\u00e8res\u00a0\u00bb, qui \u00ab\u00a0veillent \u00e0 notre s\u00e9curit\u00e9 pendant ces quatre jours, et tout le reste de l&rsquo;ann\u00e9e\u00a0\u00bb.<\/p>\n<p>  Un signalement au procureur<\/p>\n<p>Samedi soir, la\u00a0pr\u00e9fecture du Rh\u00f4ne a imm\u00e9diatement d\u00e9nonc\u00e9 un \u00ab\u00a0insupportable message de haine \u00e0 l&rsquo;encontre de la police nationale\u00a0\u00bb, avant d&rsquo;adresser, elle aussi, \u00ab\u00a0son ind\u00e9fectible soutien \u00e0 nos forces de l&rsquo;ordre qui mettent en danger leur vie, \u00e0 chaque instant, pour la s\u00e9curit\u00e9 de nos concitoyens\u00a0\u00bb.<\/p>\n<p>Ce dimanche matin, les services de l&rsquo;\u00c9tat indiquent que la Pr\u00e9f\u00e8te du Rh\u00f4ne va\u00a0faire un signalement au procureur de la R\u00e9publique au titre de l&rsquo;article 40 du code de proc\u00e9dure p\u00e9nale.\u00a0<\/p>\n<p>Candidat aux Municipales de Lyon, Jean-Michel Aulas s&rsquo;est quant \u00e0 lui fendu d&rsquo;un tweet d\u00e9plorant \u00ab\u00a0une atteinte grave \u00e0 nos institutions\u00a0\u00bb, appelant \u00e0 ce que \u00ab\u00a0ces actions inacceptables [soient] sanctionn\u00e9es et condamn\u00e9es par toutes les autorit\u00e9s politiques\u00a0\u00bb.<\/p>\n<p>Pour sa part, Tiffany Joncour, d\u00e9put\u00e9e et d\u00e9l\u00e9gu\u00e9e d\u00e9partementale du RN, candidate \u00e0 la M\u00e9tropole de Lyon, a indiqu\u00e9 sur X que \u00ab face \u00e0 ces menaces et \u00e0 ces violences politiques sur notre meeting de Villeurbanne, jamais nous ne c\u00e9derons\u00a0\u00bb.<\/p>\n","protected":false},"excerpt":{"rendered":"C&rsquo;est une projection tr\u00e8s particuli\u00e8re qui s&rsquo;est invit\u00e9e, samedi 6 d\u00e9cembre, lors de la deuxi\u00e8me soir\u00e9e de la&hellip;\n","protected":false},"author":2,"featured_media":583952,"comment_status":"","ping_status":"","sticky":false,"template":"","format":"standard","meta":{"footnotes":""},"categories":[1889],"tags":[1111,11,2430,2757,1777,674,274,48836,1011,27,2428,12,25,2429],"class_list":{"0":"post-583951","1":"post","2":"type-post","3":"status-publish","4":"format-standard","5":"has-post-thumbnail","7":"category-lyon","8":"tag-actu","9":"tag-actualites","10":"tag-auvergne-rhone-alpes","11":"tag-edition-lyon-villeurbanne","12":"tag-eu","13":"tag-europe","14":"tag-faits-divers-justice","15":"tag-fete-des-lumieres","16":"tag-fr","17":"tag-france","18":"tag-lyon","19":"tag-news","20":"tag-republique-francaise","21":"tag-rhone"},"share_on_mastodon":{"url":"https:\/\/pubeurope.com\/@fr\/115677682936048417","error":""},"_links":{"self":[{"href":"https:\/\/www.europesays.com\/fr\/wp-json\/wp\/v2\/posts\/583951","targetHints":{"allow":["GET"]}}],"collection":[{"href":"https:\/\/www.europesays.com\/fr\/wp-json\/wp\/v2\/posts"}],"about":[{"href":"https:\/\/www.europesays.com\/fr\/wp-json\/wp\/v2\/types\/post"}],"author":[{"embeddable":true,"href":"https:\/\/www.europesays.com\/fr\/wp-json\/wp\/v2\/users\/2"}],"replies":[{"embeddable":true,"href":"https:\/\/www.europesays.com\/fr\/wp-json\/wp\/v2\/comments?post=583951"}],"version-history":[{"count":0,"href":"https:\/\/www.europesays.com\/fr\/wp-json\/wp\/v2\/posts\/583951\/revisions"}],"wp:featuredmedia":[{"embeddable":true,"href":"https:\/\/www.europesays.com\/fr\/wp-json\/wp\/v2\/media\/583952"}],"wp:attachment":[{"href":"https:\/\/www.europesays.com\/fr\/wp-json\/wp\/v2\/media?parent=583951"}],"wp:term":[{"taxonomy":"category","embeddable":true,"href":"https:\/\/www.europesays.com\/fr\/wp-json\/wp\/v2\/categories?post=583951"},{"taxonomy":"post_tag","embeddable":true,"href":"https:\/\/www.europesays.com\/fr\/wp-json\/wp\/v2\/tags?post=583951"}],"curies":[{"name":"wp","href":"https:\/\/api.w.org\/{rel}","templated":true}]}}