{"id":583953,"date":"2025-12-07T09:56:13","date_gmt":"2025-12-07T09:56:13","guid":{"rendered":"https:\/\/www.europesays.com\/fr\/583953\/"},"modified":"2025-12-07T09:56:13","modified_gmt":"2025-12-07T09:56:13","slug":"reseau-cyclable-velo-ile-de-france-un-tiers-des-pistes-attendues-manquent-encore-a-lappel","status":"publish","type":"post","link":"https:\/\/www.europesays.com\/fr\/583953\/","title":{"rendered":"R\u00e9seau cyclable V\u00e9lo \u00cele-de-France\u00a0: un tiers des pistes attendues manquent encore \u00e0 l\u2019appel"},"content":{"rendered":"<p class=\"paragraph text_align_left lp-f-body-02\">L\u2019ann\u00e9e 2025 touche \u00e0 sa fin et les associations de cyclistes font les comptes. \u00c0 l\u2019approche des municipales de mars 2026, o\u00f9 en est la phase 1 du <a href=\"https:\/\/www.leparisien.fr\/info-paris-ile-de-france-oise\/transports\/reseau-des-pistes-cyclables-en-ile-de-france-des-associations-pointent-des-coupures-dangereuses-11-04-2025-LJDF3A4MCFDANHK5ADYMQ6HOQY.php\" target=\"_self\" rel=\"noopener\">r\u00e9seau V\u00e9lo \u00cele-de-France<\/a> (VIF) ? Ce projet ambitieux doit compter \u00e0 terme 11 \u00ab lignes \u00bb de 750 km de pistes cyclables continues et s\u00e9curis\u00e9es, d\u2019ici 2 030. Il est port\u00e9 par la r\u00e9gion et le collectif v\u00e9lo \u00cele-de-France, regroupant une quarantaine d\u2019associations. Le conseil r\u00e9gional a vot\u00e9 une enveloppe de 300 millions d\u2019euros afin de cofinancer 60 % de l\u2019infrastructure.<\/p>\n<p class=\"paragraph text_align_left lp-f-body-02\">Pour quel r\u00e9sultat \u00e0 ce jour ? \u00ab Le bilan montre une dynamique solide,<b> <\/b>estime la r\u00e9gion Ile-de-France. Toutes les lignes ont \u00e9t\u00e9 lanc\u00e9es. La r\u00e9gion a d\u00e9j\u00e0 vot\u00e9 110 millions d\u2019euros de subventions pour r\u00e9pondre aux demandes des ma\u00eetres d\u2019ouvrage. 535 km d\u2019itin\u00e9raires ont \u00e9t\u00e9 valid\u00e9s, 300 km sont mis en service, 30 km sont actuellement en travaux, et 170 km sont \u00e0 l\u2019\u00e9tude \u00bb.<\/p>\n","protected":false},"excerpt":{"rendered":"L\u2019ann\u00e9e 2025 touche \u00e0 sa fin et les associations de cyclistes font les comptes. \u00c0 l\u2019approche des municipales&hellip;\n","protected":false},"author":2,"featured_media":583954,"comment_status":"","ping_status":"","sticky":false,"template":"","format":"standard","meta":{"footnotes":""},"categories":[1592],"tags":[1111,11,1777,674,1011,27,662,1944,12,626,25,2382],"class_list":{"0":"post-583953","1":"post","2":"type-post","3":"status-publish","4":"format-standard","5":"has-post-thumbnail","7":"category-ile-de-france","8":"tag-actu","9":"tag-actualites","10":"tag-eu","11":"tag-europe","12":"tag-fr","13":"tag-france","14":"tag-ile-de-france","15":"tag-ma-ville","16":"tag-news","17":"tag-paris","18":"tag-republique-francaise","19":"tag-transport-idf-oise"},"share_on_mastodon":{"url":"https:\/\/pubeurope.com\/@fr\/115677690890896942","error":""},"_links":{"self":[{"href":"https:\/\/www.europesays.com\/fr\/wp-json\/wp\/v2\/posts\/583953","targetHints":{"allow":["GET"]}}],"collection":[{"href":"https:\/\/www.europesays.com\/fr\/wp-json\/wp\/v2\/posts"}],"about":[{"href":"https:\/\/www.europesays.com\/fr\/wp-json\/wp\/v2\/types\/post"}],"author":[{"embeddable":true,"href":"https:\/\/www.europesays.com\/fr\/wp-json\/wp\/v2\/users\/2"}],"replies":[{"embeddable":true,"href":"https:\/\/www.europesays.com\/fr\/wp-json\/wp\/v2\/comments?post=583953"}],"version-history":[{"count":0,"href":"https:\/\/www.europesays.com\/fr\/wp-json\/wp\/v2\/posts\/583953\/revisions"}],"wp:featuredmedia":[{"embeddable":true,"href":"https:\/\/www.europesays.com\/fr\/wp-json\/wp\/v2\/media\/583954"}],"wp:attachment":[{"href":"https:\/\/www.europesays.com\/fr\/wp-json\/wp\/v2\/media?parent=583953"}],"wp:term":[{"taxonomy":"category","embeddable":true,"href":"https:\/\/www.europesays.com\/fr\/wp-json\/wp\/v2\/categories?post=583953"},{"taxonomy":"post_tag","embeddable":true,"href":"https:\/\/www.europesays.com\/fr\/wp-json\/wp\/v2\/tags?post=583953"}],"curies":[{"name":"wp","href":"https:\/\/api.w.org\/{rel}","templated":true}]}}