{"id":583955,"date":"2025-12-07T09:57:21","date_gmt":"2025-12-07T09:57:21","guid":{"rendered":"https:\/\/www.europesays.com\/fr\/583955\/"},"modified":"2025-12-07T09:57:21","modified_gmt":"2025-12-07T09:57:21","slug":"en-inde-au-moins-25-personnes-meurent-dans-lincendie-dune-boite-de-nuit-a-goa","status":"publish","type":"post","link":"https:\/\/www.europesays.com\/fr\/583955\/","title":{"rendered":"En Inde, au moins 25 personnes meurent dans l&rsquo;incendie d&rsquo;une bo\u00eete de nuit \u00e0 Goa"},"content":{"rendered":"\n<p class=\"c-chapo \">\n  Le ministre en chef de l&rsquo;ex\u00e9cutif local a pr\u00e9cis\u00e9 que \u00ab\u00a0le personnel de l&rsquo;h\u00f4tel et trois ou quatre touristes \u00e9taient morts asphyxi\u00e9s\u00a0\u00bb. Il n&rsquo;a donn\u00e9 aucun d\u00e9tail sur la nationalit\u00e9 des victimes.\n<\/p>\n<p>      lire plus tard<\/p>\n<p id=\"dialog__title\" class=\"dialog__title\">Pour sauvegarder cet article, connectez-vous ou cr\u00e9ez un compte franceinfo<\/p>\n<p class=\"dialog__description\">Sans paiement. Sans abonnement.<\/p>\n<p>        Fermer la fen\u00eatre d\u2019activation des notifications France Info<\/p>\n<p>      cr\u00e9er votre compte<\/p>\n<p>      se connecter<\/p>\n<p>        Fermer la fen\u00eatre de pr\u00e9sentation<\/p>\n<p>    <img loading=\"lazy\" decoding=\"async\" class=\"signature__image lazyload\" width=\"100\" height=\"100\" data- alt=\"\" src=\"https:\/\/www.europesays.com\/fr\/wp-content\/uploads\/2025\/05\/64a68815cd1a7_placeholder-36b69ec8.png\"\/><\/p>\n<p>    Publi\u00e9 le 07\/12\/2025 09:30<\/p>\n<p>        Temps de lecture : 2min<\/p>\n<p>    <img decoding=\"async\"  alt=\"L'int\u00e9rieur de la bo\u00eete de nuit ravag\u00e9e par les flammes, \u00e0 Goa, en Inde, le 7 d\u00e9cembre 2025. (ATISH NAIK \/ AFP)\" width=\"432\" height=\"243\" src=\"https:\/\/www.europesays.com\/fr\/wp-content\/uploads\/2025\/12\/000-87ca6t3-69353ab0e8af4958371687.jpg\" fetchpriority=\"high\"\/><\/p>\n<p>      L&rsquo;int\u00e9rieur de la bo\u00eete de nuit ravag\u00e9e par les flammes, \u00e0 Goa, en Inde, le 7 d\u00e9cembre 2025. (ATISH NAIK \/ AFP)<\/p>\n<p>Narendra Modi s&rsquo;est dit \u00ab\u00a0profond\u00e9ment attrist\u00e9\u00a0\u00bb. Au moins 25 personnes, dont des touristes, sont mortes dans l&rsquo;incendie d&rsquo;une bo\u00eete de nuit tr\u00e8s fr\u00e9quent\u00e9e de la c\u00e9l\u00e8bre <a href=\"https:\/\/www.franceinfo.fr\/sante\/maladie\/coronavirus\/confinement\/inde-depuis-le-confinement-des-francais-vivent-a-goa_4154561.html\" target=\"_blank\" rel=\"noopener\">station baln\u00e9aire de Goa<\/a>, dans l&rsquo;ouest de l&rsquo;Inde, ont annonc\u00e9, dimanche 7 d\u00e9cembre, au matin,les autorit\u00e9s de cette ancienne colonie portugaise.<\/p>\n<p>Le feu s&rsquo;est d\u00e9clar\u00e9 dans la nuit de samedi \u00e0 dimanche, apr\u00e8s minuit, dans une discoth\u00e8que qui fait partie d&rsquo;un h\u00f4tel \u00e0 Arpora, dans l&rsquo;arrondissement de Goa Nord, avait indiqu\u00e9 \u00e0 l&rsquo;aube la police locale cit\u00e9e par l&rsquo;agence Press Trust of India (PTI). Le ministre en chef de l&rsquo;ex\u00e9cutif local, Pramod Sawant, a d\u00e9plor\u00e9 auparavant sur son compte X \u00ab\u00a0un jour tr\u00e8s douloureux pour nous tous \u00e0 Goa\u00a0\u00bb, pr\u00e9cisant que \u00ab\u00a025 personnes avaient perdu la vie et six avaient \u00e9t\u00e9 bless\u00e9es\u00a0\u00bb. Ce responsable a pr\u00e9cis\u00e9 que \u00ab\u00a0le personnel de l&rsquo;h\u00f4tel et trois ou quatre touristes \u00e9taient morts asphyxi\u00e9s\u00a0\u00bb. Il n&rsquo;a donn\u00e9 aucun d\u00e9tail sur la nationalit\u00e9 des victimes, indienne ou de pays \u00e9trangers.<\/p>\n<p>Des images de PTI, reprises par l&rsquo;AFPTV, ont montr\u00e9 des secouristes \u00e9vacuer sur des brancards des bless\u00e9s ou des morts, en descendant en pleine nuit un escalier \u00e9troit en pierre de l&rsquo;\u00e9tablissement \u00ab\u00a0Birch\u00a0\u00bb devant lequel on voit policiers, secouristes, ambulanciers et badauds se presser. Sur d&rsquo;autres plans larges, beaucoup de fum\u00e9e s&rsquo;\u00e9chappe du lieu du sinistre.<\/p>\n<p>Le ministre Pramod Sawant a assur\u00e9 avoir \u00ab\u00a0ordonn\u00e9 une enqu\u00eate\u00a0\u00bb d&rsquo;ampleur en s&rsquo;engageant \u00e0 ce que \u00ab\u00a0les responsables soient soumis aux sanctions les plus s\u00e9v\u00e8res pr\u00e9vues par la loi\u00a0\u00bb. D&rsquo;apr\u00e8s lui, ce \u00ab\u00a0tragique accident n&rsquo;aurait jamais d\u00fb se produire\u00a0\u00bb car \u00ab\u00a0l&rsquo;\u00e9tablissement fonctionnait sans autorisation en bonne et due forme et cette n\u00e9gligence a provoqu\u00e9 l&rsquo;incendie\u00a0\u00bb.<\/p>\n<p>Des m\u00e9dias locaux, s&rsquo;appuyant sur leurs sources polici\u00e8res, ont laiss\u00e9 entendre que l&rsquo;incendie sinistre avait pu \u00eatre d\u00e9clench\u00e9 par une \u00ab\u00a0explosion d&rsquo;une bonbonne\u00a0\u00bb de gaz. Le chef des pompiers de Goa, Nitin V. Raiker, a expliqu\u00e9 pour sa part sur la t\u00e9l\u00e9 locale CNN News18 que \u00ab\u00a0la plupart des gens \u00e9taient morts asphyxi\u00e9s dans le sous-sol et la cuisine\u00a0\u00bb apr\u00e8s qu'\u00a0\u00bbun spectacle pyrotechnique eut embras\u00e9 des parties en bois de la bo\u00eete de nuit, d\u00e9gageant de la fum\u00e9e dans tout l&rsquo;\u00e9tablissement\u00a0\u00bb.<\/p>\n","protected":false},"excerpt":{"rendered":"Le ministre en chef de l&rsquo;ex\u00e9cutif local a pr\u00e9cis\u00e9 que \u00ab\u00a0le personnel de l&rsquo;h\u00f4tel et trois ou quatre&hellip;\n","protected":false},"author":2,"featured_media":583956,"comment_status":"","ping_status":"","sticky":false,"template":"","format":"standard","meta":{"footnotes":""},"categories":[1888],"tags":[1111,1928,11,1927,1777,674,1011,27,12,1926,626,1925,25],"class_list":{"0":"post-583955","1":"post","2":"type-post","3":"status-publish","4":"format-standard","5":"has-post-thumbnail","7":"category-paris","8":"tag-actu","9":"tag-actu-paris","10":"tag-actualites","11":"tag-actualites-paris","12":"tag-eu","13":"tag-europe","14":"tag-fr","15":"tag-france","16":"tag-news","17":"tag-news-paris","18":"tag-paris","19":"tag-paris-news","20":"tag-republique-francaise"},"share_on_mastodon":{"url":"https:\/\/pubeurope.com\/@fr\/115677695478658157","error":""},"_links":{"self":[{"href":"https:\/\/www.europesays.com\/fr\/wp-json\/wp\/v2\/posts\/583955","targetHints":{"allow":["GET"]}}],"collection":[{"href":"https:\/\/www.europesays.com\/fr\/wp-json\/wp\/v2\/posts"}],"about":[{"href":"https:\/\/www.europesays.com\/fr\/wp-json\/wp\/v2\/types\/post"}],"author":[{"embeddable":true,"href":"https:\/\/www.europesays.com\/fr\/wp-json\/wp\/v2\/users\/2"}],"replies":[{"embeddable":true,"href":"https:\/\/www.europesays.com\/fr\/wp-json\/wp\/v2\/comments?post=583955"}],"version-history":[{"count":0,"href":"https:\/\/www.europesays.com\/fr\/wp-json\/wp\/v2\/posts\/583955\/revisions"}],"wp:featuredmedia":[{"embeddable":true,"href":"https:\/\/www.europesays.com\/fr\/wp-json\/wp\/v2\/media\/583956"}],"wp:attachment":[{"href":"https:\/\/www.europesays.com\/fr\/wp-json\/wp\/v2\/media?parent=583955"}],"wp:term":[{"taxonomy":"category","embeddable":true,"href":"https:\/\/www.europesays.com\/fr\/wp-json\/wp\/v2\/categories?post=583955"},{"taxonomy":"post_tag","embeddable":true,"href":"https:\/\/www.europesays.com\/fr\/wp-json\/wp\/v2\/tags?post=583955"}],"curies":[{"name":"wp","href":"https:\/\/api.w.org\/{rel}","templated":true}]}}