{"id":583957,"date":"2025-12-07T09:59:01","date_gmt":"2025-12-07T09:59:01","guid":{"rendered":"https:\/\/www.europesays.com\/fr\/583957\/"},"modified":"2025-12-07T09:59:01","modified_gmt":"2025-12-07T09:59:01","slug":"vitrines-de-noel-des-grands-magasins-les-animations-a-decouvrir-cette-annee-a-paris","status":"publish","type":"post","link":"https:\/\/www.europesays.com\/fr\/583957\/","title":{"rendered":"Vitrines de No\u00ebl des grands magasins : les animations \u00e0 d\u00e9couvrir cette ann\u00e9e \u00e0 Paris"},"content":{"rendered":"<p class=\"paragraph lpe text_align_left lp-f-body-02\">Les f\u00eates de fin d\u2019ann\u00e9e approchent \u00e0 grands pas, et avec elles, la tradition des <a href=\"https:\/\/www.leparisien.fr\/etudiant\/sortir\/paris\/eve-vitrines-de-noel-des-grands-magasins\/\" target=\"_self\" rel=\"noopener\">vitrines de No\u00ebl<\/a> des grands magasins parisiens. Cette ann\u00e9e encore, les enseignes embl\u00e9matiques de la capitale vous proposent des animations et mini spectacles qui raviront petits et grands.<\/p>\n<p class=\"paragraph lpe text_align_left lp-f-body-02\">Ces animations sont propos\u00e9es gratuitement jusqu\u2019\u00e0 la fin de l\u2019ann\u00e9e, d\u2019autres activit\u00e9s comme l\u2019acc\u00e8s \u00e0 des <a href=\"https:\/\/www.leparisien.fr\/etudiant\/sortir\/paris\/eve-patinoire-paris\/\" target=\"_blank\" rel=\"noopener\">patinoires<\/a> ou ateliers peuvent \u00eatre payant.<\/p>\n<p>Printemps Haussmann : New-York \u00e0 Paris<\/p>\n<p class=\"paragraph lpe text_align_left lp-f-body-02\">Cette ann\u00e9e le Printemps Haussmann vous transporte \u00e0 New York avec des vitrines inspir\u00e9es de la grosse pomme : Broadway, Times Square, match de basket au Madison Square garden. Une troupe de chiens voyageurs tr\u00e8s amusante vous fera le spectacle en musique. <\/p>\n<p class=\"paragraph lpe text_align_left lp-f-body-02\">64, boulevard Haussmann &#8211; Paris 9e &#8211; RER Auber<\/p>\n<p>Galeries Lafayette : \u00ab L\u2019Histoire du P\u00e8re No\u00ebl \u00bb<\/p>\n<p class=\"paragraph lpe text_align_left lp-f-body-02\">Juste \u00e0 c\u00f4t\u00e9, les Galeries Lafayette mettent eux \u00e0 l\u2019honneur le P\u00e8re No\u00ebl avec un univers imagin\u00e9 par l\u2019illustratrice Jeanne Detallante. Des sc\u00e8nes anim\u00e9es racontant l\u2019histoire du P\u00e8re No\u00ebl avec beaucoup de placement produits et un univers plus adulte&#8230; Ne loupez pas le grand sapin de No\u00ebl sous la coupole et la patinoire au 8e \u00e9tage.<\/p>\n<p class=\"paragraph lpe text_align_left lp-f-body-02\">40, boulevard Haussmann &#8211; Paris 9e &#8211; M\u00b0 Chauss\u00e9e d\u2019Antin \u2014 La Fayette<\/p>\n<p><img decoding=\"async\" class=\"image \" loading=\"lazy\" src=\"https:\/\/www.europesays.com\/fr\/wp-content\/uploads\/2025\/12\/B2FMQOO4MFA3XIAQOOARWIK7WU.JPG\" alt=\"Vitrines de No\u00ebl 2025 des grands magasins \u00e0 Paris : Galeries Lafayette\" align=\"\" data-rubrique-principale=\"\" data-article-type=\"\" fetchpriority=\"auto\"\/>Vitrines de No\u00ebl 2025 des grands magasins \u00e0 Paris : Galeries LafayetteLe Bon March\u00e9 : Un march\u00e9 de No\u00ebl enchant\u00e9<\/p>\n<p class=\"paragraph lpe text_align_left lp-f-body-02\">Le Bon March\u00e9 Rive Gauche se transforme en un vaste march\u00e9 de No\u00ebl couvert. Les vitrines anim\u00e9es mettront en sc\u00e8ne une centaine de lapins fac\u00e9tieux dans des d\u00e9cors po\u00e9tiques inspir\u00e9 de gourmandises : chocolats, pains d\u2019\u00e9pices&#8230; \u00c0 l\u2019int\u00e9rieur, l\u2019embl\u00e9matique escalator sera m\u00e9tamorphos\u00e9 en un village enneig\u00e9&#8230;<\/p>\n<p class=\"paragraph lpe text_align_left lp-f-body-02\">24, rue de S\u00e8vres \u00e0 Paris 75007 &#8211; M\u00b0 S\u00e8vres Babylone<\/p>\n<p><img decoding=\"async\" class=\"image \" loading=\"lazy\" src=\"https:\/\/www.europesays.com\/fr\/wp-content\/uploads\/2025\/12\/PNSHKC7DLNFZZFQGREXDRMMZ3M.jpg\" alt=\"L\u2019humour et la f\u00e9\u00e9rie sont au rendez-vous  - Vitrines du Bon March\u00e9 \u00e0 Paris\" align=\"\" data-rubrique-principale=\"\" data-article-type=\"\" fetchpriority=\"auto\"\/>L\u2019humour et la f\u00e9\u00e9rie sont au rendez-vous  &#8211; Vitrines du Bon March\u00e9 \u00e0 ParisBHV Marais : \u00ab R\u00eaverie de No\u00ebl \u00bb<\/p>\n<p class=\"paragraph lpe text_align_left lp-f-body-02\">Le BHV Marais qui a fait beaucoup parl\u00e9 de lui en accueillant la marque SHEIN c\u00e9l\u00e8bre No\u00ebl sous le th\u00e8me \u00ab R\u00eaverie de No\u00ebl \u00bb avec des vitrines mais aussi un spectacle son et lumi\u00e8re sur la fa\u00e7ade de la rue de Rivoli. Jusqu\u2019au 31 d\u00e9cembre, le magasin propose des animations festives comme une soir\u00e9e Christmas Party. <\/p>\n<p class=\"paragraph lpe text_align_left lp-f-body-02\">52, rue de Rivoli \u00e0 Paris 75004 &#8211; M\u00b0 H\u00f4tel de Ville<\/p>\n<p>La Samaritaine : \u00ab Paris M\u2019emballe \u00bb<\/p>\n<p class=\"paragraph lpe text_align_left lp-f-body-02\">A deux pas de l\u2019H\u00f4tel de Ville, La Samaritaine se m\u00e9tamorphose en un immense cadeau \u00e0 d\u00e9baller, avec des rubans g\u00e9ants et des illuminations d\u00e9corant la fa\u00e7ade, les vitrines et le grand escalier. Le c\u00e9l\u00e8bre paon du grand magasin descend de sa fresque pour veiller sur les festivit\u00e9s&#8230;<\/p>\n<p class=\"paragraph lpe text_align_left lp-f-body-02\">9 rue de la Monnaie &#8211; 75001 Paris &#8211; M\u00b0 Pont Neuf<\/p>\n<p class=\"paragraph lpe text_align_left lp-f-body-02\">Humour et f\u00e9\u00e9rie sont au rendez-vous surtout cette ann\u00e9e au Bon March\u00e9 et Printemps. Ces vitrines attirent toujours autant de monde chaque ann\u00e9e : pour \u00e9viter le monde vous pouvez opter pour un visite plut\u00f4t le matin (avant 12h).<\/p>\n<p class=\"paragraph lpe text_align_left lp-f-body-02\">Ne manquez pas ces <a href=\"https:\/\/www.leparisien.fr\/etudiant\/sortir\/paris\/sorties-noel\/\" target=\"_blank\" rel=\"noreferrer noopener\">incontournables des f\u00eates de fin d\u2019ann\u00e9e<\/a> avec aussi les march\u00e9s de No\u00ebl, patinoires, illuminations, com\u00e9dies musicales&#8230;<\/p>\n","protected":false},"excerpt":{"rendered":"Les f\u00eates de fin d\u2019ann\u00e9e approchent \u00e0 grands pas, et avec elles, la tradition des vitrines de No\u00ebl&hellip;\n","protected":false},"author":2,"featured_media":583958,"comment_status":"","ping_status":"","sticky":false,"template":"","format":"standard","meta":{"footnotes":""},"categories":[1888],"tags":[1111,1928,11,1927,872,1777,674,1011,27,2684,12,1926,626,1925,25,28728],"class_list":{"0":"post-583957","1":"post","2":"type-post","3":"status-publish","4":"format-standard","5":"has-post-thumbnail","7":"category-paris","8":"tag-actu","9":"tag-actu-paris","10":"tag-actualites","11":"tag-actualites-paris","12":"tag-culture-et-loisirs","13":"tag-eu","14":"tag-europe","15":"tag-fr","16":"tag-france","17":"tag-le-parisien-etudiant","18":"tag-news","19":"tag-news-paris","20":"tag-paris","21":"tag-paris-news","22":"tag-republique-francaise","23":"tag-vie-etudiante"},"share_on_mastodon":{"url":"","error":""},"_links":{"self":[{"href":"https:\/\/www.europesays.com\/fr\/wp-json\/wp\/v2\/posts\/583957","targetHints":{"allow":["GET"]}}],"collection":[{"href":"https:\/\/www.europesays.com\/fr\/wp-json\/wp\/v2\/posts"}],"about":[{"href":"https:\/\/www.europesays.com\/fr\/wp-json\/wp\/v2\/types\/post"}],"author":[{"embeddable":true,"href":"https:\/\/www.europesays.com\/fr\/wp-json\/wp\/v2\/users\/2"}],"replies":[{"embeddable":true,"href":"https:\/\/www.europesays.com\/fr\/wp-json\/wp\/v2\/comments?post=583957"}],"version-history":[{"count":0,"href":"https:\/\/www.europesays.com\/fr\/wp-json\/wp\/v2\/posts\/583957\/revisions"}],"wp:featuredmedia":[{"embeddable":true,"href":"https:\/\/www.europesays.com\/fr\/wp-json\/wp\/v2\/media\/583958"}],"wp:attachment":[{"href":"https:\/\/www.europesays.com\/fr\/wp-json\/wp\/v2\/media?parent=583957"}],"wp:term":[{"taxonomy":"category","embeddable":true,"href":"https:\/\/www.europesays.com\/fr\/wp-json\/wp\/v2\/categories?post=583957"},{"taxonomy":"post_tag","embeddable":true,"href":"https:\/\/www.europesays.com\/fr\/wp-json\/wp\/v2\/tags?post=583957"}],"curies":[{"name":"wp","href":"https:\/\/api.w.org\/{rel}","templated":true}]}}