{"id":583959,"date":"2025-12-07T10:00:22","date_gmt":"2025-12-07T10:00:22","guid":{"rendered":"https:\/\/www.europesays.com\/fr\/583959\/"},"modified":"2025-12-07T10:00:22","modified_gmt":"2025-12-07T10:00:22","slug":"ce-marche-de-noel-medieval-aux-180-stands-se-tient-tous-les-ans-depuis-1684-et-il-est-accessible-a-1h30-de-paris","status":"publish","type":"post","link":"https:\/\/www.europesays.com\/fr\/583959\/","title":{"rendered":"Ce march\u00e9 de No\u00ebl m\u00e9di\u00e9val aux 180 stands se tient tous les ans depuis 1684 et il est accessible \u00e0 1h30 de Paris"},"content":{"rendered":"<p>\t\t\t\t\t\t\t\t\t\t\t\t\t\t\t\t\t\t\t\t\t\t<img loading=\"lazy\" decoding=\"async\" src=\"https:\/\/www.europesays.com\/fr\/wp-content\/uploads\/2025\/12\/COUV-ARTICLES-1620x1080-60-1024x683.jpg\" class=\"img-fluid\" alt=\"march\u00e9 de no\u00ebl\" width=\"1024\" height=\"683\"\/><\/p>\n<p>    Save<\/p>\n<p>Parmi <strong>les plus beaux et les plus authentiques march\u00e9s de No\u00ebl d\u2019Europe<\/strong>, cette ville \u00e0 1h30 de vol de Paris s\u2019impose comme une destination hautement f\u00e9\u00e9rique. M\u00e9connue mais impressionnante, cette cit\u00e9 m\u00e9di\u00e9vale abrite ce <strong>rendez-vous incontournable depuis de 300 ans<\/strong> !<\/p>\n<p> Un march\u00e9 de No\u00ebl m\u00e9di\u00e9val haut en couleurs <\/p>\n<p>Lorsque la saison de l\u2019Avent s\u2019installe en Allemagne du Nord, L\u00fcbeck change de visage. La ville, c\u00e9l\u00e8bre pour ses <strong>fa\u00e7ades en briques rouges et son patrimoine m\u00e9di\u00e9val<\/strong>, pr\u00e9pare un No\u00ebl comme peu d\u2019autres cit\u00e9s savent encore en proposer. D\u00e8s la fin novembre, les ruelles pav\u00e9es et les grandes places du centre historique s\u2019illuminent. L\u2019impressionnant Holstentor, les tours de l\u2019h\u00f4tel de ville et les fl\u00e8ches de l\u2019\u00e9glise Sainte-Marie dessinent alors le d\u00e9cor d\u2019un march\u00e9 de No\u00ebl qui attire chaque ann\u00e9e des centaines de milliers de visiteurs.<\/p>\n<p><img fetchpriority=\"high\" decoding=\"async\" class=\"alignnone size-full wp-image-220546\" src=\"https:\/\/www.europesays.com\/fr\/wp-content\/uploads\/2025\/12\/COUV-ARTICLES-1620x1080-61.jpg\" alt=\"march\u00e9 de no\u00ebl lubeck\" width=\"1200\" height=\"800\"  \/><\/p>\n<p>Le march\u00e9 principal, install\u00e9 devant l\u2019h\u00f4tel de ville, concentre <strong>plusieurs dizaines de chalets en bois<\/strong>. Les stands artisanaux mettent en avant un savoir-faire r\u00e9gional tr\u00e8s pr\u00e9sent : verrerie souffl\u00e9e, jouets en bois, d\u00e9corations de No\u00ebl fabriqu\u00e9es \u00e0 la main, bougies sculpt\u00e9es, cr\u00e9ations textiles ou petites pi\u00e8ces d\u2019art. Chaque passage entre les chalets r\u00e9serve une surprise.<\/p>\n<p>L\u00fcbeck d\u00e9ploie plusieurs march\u00e9s parall\u00e8les qui renforcent encore la magie de la visite. Un march\u00e9 historique prend place devant Sainte-Marie et propose une ambiance plus m\u00e9di\u00e9vale, avec des marchands en costume et des objets d\u2019inspiration ancienne. Plus loin, un march\u00e9 d\u2019artisans s\u2019installe dans les cours int\u00e9rieures du Heiligen-Geist-Hospital, <strong>l\u2019un des plus beaux b\u00e2timents de la vill<\/strong>e. Certains lieux accueillent \u00e9galement des march\u00e9s plus confidentiels, parfaits pour d\u00e9nicher des pi\u00e8ces uniques ou des cadeaux de No\u00ebl plus authentiques.<\/p>\n<p><img loading=\"lazy\" decoding=\"async\" class=\"alignnone size-full wp-image-220547\" src=\"https:\/\/www.europesays.com\/fr\/wp-content\/uploads\/2025\/12\/COUV-ARTICLES-1620x1080-62.jpg\" alt=\"march\u00e9 de no\u00ebl\" width=\"1200\" height=\"800\"  \/><\/p>\n<p>\u00c9videmment la gastronomie et la gourmandise tiennent une place essentielle dans ce joli rendez-vous. Les visiteurs se r\u00e9chauffent souvent autour d\u2019un <strong>verre de Gl\u00fchwein br\u00fblant<\/strong> ou d\u2019un chocolat chaud \u00e9pais. Les saucisses grill\u00e9es, les pains d\u2019\u00e9pices d\u00e9cor\u00e9s et les g\u00e2teaux traditionnels remplissent les \u00e9tals. Difficile aussi de passer \u00e0 c\u00f4t\u00e9 du <strong>massepain<\/strong>, une v\u00e9ritable fiert\u00e9 locale. Ici, on en propose sous toutes les formes et l\u2019on repart presque toujours avec un petit sachet dans la poche. Entre deux arr\u00eats gourmands, plusieurs caf\u00e9s et brasseries ouvrent largement leurs portes pour accueillir les promeneurs frigorifi\u00e9s.<\/p>\n<p>Au-del\u00e0 de l\u2019aspect festif, ce qui charme le plus \u00e0 L\u00fcbeck reste le d\u00e9cor. La ville, d\u00e9j\u00e0 tr\u00e8s photog\u00e9nique le reste de l\u2019ann\u00e9e, prend une dimension presque cin\u00e9matographique pendant la p\u00e9riode de No\u00ebl. Les briques rouges se teintent d\u2019orang\u00e9 sous les guirlandes, les ruelles \u00e9troites deviennent des passages f\u00e9eriques et les places historiques ressemblent \u00e0 des<strong> sc\u00e8nes de contes nordiques<\/strong>. Le soir, les lumi\u00e8res se refl\u00e8tent dans les fen\u00eatres, les chorales se font entendre devant les \u00e9glises et les odeurs de cannelle suivent les visiteurs d\u2019un march\u00e9 \u00e0 l\u2019autre.<\/p>\n<p>L\u2019\u00e9dition 2025 du march\u00e9 de No\u00ebl de L\u00fcbeck s\u2019annonce une fois encore comme une valeur s\u00fbre pour celles et ceux qui r\u00eavent d\u2019un No\u00ebl authentique.<\/p>\n<p>\ud83d\udccdMarch\u00e9 de No\u00ebl de Lubeck<br \/>\ud83d\udcc5 Du 24 novembre au 30 d\u00e9cembre 2025<\/p>\n","protected":false},"excerpt":{"rendered":"Save Parmi les plus beaux et les plus authentiques march\u00e9s de No\u00ebl d\u2019Europe, cette ville \u00e0 1h30 de&hellip;\n","protected":false},"author":2,"featured_media":583960,"comment_status":"","ping_status":"","sticky":false,"template":"","format":"standard","meta":{"footnotes":""},"categories":[1888],"tags":[11,1777,674,1011,27,12,626,25],"class_list":{"0":"post-583959","1":"post","2":"type-post","3":"status-publish","4":"format-standard","5":"has-post-thumbnail","7":"category-paris","8":"tag-actualites","9":"tag-eu","10":"tag-europe","11":"tag-fr","12":"tag-france","13":"tag-news","14":"tag-paris","15":"tag-republique-francaise"},"share_on_mastodon":{"url":"https:\/\/pubeurope.com\/@fr\/115677707992553254","error":""},"_links":{"self":[{"href":"https:\/\/www.europesays.com\/fr\/wp-json\/wp\/v2\/posts\/583959","targetHints":{"allow":["GET"]}}],"collection":[{"href":"https:\/\/www.europesays.com\/fr\/wp-json\/wp\/v2\/posts"}],"about":[{"href":"https:\/\/www.europesays.com\/fr\/wp-json\/wp\/v2\/types\/post"}],"author":[{"embeddable":true,"href":"https:\/\/www.europesays.com\/fr\/wp-json\/wp\/v2\/users\/2"}],"replies":[{"embeddable":true,"href":"https:\/\/www.europesays.com\/fr\/wp-json\/wp\/v2\/comments?post=583959"}],"version-history":[{"count":0,"href":"https:\/\/www.europesays.com\/fr\/wp-json\/wp\/v2\/posts\/583959\/revisions"}],"wp:featuredmedia":[{"embeddable":true,"href":"https:\/\/www.europesays.com\/fr\/wp-json\/wp\/v2\/media\/583960"}],"wp:attachment":[{"href":"https:\/\/www.europesays.com\/fr\/wp-json\/wp\/v2\/media?parent=583959"}],"wp:term":[{"taxonomy":"category","embeddable":true,"href":"https:\/\/www.europesays.com\/fr\/wp-json\/wp\/v2\/categories?post=583959"},{"taxonomy":"post_tag","embeddable":true,"href":"https:\/\/www.europesays.com\/fr\/wp-json\/wp\/v2\/tags?post=583959"}],"curies":[{"name":"wp","href":"https:\/\/api.w.org\/{rel}","templated":true}]}}