{"id":583961,"date":"2025-12-07T10:01:15","date_gmt":"2025-12-07T10:01:15","guid":{"rendered":"https:\/\/www.europesays.com\/fr\/583961\/"},"modified":"2025-12-07T10:01:15","modified_gmt":"2025-12-07T10:01:15","slug":"un-collectif-en-appelle-a-macron-apres-une-serie-dagressions-sexuelles-dans-le-periscolaire-a-paris","status":"publish","type":"post","link":"https:\/\/www.europesays.com\/fr\/583961\/","title":{"rendered":"Un collectif en appelle \u00e0 Macron apr\u00e8s une s\u00e9rie d\u2019agressions sexuelles dans le p\u00e9riscolaire \u00e0 Paris"},"content":{"rendered":"<p>        <img decoding=\"async\" loading=\"lazy\" src=\"https:\/\/www.europesays.com\/fr\/wp-content\/uploads\/2025\/12\/9edd48c_upload-1-nxotaexf61fm-afp-20241021-hl-apaillard-2551072-v1-midres-franceministredulogementvi.jpeg\"  width=\"728\" height=\"409\" alt=\"\u00c0 Paris, les signalements de violences sexuelles au sein du p\u00e9riscolaire se sont multipli\u00e9s ces derni\u00e8res semaines. (Photo d\u2019illustration).\"\/>  <\/p>\n<p>ARNAUD PAILLARD \/ Hans Lucas via AFP<\/p>\n<p>\u00c0 Paris, les signalements de violences sexuelles au sein du p\u00e9riscolaire se sont multipli\u00e9s ces derni\u00e8res semaines. (Photo d\u2019illustration).<\/p>\n<p class=\"asset asset-text\">\u00ab\u00a0Nous sommes #MeToo\u00c9cole\u00a0\u00bb. Alors que les signalements pour agressions sexuelles au sein du p\u00e9riscolaire se multiplient ces derni\u00e8res semaines, notamment <a href=\"https:\/\/www.huffingtonpost.fr\/france\/article\/violences-sexuelles-dans-le-periscolaire-a-paris-les-familles-de-victimes-demandent-une-commission-d-enquete_257565.html\" target=\"_blank\" rel=\"noopener\" title=\"Nouvelle fen\u00eatre\">\u00e0 Paris<\/a>, un collectif de parents d\u2019\u00e9l\u00e8ves a adress\u00e9 ce dimanche 7\u00a0d\u00e9cembre une lettre ouverte \u00e0 Emmanuel Macron pour lui demander d\u2019agir. La lettre a \u00e9t\u00e9 publi\u00e9e dans<a href=\"https:\/\/www.latribune.fr\/article\/la-tribune-dimanche\/societe\/70647455251728\/nous-sommes-metooecole-lettre-ouverte-au-president-de-la-republique\" target=\"_blank\" rel=\"noopener\" title=\"Nouvelle fen\u00eatre\"> La Tribune dimanche.<\/a><\/p>\n<p class=\"asset asset-text\">\u00ab\u00a0Un parent ne devrait jamais avoir \u00e0 \u00e9crire ces lignes, mais nous le devons \u00e0 nos enfants\u00a0\u00bb, commence la lettre. \u00ab\u00a0Nous sommes\u00a0<a href=\"https:\/\/www.huffingtonpost.fr\/politique\/article\/emmanuel-gregoire-temoigne-avoir-ete-victime-de-violences-sexuelles-en-cm1_257463.html\" target=\"_blank\" rel=\"noopener\">#MeToo\u00c9cole.<\/a> La voix de parents, de citoyens, d\u2019enseignants unis dans un m\u00eame combat\u00a0: lutter contre les violences faites aux enfants dans les \u00e9coles\u00a0\u00bb, poursuit le texte, qui appelle \u00e0 une prise de conscience et \u00e0 des mesures concr\u00e8tes face \u00e0 une situation jug\u00e9e alarmante.<\/p>\n<p class=\"asset asset-text\">Cet appel \u00e0 une \u00ab\u00a0prise de parole et des actions fortes\u00a0\u00bb, est lanc\u00e9 \u00e0 la fois au chef de l\u2019\u00c9tat et \u00e0 son \u00e9pouse <a href=\"https:\/\/www.huffingtonpost.fr\/politique\/video\/emmanuel-macron-en-chine-le-president-a-vecu-sa-meilleure-vie-entre-partie-de-ping-pong-et-bain-de-foule_257901.html\" target=\"_blank\" rel=\"noopener\">Brigitte Macron<\/a>. \u00c0 Paris, en 2025, trente animateurs ont \u00e9t\u00e9 suspendus, dont 16 pour des suspicions de faits \u00e0 caract\u00e8re sexuels. Ce chiffre est stable par rapport aux deux ann\u00e9es pr\u00e9c\u00e9dentes, selon la mairie. Dans le m\u00eame temps quinze enqu\u00eates ont \u00e9t\u00e9 ouvertes pour des agressions sexuelles dans des<a href=\"https:\/\/www.huffingtonpost.fr\/politique\/article\/metoo-des-enfants-les-reponses-de-la-mairie-de-paris-apres-le-scandale-de-violences-sexuelles-dans-les-ecoles_257180.html\" target=\"_blank\" rel=\"noopener\"> \u00e9coles maternelles parisiennes<\/a>, selon le parquet de Paris.<\/p>\n<p>    \u00ab\u00a0Des pleurs, des peurs, des cauchemars\u00a0\u00bb    <\/p>\n<p class=\"asset asset-text\">\u00ab\u00a0Tout commence par des pleurs, des peurs, des cauchemars ou des comportements inhabituels. On relativise\u2026 Jusqu\u2019au jour o\u00f9 une information r\u00e9v\u00e8le que ces changements sont les cons\u00e9quences de violences physiques, morales ou sexuelles\u00a0\u00bb, alerte le collectif fond\u00e9 le 20\u00a0novembre.<\/p>\n<p class=\"asset asset-text\">\u00ab\u00a0Comment imaginer que l\u2019on puisse confier son enfant \u00e0 l\u2019\u00e9cole en toute confiance et que de tels actes puissent y \u00eatre commis\u00a0?\u00a0\u00bb, interroge le collectif. \u00ab\u00a0Derri\u00e8re ces faits, c\u2019est toute une culture de la gifle, du \u201cce n\u2019est pas si grave\u201d, qui continue de prot\u00e9ger les adultes plut\u00f4t que les enfants.\u00a0\u00bb<\/p>\n<p class=\"asset asset-text\">\u00ab\u00a0Les parents se retrouvent d\u00e9sempar\u00e9s et seuls avec leur incompr\u00e9hension face \u00e0 des institutions qui ne veulent pas faire de vagues\u00a0\u00bb, peut-on lire dans la lettre ouverte. \u00ab\u00a0L\u2019enfant, lui, est pri\u00e9 de retourner en classe, comme si sa douleur et sa parole n\u2019avaient aucune valeur.\u00a0\u00bb<\/p>\n<p>    Un poste de d\u00e9fenseur des enfants cr\u00e9\u00e9 \u00e0 Paris    <\/p>\n<p class=\"asset asset-text\">\u00c0 la suite des r\u00e9v\u00e9lations, la ville de Paris a annonc\u00e9 un plan de lutte contre les violences sexistes et sexuelles faites aux enfants dans les \u00e9coles, a cr\u00e9\u00e9 un poste de d\u00e9fenseur des enfants et promis un renforcement de la formation des animateurs du p\u00e9riscolaire.<\/p>\n<p class=\"asset asset-text\">Le collectif #MeToo\u00c9cole r\u00e9clame un \u00ab\u00a0contr\u00f4le syst\u00e9matique\u00a0\u00bb des ant\u00e9c\u00e9dents des professionnels au contact des enfants, un \u00ab\u00a0protocole clair pour chaque \u00e9cole avec signalement et protection imm\u00e9diate de l\u2019enfant\u00a0\u00bb ou encore le lancement d\u2019une enqu\u00eate administrative et d\u2019un audit national des \u00e9coles et structures p\u00e9riscolaires, \u00ab\u00a0en commen\u00e7ant par Paris\u00a0\u00bb.<\/p>\n","protected":false},"excerpt":{"rendered":"ARNAUD PAILLARD \/ Hans Lucas via AFP \u00c0 Paris, les signalements de violences sexuelles au sein du p\u00e9riscolaire&hellip;\n","protected":false},"author":2,"featured_media":583962,"comment_status":"","ping_status":"","sticky":false,"template":"","format":"standard","meta":{"footnotes":""},"categories":[1888],"tags":[11,1267,1073,1777,674,118,1011,27,12,626,874,25],"class_list":{"0":"post-583961","1":"post","2":"type-post","3":"status-publish","4":"format-standard","5":"has-post-thumbnail","7":"category-paris","8":"tag-actualites","9":"tag-agression-sexuelle","10":"tag-emmanuel-macron","11":"tag-eu","12":"tag-europe","13":"tag-faits-divers","14":"tag-fr","15":"tag-france","16":"tag-news","17":"tag-paris","18":"tag-pedophilie","19":"tag-republique-francaise"},"share_on_mastodon":{"url":"https:\/\/pubeurope.com\/@fr\/115677710642318541","error":""},"_links":{"self":[{"href":"https:\/\/www.europesays.com\/fr\/wp-json\/wp\/v2\/posts\/583961","targetHints":{"allow":["GET"]}}],"collection":[{"href":"https:\/\/www.europesays.com\/fr\/wp-json\/wp\/v2\/posts"}],"about":[{"href":"https:\/\/www.europesays.com\/fr\/wp-json\/wp\/v2\/types\/post"}],"author":[{"embeddable":true,"href":"https:\/\/www.europesays.com\/fr\/wp-json\/wp\/v2\/users\/2"}],"replies":[{"embeddable":true,"href":"https:\/\/www.europesays.com\/fr\/wp-json\/wp\/v2\/comments?post=583961"}],"version-history":[{"count":0,"href":"https:\/\/www.europesays.com\/fr\/wp-json\/wp\/v2\/posts\/583961\/revisions"}],"wp:featuredmedia":[{"embeddable":true,"href":"https:\/\/www.europesays.com\/fr\/wp-json\/wp\/v2\/media\/583962"}],"wp:attachment":[{"href":"https:\/\/www.europesays.com\/fr\/wp-json\/wp\/v2\/media?parent=583961"}],"wp:term":[{"taxonomy":"category","embeddable":true,"href":"https:\/\/www.europesays.com\/fr\/wp-json\/wp\/v2\/categories?post=583961"},{"taxonomy":"post_tag","embeddable":true,"href":"https:\/\/www.europesays.com\/fr\/wp-json\/wp\/v2\/tags?post=583961"}],"curies":[{"name":"wp","href":"https:\/\/api.w.org\/{rel}","templated":true}]}}