{"id":583963,"date":"2025-12-07T10:02:12","date_gmt":"2025-12-07T10:02:12","guid":{"rendered":"https:\/\/www.europesays.com\/fr\/583963\/"},"modified":"2025-12-07T10:02:12","modified_gmt":"2025-12-07T10:02:12","slug":"pour-moscou-la-nouvelle-strategie-de-securite-americaine-est-globalement-conforme-a-la-vision-de-la-russie","status":"publish","type":"post","link":"https:\/\/www.europesays.com\/fr\/583963\/","title":{"rendered":"Pour Moscou, la nouvelle strat\u00e9gie de s\u00e9curit\u00e9 am\u00e9ricaine est \u00abglobalement conforme\u00bb \u00e0 la vision de la Russie"},"content":{"rendered":"<p>\n    Les \u00c9tats-Unis de Donald Trump veulent mettre fin aux migrations de masse dans le monde.<\/p>\n<p class=\"fig-paragraph\">La Russie a accueilli favorablement dimanche la nouvelle\u00a0<a href=\"http:\/\/www.lefigaro.fr\/international\/risque-d-effacement-civilisationnel-de-l-europe-trump-veut-mettre-fin-aux-migrations-de-masse-dans-le-monde-20251205\" data-fig-type=\"NewsFlash\" data-gtm-custom-categorie=\"navigation\" data-gtm-custom-action=\"crossclick\" data-gtm-custom-label=\"Contextuel\" data-gtm-event=\"customEventSPE\" data-fig-domain=\"LEFIGARO\" target=\"_blank\" rel=\"noopener\">strat\u00e9gie de s\u00e9curit\u00e9 nationale\u00a0<\/a>des \u00c9tats-Unis, affirmant que ses ajustements, qui rel\u00e8vent d&rsquo;une vision r\u00e9solument nationaliste de la pr\u00e9sidence Trump, \u00e9taient \u00abglobalement conformes\u00bb \u00e0 la vision de Moscou.<\/p>\n<p class=\"fig-paragraph\">\u00abLes ajustements que nous observons, je dirais, sont globalement conformes \u00e0 notre vision\u00bb, a d\u00e9clar\u00e9 le porte-parole du Kremlin\u00a0<a href=\"https:\/\/www.lefigaro.fr\/international\/2006\/12\/05\/01003-20061205ARTFIG90178-dmitri_peskov_nous_regrettons_l_hysterie_contre_la_russie.php\" data-fig-type=\"Article\" data-gtm-custom-categorie=\"navigation\" data-gtm-custom-action=\"crossclick\" data-gtm-custom-label=\"Contextuel\" data-gtm-event=\"customEventSPE\" data-fig-domain=\"LEFIGARO\" target=\"_blank\" rel=\"noopener\">Dmitri Peskov\u00a0<\/a>dans une interview accord\u00e9e \u00e0 la t\u00e9l\u00e9vision publique, au sujet du document publi\u00e9 vendredi.<\/p>\n<p>                                            <a class=\"fig-a11y-skip\" href=\"#fig-a11y-skip-main-inarticle\" data-module=\"a11y-skip\" data-context=\"was @visible\"><br \/>\n    Passer la publicit\u00e9<br \/>\n<\/a>            <\/p>\n<p class=\"fig-paragraph\">Dmitri Peskov a esp\u00e9r\u00e9 que cette nouvelle strat\u00e9gie \u00abpuisse constituer une modeste garantie \u00e0 notre capacit\u00e9 de continuer de mani\u00e8re constructive notre travail conjoint pour trouver un r\u00e8glement pacifique en Ukraine\u00bb.<\/p>\n","protected":false},"excerpt":{"rendered":"Les \u00c9tats-Unis de Donald Trump veulent mettre fin aux migrations de masse dans le monde. La Russie a&hellip;\n","protected":false},"author":2,"featured_media":583964,"comment_status":"","ping_status":"","sticky":false,"template":"","format":"standard","meta":{"footnotes":""},"categories":[1591],"tags":[11,73,1887,12,1885,1886,132],"class_list":{"0":"post-583963","1":"post","2":"type-post","3":"status-publish","4":"format-standard","5":"has-post-thumbnail","7":"category-russie","8":"tag-actualites","9":"tag-etats-unis","10":"tag-federation-de-russie","11":"tag-news","12":"tag-russia","13":"tag-russian-federation","14":"tag-russie"},"share_on_mastodon":{"url":"https:\/\/pubeurope.com\/@fr\/115677714430054466","error":""},"_links":{"self":[{"href":"https:\/\/www.europesays.com\/fr\/wp-json\/wp\/v2\/posts\/583963","targetHints":{"allow":["GET"]}}],"collection":[{"href":"https:\/\/www.europesays.com\/fr\/wp-json\/wp\/v2\/posts"}],"about":[{"href":"https:\/\/www.europesays.com\/fr\/wp-json\/wp\/v2\/types\/post"}],"author":[{"embeddable":true,"href":"https:\/\/www.europesays.com\/fr\/wp-json\/wp\/v2\/users\/2"}],"replies":[{"embeddable":true,"href":"https:\/\/www.europesays.com\/fr\/wp-json\/wp\/v2\/comments?post=583963"}],"version-history":[{"count":0,"href":"https:\/\/www.europesays.com\/fr\/wp-json\/wp\/v2\/posts\/583963\/revisions"}],"wp:featuredmedia":[{"embeddable":true,"href":"https:\/\/www.europesays.com\/fr\/wp-json\/wp\/v2\/media\/583964"}],"wp:attachment":[{"href":"https:\/\/www.europesays.com\/fr\/wp-json\/wp\/v2\/media?parent=583963"}],"wp:term":[{"taxonomy":"category","embeddable":true,"href":"https:\/\/www.europesays.com\/fr\/wp-json\/wp\/v2\/categories?post=583963"},{"taxonomy":"post_tag","embeddable":true,"href":"https:\/\/www.europesays.com\/fr\/wp-json\/wp\/v2\/tags?post=583963"}],"curies":[{"name":"wp","href":"https:\/\/api.w.org\/{rel}","templated":true}]}}