{"id":583965,"date":"2025-12-07T10:03:21","date_gmt":"2025-12-07T10:03:21","guid":{"rendered":"https:\/\/www.europesays.com\/fr\/583965\/"},"modified":"2025-12-07T10:03:21","modified_gmt":"2025-12-07T10:03:21","slug":"guerre-en-ukraine-lavenir-sannonce-tres-sombre-pour-lukraine","status":"publish","type":"post","link":"https:\/\/www.europesays.com\/fr\/583965\/","title":{"rendered":"Guerre en Ukraine | \u00ab\u00a0L\u2019avenir s\u2019annonce tr\u00e8s sombre pour l\u2019Ukraine\u00a0\u00bb"},"content":{"rendered":"<p class=\"lead textModule textModule--type-lead \" style=\"\">Il s\u2019agissait indubitablement d\u2019une fa\u00e7on d\u2019affirmer la puissance russe. Quelques heures avant de rencontrer des responsables am\u00e9ricains \u00e0 Moscou en vue d\u2019une sortie de guerre, le pr\u00e9sident Vladimir Poutine a affirm\u00e9 que ses troupes avaient pris le contr\u00f4le de Pokrovsk, ville ukrainienne strat\u00e9gique.<\/p>\n<p>                    Publi\u00e9 \u00e0<br \/>\n    0\u00a0h\u00a000<\/p>\n<p>    <a class=\"print\" href=\"https:\/\/www.lapresse.ca\/international\/europe\/2025-12-07\/guerre-en-ukraine\/javascript:window.print();\" title=\"Imprimer la page\" target=\"_blank\" rel=\"noopener\"><\/p>\n<p>        <img loading=\"lazy\" decoding=\"async\" width=\"16\" height=\"18\" src=\"https:\/\/www.europesays.com\/fr\/wp-content\/uploads\/2025\/04\/share-icon.png\" alt=\"Partager\"\/><\/p>\n<p>\n                                    Cassandra Vinograd, Oleksandr Chubko et Maria Varenikova<\/p>\n<p>                                                    The New York Times<\/p>\n<p class=\"paragraph textModule textModule--type-paragraph \" style=\"\">La r\u00e9alit\u00e9 \u00e9tait plus floue. Selon les cartes du champ de bataille et l\u2019arm\u00e9e ukrainienne, certaines parties de la ville \u00e9taient encore disput\u00e9es. Mais l\u2019affirmation de M.\u00a0Poutine refl\u00e9tait une tendance qui caract\u00e9rise son approche inflexible des n\u00e9gociations\u00a0: les forces russes sont en marche.<\/p>\n<p class=\"paragraph textModule textModule--type-paragraph \" style=\"\">\u00ab\u00a0Les Russes ont effectivement l\u2019avantage\u00a0\u00bb, estime Emil Kastehelmi, analyste militaire du Black Bird Group, \u00e9tabli en Finlande. L\u2019Ukraine n\u2019est pas encore au point o\u00f9 elle doit capituler, a-t-il ajout\u00e9, mais elle \u00ab\u00a0semble suffisamment affaiblie pour que les Russes pensent pouvoir imposer leurs exigences\u00a0\u00bb.<\/p>\n<p class=\"paragraph textModule textModule--type-paragraph \" style=\"\">Apr\u00e8s ses discussions avec les responsables am\u00e9ricains, M.\u00a0Poutine a fait savoir qu\u2019il ne c\u00e9derait pas sur ses exigences intransigeantes. L\u2019envoy\u00e9 sp\u00e9cial de Donald Trump, Steve Witkoff, a depuis tenu une s\u00e9rie de discussions \u00e0 Miami avec la d\u00e9l\u00e9gation ukrainienne, que les deux parties ont qualifi\u00e9es de \u00ab\u00a0constructives\u00a0\u00bb.<\/p>\n<p>                                        <img decoding=\"async\" src=\"https:\/\/www.europesays.com\/fr\/wp-content\/uploads\/2025\/12\/5c4cac3232953c12bd6137bb9b94f76c.jpg\" alt=\"\" class=\"photoModule__visual\" itemprop=\"contentUrl url\"\/><\/p>\n<p class=\"credit photoModule__caption photoModule__caption--credit\" style=\"\">\n                    PHOTO ROMAN BALUK, REUTERS\n                <\/p>\n<p class=\"description photoModule__caption photoModule__caption--description\" style=\"\">\n                    Des r\u00e9sidants de Lviv se r\u00e9fugient dans un stationnement souterrain lors d\u2019une s\u00e9rie de\u00a0frappes de\u00a0l\u2019arm\u00e9e russe.\n                <\/p>\n<p class=\"paragraph textModule textModule--type-paragraph \" style=\"\">Alors que ces d\u00e9clarations \u00e9taient rendues publiques, la Russie a lanc\u00e9 plus de 650\u00a0drones et 51\u00a0missiles \u00e0 travers l\u2019Ukraine dans une attaque qui a commenc\u00e9 dans la nuit de vendredi \u00e0 samedi et s\u2019est poursuivie jusqu\u2019\u00e0 samedi matin, selon des responsables ukrainiens.<\/p>\n<p>                    Des avanc\u00e9es<\/p>\n<p class=\"paragraph textModule textModule--type-paragraph \" style=\"\">Ces derni\u00e8res semaines, les forces russes ont progress\u00e9 sur plusieurs fronts. Elles sont sur le point de s\u2019emparer de Pokrovsk, un ancien centre logistique dans la r\u00e9gion orientale de Donetsk, et ont presque encercl\u00e9 la ville voisine, Myrnohrad. Ils avancent plus rapidement dans la r\u00e9gion m\u00e9ridionale de Zaporijjia. Ils se rapprochent de la ville de Koupiansk, dans le Nord-Est, et gagnent du terrain autour de la ville de Siversk, \u00e0 l\u2019est, selon les cartes du champ de bataille, les analystes et les soldats.<\/p>\n<p class=\"epigraph textModule textModule--type-epigraph \" style=\"\">Les avanc\u00e9es ont \u00e9t\u00e9 lentes et co\u00fbteuses, en vies humaines et en \u00e9quipement. Mais le rythme de la Russie s\u2019acc\u00e9l\u00e8re et les petites avanc\u00e9es commencent \u00e0 s\u2019accumuler. <\/p>\n<p class=\"paragraph textModule textModule--type-paragraph \" style=\"\">Les forces de Moscou ont conquis 505\u00a0kilom\u00e8tres carr\u00e9s de territoire en novembre, contre 267\u00a0kilom\u00e8tres carr\u00e9s en octobre, selon la carte du champ de bataille tenue par DeepState, un groupe ukrainien li\u00e9 \u00e0 l\u2019arm\u00e9e.<\/p>\n<p class=\"paragraph textModule textModule--type-paragraph \" style=\"\">\u00ab\u00a0L\u2019avenir s\u2019annonce vraiment tr\u00e8s sombre pour l\u2019Ukraine\u00a0\u00bb, anticipe M.\u00a0Kastehelmi.<\/p>\n<p class=\"paragraph textModule textModule--type-paragraph \" style=\"\">Lundi, le pr\u00e9sident ukrainien, Volodymyr Zelensky, devrait rencontrer \u00e0 Londres le premier ministre britannique, Keir Starmer, le pr\u00e9sident fran\u00e7ais, Emmanuel Macron, et le chancelier allemand, Friedrich Merz, \u00ab\u00a0afin de faire le point sur la situation et les n\u00e9gociations en cours dans le cadre de la m\u00e9diation am\u00e9ricaine\u00a0\u00bb, a \u00e9crit M.\u00a0Macron sur les r\u00e9seaux sociaux.<\/p>\n<p class=\"infraNote textModule textModule--type-infraNote \" style=\"\">Cet article a \u00e9t\u00e9 publi\u00e9 dans le New\u00a0York Times.<\/p>\n<p><a class=\"linkModule INT\" href=\"https:\/\/www.nytimes.com\/2025\/12\/06\/world\/europe\/ukraine-pokrovsk-battlefield-russia.html\" target=\"_blank\" style=\"&#010;                \" rel=\"noopener\"><\/p>\n<p>        Lisez la version originale (en anglais\u00a0; abonnement requis)<\/p>\n<p><\/a><\/p>\n","protected":false},"excerpt":{"rendered":"Il s\u2019agissait indubitablement d\u2019une fa\u00e7on d\u2019affirmer la puissance russe. Quelques heures avant de rencontrer des responsables am\u00e9ricains \u00e0&hellip;\n","protected":false},"author":2,"featured_media":583966,"comment_status":"","ping_status":"","sticky":false,"template":"","format":"standard","meta":{"footnotes":""},"categories":[1590],"tags":[11,1777,674,12,220],"class_list":{"0":"post-583965","1":"post","2":"type-post","3":"status-publish","4":"format-standard","5":"has-post-thumbnail","7":"category-ukraine","8":"tag-actualites","9":"tag-eu","10":"tag-europe","11":"tag-news","12":"tag-ukraine"},"share_on_mastodon":{"url":"https:\/\/pubeurope.com\/@fr\/115677719197674616","error":""},"_links":{"self":[{"href":"https:\/\/www.europesays.com\/fr\/wp-json\/wp\/v2\/posts\/583965","targetHints":{"allow":["GET"]}}],"collection":[{"href":"https:\/\/www.europesays.com\/fr\/wp-json\/wp\/v2\/posts"}],"about":[{"href":"https:\/\/www.europesays.com\/fr\/wp-json\/wp\/v2\/types\/post"}],"author":[{"embeddable":true,"href":"https:\/\/www.europesays.com\/fr\/wp-json\/wp\/v2\/users\/2"}],"replies":[{"embeddable":true,"href":"https:\/\/www.europesays.com\/fr\/wp-json\/wp\/v2\/comments?post=583965"}],"version-history":[{"count":0,"href":"https:\/\/www.europesays.com\/fr\/wp-json\/wp\/v2\/posts\/583965\/revisions"}],"wp:featuredmedia":[{"embeddable":true,"href":"https:\/\/www.europesays.com\/fr\/wp-json\/wp\/v2\/media\/583966"}],"wp:attachment":[{"href":"https:\/\/www.europesays.com\/fr\/wp-json\/wp\/v2\/media?parent=583965"}],"wp:term":[{"taxonomy":"category","embeddable":true,"href":"https:\/\/www.europesays.com\/fr\/wp-json\/wp\/v2\/categories?post=583965"},{"taxonomy":"post_tag","embeddable":true,"href":"https:\/\/www.europesays.com\/fr\/wp-json\/wp\/v2\/tags?post=583965"}],"curies":[{"name":"wp","href":"https:\/\/api.w.org\/{rel}","templated":true}]}}