{"id":583971,"date":"2025-12-07T10:06:19","date_gmt":"2025-12-07T10:06:19","guid":{"rendered":"https:\/\/www.europesays.com\/fr\/583971\/"},"modified":"2025-12-07T10:06:19","modified_gmt":"2025-12-07T10:06:19","slug":"a-jerusalem-merz-reaffirme-le-soutien-de-lallemagne-a-israel-avant-une-rencontre-avec-netanyahu-actualites","status":"publish","type":"post","link":"https:\/\/www.europesays.com\/fr\/583971\/","title":{"rendered":"A J\u00e9rusalem, Merz r\u00e9affirme le soutien de l&rsquo;Allemagne \u00e0 Isra\u00ebl avant une rencontre avec Netanyahu : Actualit\u00e9s"},"content":{"rendered":"<p class=\"lead \">Le chancelier allemand, Friedrich Merz, a r\u00e9affirm\u00e9 le soutien de l&rsquo;Allemagne \u00e0 Isra\u00ebl dimanche, lors d&rsquo;une visite au m\u00e9morial de la Shoah, Yad Vashem, \u00e0 J\u00e9rusalem, avant d&rsquo;entamer une rencontre avec son homologue, Benjamin Netanyahu. <\/p>\n<p class=\"lead \">M. Merz est arriv\u00e9 samedi pour une visite diplomatique en Isra\u00ebl, la premi\u00e8re  depuis sa prise de fonctions, destin\u00e9e \u00e0 consolider la relation privil\u00e9gi\u00e9e entre les deux pays, apr\u00e8s des frictions au vu de la guerre men\u00e9e dans la bande de Gaza et des violences de colons juifs extr\u00e9mistes en Cisjordanie occup\u00e9e.<\/p>\n<p class=\"lead \">\u00ab\u00a0L&rsquo;Allemagne doit d\u00e9fendre l\u2019existence et la s\u00e9curit\u00e9 d&rsquo;Isra\u00ebl. Cela restera \u00e0 jamais profond\u00e9ment inscrit dans le lien qui nous unit\u00a0\u00bb, a d\u00e9clar\u00e9 le chancelier au m\u00e9morial Yad Vashem, mettant en avant \u00ab\u00a0la responsabilit\u00e9 historique durable\u00a0\u00bb de son pays dans l&rsquo;extermination de six millions de juifs pendant la Seconde Guerre mondiale.<\/p>\n<p class=\"lead \">Il a ensuite \u00e9t\u00e9 entam\u00e9 un entretien avec M. Netanyahu, de plus en plus isol\u00e9 sur le plan international. <\/p>\n<p class=\"lead \">L&rsquo;entretien doit porter sur les efforts en vue de passer \u00e0 une deuxi\u00e8me phase du cessez-le-feu \u00e0 Gaza, dans le cadre du plan du pr\u00e9sident am\u00e9ricain Donald Trump cens\u00e9 mettre un point final \u00e0 la guerre d\u00e9clench\u00e9e le 7 octobre 2023 par l&rsquo;attaque sans pr\u00e9c\u00e9dent du mouvement islamiste palestinien en Isra\u00ebl.<\/p>\n<p class=\"lead \">Accueilli samedi \u00e0 l\u2019a\u00e9roport Ben Gourion de Tel-Aviv par le ministre isra\u00e9lien des Affaires \u00e9trang\u00e8res, Gideon Saar, qui l&rsquo;a qualifi\u00e9 d'\u00a0\u00bbami d\u2019Isra\u00ebl\u202f\u00a0\u00bb, M. Merz a ensuite rencontr\u00e9 dans la soir\u00e9e le pr\u00e9sident isra\u00e9lien, Isaac Herzog, \u00e0 J\u00e9rusalem. <\/p>\n<p class=\"lead \">\u00ab\u00a0Se tenir au c\u00f4t\u00e9 de ce pays fait partie du noyau essentiel, immuable de la politique de la R\u00e9publique f\u00e9d\u00e9rale d&rsquo;Allemagne et le restera\u00a0\u00bb, a-t-il d\u00e9clar\u00e9 \u00e0 l&rsquo;issue de cette rencontre, alors que sa d\u00e9cision prise en ao\u00fbt de d\u00e9cr\u00e9ter un embargo partiel sur les exportations d&rsquo;armes de son pays vers Isra\u00ebl face \u00e0 l&rsquo;intensification des bombardements sur Gaza avait fortement d\u00e9plu aux autorit\u00e9s isra\u00e9liennes. <\/p>\n<p class=\"lead \">\u00ab\u00a0Les actions de l&rsquo;arm\u00e9e isra\u00e9lienne \u00e0 Gaza nous ont pos\u00e9 quelques dilemmes  nous y avons r\u00e9agi\u00a0\u00bb, mais \u00ab\u00a0nous avons \u00e9galement constat\u00e9 qu&rsquo;\u00e0 ce jour, il n&rsquo;y a fondamentalement aucune divergence [entre nous]\u00a0\u00bb, a ajout\u00e9 M. Merz, qui a lev\u00e9 cet embargo fin novembre \u00e0 la faveur du fragile cessez-le-feu en vigueur \u00e0 Gaza depuis le 10 octobre. <\/p>\n<p class=\"lead \">\u00ab\u00a0Isra\u00ebl a le droit de se d\u00e9fendre car c&rsquo;est la seule fa\u00e7on de garantir son droit \u00e0 exister\u00a0\u00bb, a-t-il encore d\u00e9clar\u00e9.<\/p>\n<p class=\"lead \">&#8211; Appel \u00e0 Mahmoud Abbas &#8211; <\/p>\n<p class=\"lead \">Avant son d\u00e9part, M. Merz avait appel\u00e9 au t\u00e9l\u00e9phone le pr\u00e9sident palestinien Mahmoud Abbas pour l&rsquo;exhorter \u00e0 mettre en oeuvre des \u00ab\u00a0r\u00e9formes urgemment n\u00e9cessaires\u00a0\u00bb pour pouvoir \u00ab\u00a0jouer un r\u00f4le constructif\u00a0\u00bb dans l&rsquo;apr\u00e8s-guerre \u00e0 Gaza. <\/p>\n<p class=\"lead \">Selon le porte-parole du gouvernement allemand, il a aussi salu\u00e9 \u00ab\u00a0l&rsquo;attitude coop\u00e9rative\u00a0\u00bb de l&rsquo;Autorit\u00e9 palestinienne envers le plan Trump, et r\u00e9it\u00e9r\u00e9 le soutien de Berlin \u00e0 une solution \u00e0 deux Etats, Isra\u00ebl et la Palestine, qui est rejet\u00e9e par le gouvernement Netanyahu. <\/p>\n<p class=\"lead \">Lors d&rsquo;une br\u00e8ve escale samedi \u00e0 Aqaba, dans le sud de la Jordanie, o\u00f9 il a rencontr\u00e9 le roi Abdallah, II, M. Merz a appel\u00e9 \u00e0 ce que plus d&rsquo;aide humanitaire soit achemin\u00e9e \u00e0 Gaza et \u00e0 ce que les combattants du Hamas d\u00e9posent les armes.<\/p>\n<p class=\"lead \">Selon un communiqu\u00e9 du palais royal, le roi Abdallah a lui plaid\u00e9 pour la mise en oeuvre de \u00ab\u00a0toutes les \u00e9tapes de l&rsquo;accord pour mettre fin \u00e0 la guerre et fournir une aide humanitaire\u00a0\u00bb \u00e0 travers toute la bande de Gaza. Il a aussi mis en garde contre \u00ab\u00a0l&rsquo;escalade (des violences) isra\u00e9liennes en Cisjordanie\u00a0\u00bb.<\/p>\n<p class=\"lead \">&#8211; \u00ab\u00a0Grandes attentes\u00a0\u00bb &#8211;<\/p>\n<p class=\"lead \">Le cessez-le-feu entre Isra\u00ebl et le Hamas reste tr\u00e8s fragile, les deux camps s&rsquo;accusant de fa\u00e7on quasi-quotidienne de le violer, alors que la deuxi\u00e8me \u00e9tape du plan Trump, qui pr\u00e9voit notamment le d\u00e9sarmement du Hamas, le d\u00e9ploiement d&rsquo;une force internationale dans le territoire palestinien et le retrait de l&rsquo;arm\u00e9e isra\u00e9lienne n&rsquo;a toujours pas \u00e9t\u00e9 enclench\u00e9e. <\/p>\n<p class=\"lead \">Apr\u00e8s sa victoire aux l\u00e9gislatives, fin f\u00e9vrier, Friedrich Merz avait assur\u00e9 que Benjamin Netanyahu pourrait venir en Allemagne malgr\u00e9 le mandat d&rsquo;arr\u00eat \u00e9mis \u00e0 son encontre par la Cour p\u00e9nale internationale (CPI) pour crimes de guerres et contre l&rsquo;humanit\u00e9 dans la bande de Gaza. <\/p>\n<p class=\"lead \">Mais ce n&rsquo;est \u00ab\u00a0pas un sujet pour le moment\u00a0\u00bb, a r\u00e9cemment soulign\u00e9 la chancellerie.<\/p>\n<p class=\"lead \">D\u00e9sormais, M. Netanyahu a de \u00ab\u00a0grandes attentes\u00a0\u00bb et esp\u00e8re un \u00ab\u00a0signal de soutien continu\u00a0\u00bb de Berlin, a dit \u00e0 l&rsquo;AFP Michael Rimmel, le directeur \u00e0 J\u00e9rusalem de la Fondation Konrad-Adenauer, \u00e9troitement affili\u00e9e aux chr\u00e9tiens-d\u00e9mocrates (CDU) de M. Merz.<\/p>\n<p class=\"small font-weight-bold text-gray3 \"> publi\u00e9 le 7 d\u00e9cembre \u00e0 10h58, AFP<\/p>\n<p>                             Partager<\/p>\n","protected":false},"excerpt":{"rendered":"Le chancelier allemand, Friedrich Merz, a r\u00e9affirm\u00e9 le soutien de l&rsquo;Allemagne \u00e0 Isra\u00ebl dimanche, lors d&rsquo;une visite au&hellip;\n","protected":false},"author":2,"featured_media":583972,"comment_status":"","ping_status":"","sticky":false,"template":"","format":"standard","meta":{"footnotes":""},"categories":[1587],"tags":[11,672,1804,2120,1805,1803,312,1777,674,1801,3819,12,7621,1802],"class_list":{"0":"post-583971","1":"post","2":"type-post","3":"status-publish","4":"format-standard","5":"has-post-thumbnail","7":"category-allemagne","8":"tag-actualites","9":"tag-allemagne","10":"tag-bundesrepublik-deutschland","11":"tag-conflit","12":"tag-de","13":"tag-deutschland","14":"tag-diplomatie","15":"tag-eu","16":"tag-europe","17":"tag-germany","18":"tag-isral","19":"tag-news","20":"tag-palestiniens","21":"tag-republique-federale-dallemagne"},"share_on_mastodon":{"url":"https:\/\/pubeurope.com\/@fr\/115677730198420598","error":""},"_links":{"self":[{"href":"https:\/\/www.europesays.com\/fr\/wp-json\/wp\/v2\/posts\/583971","targetHints":{"allow":["GET"]}}],"collection":[{"href":"https:\/\/www.europesays.com\/fr\/wp-json\/wp\/v2\/posts"}],"about":[{"href":"https:\/\/www.europesays.com\/fr\/wp-json\/wp\/v2\/types\/post"}],"author":[{"embeddable":true,"href":"https:\/\/www.europesays.com\/fr\/wp-json\/wp\/v2\/users\/2"}],"replies":[{"embeddable":true,"href":"https:\/\/www.europesays.com\/fr\/wp-json\/wp\/v2\/comments?post=583971"}],"version-history":[{"count":0,"href":"https:\/\/www.europesays.com\/fr\/wp-json\/wp\/v2\/posts\/583971\/revisions"}],"wp:featuredmedia":[{"embeddable":true,"href":"https:\/\/www.europesays.com\/fr\/wp-json\/wp\/v2\/media\/583972"}],"wp:attachment":[{"href":"https:\/\/www.europesays.com\/fr\/wp-json\/wp\/v2\/media?parent=583971"}],"wp:term":[{"taxonomy":"category","embeddable":true,"href":"https:\/\/www.europesays.com\/fr\/wp-json\/wp\/v2\/categories?post=583971"},{"taxonomy":"post_tag","embeddable":true,"href":"https:\/\/www.europesays.com\/fr\/wp-json\/wp\/v2\/tags?post=583971"}],"curies":[{"name":"wp","href":"https:\/\/api.w.org\/{rel}","templated":true}]}}