{"id":583973,"date":"2025-12-07T10:07:25","date_gmt":"2025-12-07T10:07:25","guid":{"rendered":"https:\/\/www.europesays.com\/fr\/583973\/"},"modified":"2025-12-07T10:07:25","modified_gmt":"2025-12-07T10:07:25","slug":"leurope-le-sacrifice-automobile-sur-lautel-de-lideologie","status":"publish","type":"post","link":"https:\/\/www.europesays.com\/fr\/583973\/","title":{"rendered":"\u00ab\u00a0L\u2019Europe, le sacrifice automobile sur l\u2019autel de l\u2019id\u00e9ologie\u00a0\u00bb"},"content":{"rendered":"<p class=\"fs-5 \">L\u2019Europe s\u2019enfonce dans une contradiction suicidaire. Alors que le monde red\u00e9finit l\u2019\u00e9quilibre entre \u00e9cologie et industrie, notre continent persiste \u00e0 s\u2019imposer des carcans r\u00e9glementaires d\u00e9connect\u00e9s du r\u00e9el. L\u2019Union europ\u00e9enne, en maintenant dogmatiquement l\u2019interdiction des moteurs thermiques \u00e0 l\u2019horizon 2035, choisit la posture plut\u00f4t que la strat\u00e9gie. Ce choix, \u00e9rig\u00e9 en geste symbolique d\u2019une vertu \u00e9cologique absolue, risque de transformer une ambition l\u00e9gitime en d\u00e9sastre industriel et social majeur.<\/p>\n<p>C\u2019est toute une fili\u00e8re, v\u00e9ritable colonne vert\u00e9brale de l\u2019\u00e9conomie europ\u00e9enne, qui vacille. De l\u2019Allemagne \u00e0 la France, de l\u2019Italie \u00e0 la Slovaquie, l\u2019automobile a structur\u00e9 des bassins d\u2019emplois, irrigu\u00e9 des territoires, fa\u00e7onn\u00e9 notre puissance exportatrice. D\u00e9j\u00e0, les signaux d\u2019alerte se multiplient\u00a0: fermetures d\u2019usines, plans sociaux, perte de comp\u00e9titivit\u00e9, explosion des co\u00fbts de transition. Depuis 2019, trois millions de v\u00e9hicules de moins ont \u00e9t\u00e9 vendus en Europe. Pendant que les constructeurs chinois, largement subventionn\u00e9s par P\u00e9kin, inondent nos march\u00e9s avec des mod\u00e8les \u00e9lectriques bon march\u00e9, Bruxelles semble s\u2019enfermer dans un d\u00e9ni pr\u00e9occupant.<\/p>\n<p>Ce qui s\u2019impose \u00e0 nous, ce n\u2019est pas une pause dans l\u2019ambition climatique, mais une r\u00e9vision lucide de la m\u00e9thode. L\u2019Europe, au lieu de d\u00e9fendre son tissu productif, choisit de s\u2019auto-sanctionner. Sous couvert de vertu, elle impose \u00e0 ses propres industriels des normes plus s\u00e9v\u00e8res que celles de tout autre continent. Pire encore, elle organise la fuite de ses ressources\u00a0: pour \u00e9viter des p\u00e9nalit\u00e9s exorbitantes, les constructeurs europ\u00e9ens rach\u00e8tent des cr\u00e9dits CO2\u2082\u00e0 des concurrents \u00e9trangers, principalement am\u00e9ricains et chinois. Tesla, grand gagnant de ce m\u00e9canisme, a engrang\u00e9 pr\u00e8s de 9 milliards de dollars depuis 2009 gr\u00e2ce \u00e0 ce syst\u00e8me. Autrement dit, chaque euro d\u00e9pens\u00e9 par nos entreprises devient un instrument de financement de la domination technologique et industrielle de nos rivaux.<\/p>\n<blockquote class=\"p-4\">\n<p class=\"border-start border-4 border-primary f-serif fs-5 text-primary fw-semibold ps-5 mb-0\">\n            \u00ab\u00a0Cette fuite en avant technocratique traduit une id\u00e9ologie de l\u2019interdiction plut\u00f4t qu\u2019une politique de la transformation\u00a0\u00bb\n        <\/p>\n<\/blockquote>\n<p class=\"fs-5 \">Cette fuite en avant technocratique traduit une id\u00e9ologie de l\u2019interdiction plut\u00f4t qu\u2019une politique de la transformation. Les classes moyennes, d\u00e9j\u00e0 \u00e9trangl\u00e9es par le co\u00fbt de la vie, se retrouvent somm\u00e9es d\u2019adopter une mobilit\u00e9 \u00e9lectrique aux prix et contraintes inaccessibles. Les entreprises, de leur c\u00f4t\u00e9, peinent \u00e0 absorber le choc \u00e9conomique et logistique d\u2019une mutation acc\u00e9l\u00e9r\u00e9e sans soutien suffisant. R\u00e9sultat\u00a0: la d\u00e9sindustrialisation s\u2019acc\u00e9l\u00e8re, les d\u00e9localisations reprennent, et le foss\u00e9 entre le discours vertueux et la r\u00e9alit\u00e9 s\u2019\u00e9largit.<\/p>\n<p>D\u2019autres voies, pragmatiques et ambitieuses, existent. L\u2019Allemagne et l\u2019Italie, moins enclines au dogmatisme, l\u2019ont compris\u00a0: il ne s\u2019agit pas d\u2019opposer les motorisations, mais de diversifier les solutions. Les hybrides, les biocarburants, les e-fuels et les motorisations all\u00e9g\u00e9es repr\u00e9sentent autant de passerelles possibles entre pr\u00e9sent et futur. Ces technologies peuvent r\u00e9duire drastiquement les \u00e9missions sans an\u00e9antir des d\u00e9cennies de savoir-faire, sans sacrifier des centaines de milliers d\u2019emplois sur l\u2019autel d\u2019une puret\u00e9 id\u00e9ologique.<\/p>\n<p>Il est temps d\u2019orienter la transition vers une \u00e9cologie de la raison. Une \u00e9cologie qui stimule plut\u00f4t qu\u2019elle ne punit. Une \u00e9cologie qui mise sur l\u2019innovation, la circularit\u00e9, la sobri\u00e9t\u00e9 et la souverainet\u00e9. Cela passe par une r\u00e9forme profonde du syst\u00e8me de cr\u00e9dits carbone. Ces milliards qui filent vers l\u2019\u00e9tranger doivent \u00eatre r\u00e9investis dans nos laboratoires, nos start-ups, nos infrastructures et notre formation technique. Il faut cesser de financer notre d\u00e9pendance pour reconstruire notre autonomie.<\/p>\n<p>La transition \u00e9nerg\u00e9tique ne peut \u00eatre durable que si elle est \u00e9conomiquement viable et socialement acceptable. Il ne s\u2019agit plus de choisir entre la plan\u00e8te et l\u2019emploi, mais de relier l\u2019un \u00e0 l\u2019autre. En marginalisant son industrie automobile, l\u2019Europe ne prend pas de l\u2019avance \u00e9cologique\u00a0: elle s\u2019affaiblit politiquement et \u00e9conomiquement. Le monde ne nous attendra pas. La Chine, les \u00c9tats-Unis et l\u2019Inde d\u00e9veloppent des strat\u00e9gies industrielles massives, m\u00ealant incitations, planification et protection de leurs march\u00e9s. Pendant ce temps, nous d\u00e9battons encore du nombre de d\u00e9cimales dans nos objectifs de r\u00e9duction d\u2019\u00e9missions.<\/p>\n<p>Ce qui manque \u00e0 l\u2019Europe, ce n\u2019est pas la volont\u00e9, mais le courage d\u2019ajuster son cap. Elle doit reconna\u00eetre que la neutralit\u00e9 carbone ne se d\u00e9cr\u00e8te pas depuis les couloirs bruxellois, mais se construit sur le terrain, au contact des ing\u00e9nieurs, des ouvriers, des chercheurs et des entrepreneurs qui font la richesse r\u00e9elle du continent. La v\u00e9ritable \u00e9cologie, celle qui durera, sera celle du progr\u00e8s partag\u00e9, pas celle du renoncement.<\/p>\n<p>Retrouver le sens du possible, c\u2019est refuser la culpabilit\u00e9 comme boussole et faire de la transition une aventure collective, non une punition impos\u00e9e. C\u2019est en r\u00e9conciliant \u00e9cologie, souverainet\u00e9 et industrie que l\u2019Europe retrouvera son r\u00f4le\u00a0: non pas celui d\u2019une caserne normative, mais celui d\u2019un phare d\u2019innovation et de raison dans un monde en mutation.<\/p>\n<p>        <img decoding=\"async\" src=\"https:\/\/www.europesays.com\/fr\/wp-content\/uploads\/2025\/12\/ARTBLOCKVIEW-10659518-1128-752-9bc88bf_upload-1-z28trdrvjvcj-tribune-auto-pradal.jpg\" class=\"figure-img img-fluid rounded\" alt=\"A generic square placeholder image with rounded corners in a figure.\"\/><\/p>\n<p>Deligne<\/p>\n","protected":false},"excerpt":{"rendered":"L\u2019Europe s\u2019enfonce dans une contradiction suicidaire. Alors que le monde red\u00e9finit l\u2019\u00e9quilibre entre \u00e9cologie et industrie, notre continent&hellip;\n","protected":false},"author":2,"featured_media":583974,"comment_status":"","ping_status":"","sticky":false,"template":"","format":"standard","meta":{"footnotes":""},"categories":[1586],"tags":[11,1777,674,1011,27,12,25],"class_list":{"0":"post-583973","1":"post","2":"type-post","3":"status-publish","4":"format-standard","5":"has-post-thumbnail","7":"category-europe","8":"tag-actualites","9":"tag-eu","10":"tag-europe","11":"tag-fr","12":"tag-france","13":"tag-news","14":"tag-republique-francaise"},"share_on_mastodon":{"url":"https:\/\/pubeurope.com\/@fr\/115677735011220148","error":""},"_links":{"self":[{"href":"https:\/\/www.europesays.com\/fr\/wp-json\/wp\/v2\/posts\/583973","targetHints":{"allow":["GET"]}}],"collection":[{"href":"https:\/\/www.europesays.com\/fr\/wp-json\/wp\/v2\/posts"}],"about":[{"href":"https:\/\/www.europesays.com\/fr\/wp-json\/wp\/v2\/types\/post"}],"author":[{"embeddable":true,"href":"https:\/\/www.europesays.com\/fr\/wp-json\/wp\/v2\/users\/2"}],"replies":[{"embeddable":true,"href":"https:\/\/www.europesays.com\/fr\/wp-json\/wp\/v2\/comments?post=583973"}],"version-history":[{"count":0,"href":"https:\/\/www.europesays.com\/fr\/wp-json\/wp\/v2\/posts\/583973\/revisions"}],"wp:featuredmedia":[{"embeddable":true,"href":"https:\/\/www.europesays.com\/fr\/wp-json\/wp\/v2\/media\/583974"}],"wp:attachment":[{"href":"https:\/\/www.europesays.com\/fr\/wp-json\/wp\/v2\/media?parent=583973"}],"wp:term":[{"taxonomy":"category","embeddable":true,"href":"https:\/\/www.europesays.com\/fr\/wp-json\/wp\/v2\/categories?post=583973"},{"taxonomy":"post_tag","embeddable":true,"href":"https:\/\/www.europesays.com\/fr\/wp-json\/wp\/v2\/tags?post=583973"}],"curies":[{"name":"wp","href":"https:\/\/api.w.org\/{rel}","templated":true}]}}