{"id":583975,"date":"2025-12-07T10:08:12","date_gmt":"2025-12-07T10:08:12","guid":{"rendered":"https:\/\/www.europesays.com\/fr\/583975\/"},"modified":"2025-12-07T10:08:12","modified_gmt":"2025-12-07T10:08:12","slug":"directive-ue-sur-les-voyages-a-forfait-francais-et-allemands-daccord-2","status":"publish","type":"post","link":"https:\/\/www.europesays.com\/fr\/583975\/","title":{"rendered":"Directive UE sur les voyages \u00e0 forfait: Fran\u00e7ais et Allemands d&rsquo;accord"},"content":{"rendered":"<p>Tout comme les Entreprises du Voyage en France, la F\u00e9d\u00e9ration allemande du tourisme (DRV) et l\u2019Association des agences de voyages ind\u00e9pendantes (VUSR) se d\u00e9clarent globalement satisfaites suite \u00e0 l\u2019accord sur la r\u00e9forme de la directive europ\u00e9enne relative aux voyages \u00e0 forfait.<\/p>\n<p>Les principales revendications du secteur ont \u00e9t\u00e9 prises en compte. La distinction claire entre les voyages \u00e0 forfait et les prestations individuelles est per\u00e7ue positivement<\/p>\n<p>Le Parlement europ\u00e9en et le Conseil de l\u2019UE ont adopt\u00e9 une directive europ\u00e9enne r\u00e9vis\u00e9e relative aux voyages \u00e0 forfait. Ces nouvelles r\u00e8gles visent \u00e0 clarifier la d\u00e9finition des voyages \u00e0 forfait. L\u2019accord a \u00e9t\u00e9 trouv\u00e9 mercredi 3 d\u00e9cembre lors des n\u00e9gociations en trilogue sur la directive europ\u00e9enne relative aux voyages \u00e0 forfait, entra\u00eenant plusieurs changements pour le secteur du tourisme.<\/p>\n<p>La F\u00e9d\u00e9ration allemande du tourisme s\u2019est f\u00e9licit\u00e9e de cette d\u00e9cision, soulignant que les principales revendications avaient \u00e9t\u00e9 prises en compte, permettant une distinction claire entre les voyages \u00e0 forfait et les prestations individuelles. La suppression des \u00ab voyages associ\u00e9s \u00bb constitue un point essentiel \u00e0 cet \u00e9gard.<\/p>\n<p>S\u00e9paration claire entre les voyages organis\u00e9s et les services individuels<\/p>\n<p>Pour la F\u00e9d\u00e9ration allemande du tourisme (DRV), l\u2019un des changements les plus importants r\u00e9side dans la distinction claire \u00e9tablie entre les voyages \u00e0 forfait et les prestations individuelles. <\/p>\n<p>Auparavant, la confusion \u00e9tait fr\u00e9quente lorsque plusieurs prestations de voyage \u00e9taient vendues comme \u00ab\u00a0combin\u00e9es\u00a0\u00bb alors qu\u2019elles ne constituaient pas un voyage \u00e0 forfait. D\u00e9sormais, les agences de voyages et les voyagistes sont tenus d\u2019indiquer clairement lorsqu\u2019un voyage n\u2019est pas un voyage \u00e0 forfait. <\/p>\n<p>Cette clarification est per\u00e7ue comme une avanc\u00e9e positive, car elle renforce la transparence du secteur pour les prestataires et \u00e9vite les malentendus chez les clients.<\/p>\n<p>L\u2019Union europ\u00e9enne des voyages (UEV) consid\u00e8re cet accord comme une confirmation de sa volont\u00e9 de renforcer le statut des voyages \u00e0 forfait en tant que produit haut de gamme clairement d\u00e9fini, tout en autorisant la vente de services individuels.<\/p>\n<p>La r\u00e9forme de la directive europ\u00e9enne sur les voyages \u00e0 forfait doit maintenant \u00eatre transpos\u00e9e en droit national<\/p>\n<p>Gr\u00e2ce \u00e0 cet accord, les \u00c9tats membres disposent d\u00e9sormais de 28 mois pour transposer la directive en droit national. VUSR et DRV entendent suivre de pr\u00e8s la suite du processus afin de garantir que la nouvelle r\u00e9glementation soit applicable et r\u00e9alisable pour le secteur.<\/p>\n<p>Les associations ont not\u00e9 avec satisfaction que de nombreuses questions, telles que la protection contre l\u2019insolvabilit\u00e9 et les paiements anticip\u00e9s, continueront d\u2019\u00eatre d\u00e9cid\u00e9es au niveau national. Cela permet d\u2019apporter des solutions adapt\u00e9es \u00e0 chaque pays.<\/p>\n<p>Et aussi sur MisterTravel:<\/p>\n<blockquote class=\"wp-embedded-content\" data-secret=\"wT6vS0LSba\">\n<p><a href=\"https:\/\/mistertravel.news\/2025\/09\/17\/nouvelle-directive-ue-sur-les-voyages-a-forfait-les-professionnels-inquiets\/\" target=\"_blank\" rel=\"noopener\">Nouvelle directive UE sur les voyages \u00e0 forfait: les professionnels inquiets<\/a><\/p>\n<\/blockquote>\n<blockquote class=\"wp-embedded-content\" data-secret=\"PrcUoYK47a\">\n<p><a href=\"https:\/\/mistertravel.news\/2025\/06\/27\/bientot-une-modification-de-la-directive-ue-sur-les-voyages-a-forfait\/\" target=\"_blank\" rel=\"noopener\">Bient\u00f4t une modification de la directive UE sur les voyages \u00e0 forfait?<\/a><\/p>\n<\/blockquote>\n","protected":false},"excerpt":{"rendered":"Tout comme les Entreprises du Voyage en France, la F\u00e9d\u00e9ration allemande du tourisme (DRV) et l\u2019Association des agences&hellip;\n","protected":false},"author":2,"featured_media":581896,"comment_status":"","ping_status":"","sticky":false,"template":"","format":"standard","meta":{"footnotes":""},"categories":[1586],"tags":[743,11,69576,1777,674,1779,1011,27,12,8552,25,1778,364],"class_list":{"0":"post-583975","1":"post","2":"type-post","3":"status-publish","4":"format-standard","5":"has-post-thumbnail","7":"category-europe","8":"tag-accord","9":"tag-actualites","10":"tag-directive-ue-sur-les-voyages-a-forfait","11":"tag-eu","12":"tag-europe","13":"tag-european-union","14":"tag-fr","15":"tag-france","16":"tag-news","17":"tag-parlement-europeen","18":"tag-republique-francaise","19":"tag-ue","20":"tag-union-europeenne"},"share_on_mastodon":{"url":"https:\/\/pubeurope.com\/@fr\/115677738191097637","error":""},"_links":{"self":[{"href":"https:\/\/www.europesays.com\/fr\/wp-json\/wp\/v2\/posts\/583975","targetHints":{"allow":["GET"]}}],"collection":[{"href":"https:\/\/www.europesays.com\/fr\/wp-json\/wp\/v2\/posts"}],"about":[{"href":"https:\/\/www.europesays.com\/fr\/wp-json\/wp\/v2\/types\/post"}],"author":[{"embeddable":true,"href":"https:\/\/www.europesays.com\/fr\/wp-json\/wp\/v2\/users\/2"}],"replies":[{"embeddable":true,"href":"https:\/\/www.europesays.com\/fr\/wp-json\/wp\/v2\/comments?post=583975"}],"version-history":[{"count":0,"href":"https:\/\/www.europesays.com\/fr\/wp-json\/wp\/v2\/posts\/583975\/revisions"}],"wp:featuredmedia":[{"embeddable":true,"href":"https:\/\/www.europesays.com\/fr\/wp-json\/wp\/v2\/media\/581896"}],"wp:attachment":[{"href":"https:\/\/www.europesays.com\/fr\/wp-json\/wp\/v2\/media?parent=583975"}],"wp:term":[{"taxonomy":"category","embeddable":true,"href":"https:\/\/www.europesays.com\/fr\/wp-json\/wp\/v2\/categories?post=583975"},{"taxonomy":"post_tag","embeddable":true,"href":"https:\/\/www.europesays.com\/fr\/wp-json\/wp\/v2\/tags?post=583975"}],"curies":[{"name":"wp","href":"https:\/\/api.w.org\/{rel}","templated":true}]}}