{"id":583991,"date":"2025-12-07T10:21:15","date_gmt":"2025-12-07T10:21:15","guid":{"rendered":"https:\/\/www.europesays.com\/fr\/583991\/"},"modified":"2025-12-07T10:21:15","modified_gmt":"2025-12-07T10:21:15","slug":"miss-france-2026-ces-avantages-quangelique-angarni-filopon-et-toutes-les-anciennes-reines-de-beaute-conservent-apres-avoir-rendu-leur-couronne","status":"publish","type":"post","link":"https:\/\/www.europesays.com\/fr\/583991\/","title":{"rendered":"Miss France 2026\u00a0: ces avantages qu\u2019Ang\u00e9lique Angarni Filopon et toutes les anciennes reines de beaut\u00e9 conservent apr\u00e8s avoir rendu leur couronne"},"content":{"rendered":"<p>Ang\u00e9lique Angarni-Filopon a remis\u00a0son \u00e9charpe de Miss France ce samedi 6\u00a0d\u00e9cembre sur TF1, apr\u00e8s un an de\u00a0sacre. Si les privil\u00e8ges li\u00e9s au titre sont bien connus, que restent-ils apr\u00e8s aux reines de beaut\u00e9\u00a0? On vous explique.<\/p>\n<p>Un an d\u2019avantages et de privil\u00e8ges, mais que reste-t-il apr\u00e8s\u00a0? Ce samedi soir sur TF1, <a href=\"https:\/\/www.midilibre.fr\/2025\/12\/05\/miss-france-2026-age-celibat-qui-peut-vraiment-participer-au-concours-desormais-on-fait-le-point-sur-le-reglement-13092526.php\" target=\"_blank\" rel=\"noopener\">Ang\u00e9lique Angarni-Filopon a\u00a0c\u00e9d\u00e9\u00a0l\u2019\u00e9charpe 2025<\/a>\u00a0au profit d\u2019une nouvelle candidate. Alors que nous avons d\u00e9j\u00e0 recens\u00e9 les nombreux avantages dont b\u00e9n\u00e9ficient\u00a0les Miss durant leur sacre, nous allons maintenant voir ce qui leur reste ensuite.<\/p>\n<p>Comme le rapporte <a href=\"https:\/\/www.gala.fr\/mode\/les_stars_et_la_mode\/miss-france-2026-que-devient-la-couronne-de-la-gagnante-a-la-fin-de-son-regne-534513\" target=\"_blank\" rel=\"noopener\">Gala<\/a>, aucune r\u00e8gle ne stipule qu\u2019Ang\u00e9lique Angarni-Filopon ne c\u00e8de son diad\u00e8me.\u00a0Un privil\u00e8ge qu\u2019a r\u00e9v\u00e9l\u00e9 \u00c8ve Gilles en octobre\u00a02024\u00a0lors de son passage\u00a0sur les ondes de RFM.<\/p>\n<p>\u00ab\u00a0Ah bah oui, on la garde\u00a0!\u00a0\u00bb, a-t-elle assur\u00e9. Avant de pr\u00e9ciser\u00a0: \u00ab\u00a0On garde notre \u00e9charpe et notre couronne puisque l\u2019on reste Miss France \u00e0 vie.\u00a0\u00bb\u00a0Donc, a priori, toutes les anciennes Miss sont cens\u00e9es \u00eatre encore en possession de leur couronne.<\/p>\n<p>Des al\u00e9as\u2026<\/p>\n<p><a href=\"https:\/\/www.midilibre.fr\/2025\/12\/04\/insolite-hinaupoko-celine-deveze-miss-tahiti-et-parmi-les-favorites-a-la-couronne-de-miss-france-2025-a-grandi-dans-le-gard-13090529.php\" target=\"_blank\" rel=\"noopener\">Il existe toutefois des exceptions comme\u00a0Flora Coquerel<\/a> qui avait confi\u00e9 l\u2019avoir cass\u00e9e, lors de l\u2019\u00e9lection de Miss France 2022, en d\u00e9cembre\u00a02021.<\/p>\n<p>Linda Hardy avait elle aussi avou\u00e9\u00a0qu\u2019elle ne rentrait plus dans sa couronne, re\u00e7ue 1992.\u00a0Qui aura l\u2019honneur de porter la couronne sign\u00e9e Mauboussin, rendez-vous \u00e0 21\u00a0h\u00a010.<\/p>\n<p>Si elles ne gardent pas les avantages mat\u00e9riels comme l\u2019appartement, le salaire, le chauffeur\u2026 reste grav\u00e9 \u00e0 jamais le titre de \u00ab\u00a0Miss France\u00a0\u00bb et elles restent li\u00e9es \u00e0 l\u2019image du concours.<\/p>\n","protected":false},"excerpt":{"rendered":"Ang\u00e9lique Angarni-Filopon a remis\u00a0son \u00e9charpe de Miss France ce samedi 6\u00a0d\u00e9cembre sur TF1, apr\u00e8s un an de\u00a0sacre. Si&hellip;\n","protected":false},"author":2,"featured_media":583992,"comment_status":"","ping_status":"","sticky":false,"template":"","format":"standard","meta":{"footnotes":""},"categories":[1359],"tags":[58,59,1011,27,3034,973,68925],"class_list":{"0":"post-583991","1":"post","2":"type-post","3":"status-publish","4":"format-standard","5":"has-post-thumbnail","7":"category-people","8":"tag-divertissement","9":"tag-entertainment","10":"tag-fr","11":"tag-france","12":"tag-miss-france","13":"tag-people","14":"tag-tu00e9lu00e9-mu00e9dias"},"share_on_mastodon":{"url":"https:\/\/pubeurope.com\/@fr\/115677789227970606","error":""},"_links":{"self":[{"href":"https:\/\/www.europesays.com\/fr\/wp-json\/wp\/v2\/posts\/583991","targetHints":{"allow":["GET"]}}],"collection":[{"href":"https:\/\/www.europesays.com\/fr\/wp-json\/wp\/v2\/posts"}],"about":[{"href":"https:\/\/www.europesays.com\/fr\/wp-json\/wp\/v2\/types\/post"}],"author":[{"embeddable":true,"href":"https:\/\/www.europesays.com\/fr\/wp-json\/wp\/v2\/users\/2"}],"replies":[{"embeddable":true,"href":"https:\/\/www.europesays.com\/fr\/wp-json\/wp\/v2\/comments?post=583991"}],"version-history":[{"count":0,"href":"https:\/\/www.europesays.com\/fr\/wp-json\/wp\/v2\/posts\/583991\/revisions"}],"wp:featuredmedia":[{"embeddable":true,"href":"https:\/\/www.europesays.com\/fr\/wp-json\/wp\/v2\/media\/583992"}],"wp:attachment":[{"href":"https:\/\/www.europesays.com\/fr\/wp-json\/wp\/v2\/media?parent=583991"}],"wp:term":[{"taxonomy":"category","embeddable":true,"href":"https:\/\/www.europesays.com\/fr\/wp-json\/wp\/v2\/categories?post=583991"},{"taxonomy":"post_tag","embeddable":true,"href":"https:\/\/www.europesays.com\/fr\/wp-json\/wp\/v2\/tags?post=583991"}],"curies":[{"name":"wp","href":"https:\/\/api.w.org\/{rel}","templated":true}]}}