{"id":583995,"date":"2025-12-07T10:24:21","date_gmt":"2025-12-07T10:24:21","guid":{"rendered":"https:\/\/www.europesays.com\/fr\/583995\/"},"modified":"2025-12-07T10:24:21","modified_gmt":"2025-12-07T10:24:21","slug":"notre-selection-du-dimanche-7-decembre","status":"publish","type":"post","link":"https:\/\/www.europesays.com\/fr\/583995\/","title":{"rendered":"notre s\u00e9lection du dimanche 7\u00a0d\u00e9cembre"},"content":{"rendered":"\n<p class=\"article__chapeau\">Plut\u00f4t film fran\u00e7ais fantastique ou polar comique am\u00e9ricain\u00a0? Sinon, optez pour un documentaire g\u00e9opolitique brillant.<\/p>\n<p class=\"author author--simple\">Par  <a class=\"author author--link\" href=\"https:\/\/www.telerama.fr\/recherche\/articles?q=Ad%C3%A8le+Buijtenhuijs\" target=\"_blank\" rel=\"noopener\"> Ad\u00e8le Buijtenhuijs <\/a>    <\/p>\n<p class=\"publication__date\">Publi\u00e9 le 07 d\u00e9cembre 2025 \u00e0 06h50<\/p>\n<p>   Partager   <\/p>\n<ul class=\"sharing-popin--results\">\n<li class=\"sharing-popin--item sharing-popin--item-container\"> Partage  <\/li>\n<li data-share=\"linkedin\" class=\"sharing-popin--item\">  LinkedIn <\/li>\n<li data-share=\"facebook\" class=\"sharing-popin--item\">  Facebook <\/li>\n<li data-share=\"mail\" data-social=\"mail\" class=\"sharing-popin--item\">  Envoyer par email <\/li>\n<li data-share=\"copy\" class=\"sharing-popin--item\">  Copier le lien <\/li>\n<\/ul>\n<p>        Favoris       <\/p>\n<p>                <a class=\"openapp__link\" data-event=\"click-open-app\" data-deep-link=\"tlrm:\/\/element?id=\/television\/ce-soir-a-la-tele-notre-selection-du-dimanche-7-decembre-7028650.php&amp;source=deeplink_site\">  Lire dans l&rsquo;application<br \/>\n  <\/a>                               <strong>Banquise\u00a0: \u201cGroenland\u00a0: annexe-moi si tu peux\u201d<\/strong>                              <a href=\"https:\/\/www.europesays.com\/fr\/wp-content\/uploads\/2025\/12\/fcb932b_upload-1-tkfjvziv2a0x-groenland2cannexe-moisitupeux5.jpg\" data-pswp-width=\"\" data-pswp-height=\"\" class=\"media__hd\" target=\"_blank\">      <img decoding=\"async\" loading=\"lazy\" src=\"https:\/\/www.europesays.com\/fr\/wp-content\/uploads\/2025\/12\/fcb932b_upload-1-tkfjvziv2a0x-groenland2cannexe-moisitupeux5.jpg\" class=\"media__picture js-media-zoom  media__size--large\" alt=\"Face \u00e0 cette situation, les Inuits s\u2019insurgent, cherchant \u00e0 reprendre leur destin en main. \" title=\"Maximal productions\"\/>      <\/p>\n<p class=\"media__legend\"> Face \u00e0 cette situation, les Inuits s\u2019insurgent, cherchant \u00e0 reprendre leur destin en main.   Maximal productions  <\/p>\n<p>     <\/a>                          <\/p>\n<p class=\"paragraph\">Mars\u00a02025. Donald Trump \u00e9voque devant le Congr\u00e8s la possibilit\u00e9 d\u2019une annexion du Groenland par les \u00c9tats-Unis. Ce documentaire captivant nous plonge dans ce territoire du Grand Nord, r\u00e9v\u00e9lant \u00e0 la fois ses ressources et la lutte continue de ses habitants, les Inuits, pour prot\u00e9ger leur terre.<\/p>\n<p>\u00c0 21h05\u00a0sur France 5. Documentaire r\u00e9alis\u00e9 par Walid Berrissoul (France, 2025). 1h10. In\u00e9dit.<\/p>\n<p class=\"edito__prefixe\">   Lire la critique   <\/p>\n<p class=\"edito__text-container\">       <a alt=\"Lire la critique\" href=\"https:\/\/www.telerama.fr\/television\/groenland-annexe-moi-si-tu-peux-le-cas-d-un-continent-vierge-qui-resiste-aux-convoitises_cri-7041805.php\" class=\"article__title--edito\" target=\"_blank\" rel=\"noopener\">\u201cGroenland\u00a0: Annexe-moi si tu peux\u201d, le cas d\u2019un continent vierge qui r\u00e9siste aux convoitises<\/a>  <\/p>\n<p>                                        <strong>P\u00e8re et fils\u00a0: \u201cLe R\u00e8gne animal\u201d<\/strong>                              <a href=\"https:\/\/www.europesays.com\/fr\/wp-content\/uploads\/2025\/12\/36e386d_upload-1-53vijfecbjy4-telerama-017124-009.jpg\" data-pswp-width=\"\" data-pswp-height=\"\" class=\"media__hd\" target=\"_blank\">      <img decoding=\"async\" loading=\"lazy\" src=\"https:\/\/www.europesays.com\/fr\/wp-content\/uploads\/2025\/12\/36e386d_upload-1-53vijfecbjy4-telerama-017124-009.jpg\" class=\"media__picture js-media-zoom  media__size--large\" alt=\" Romain Duris et Paul Kircher, magn\u00e9tiques en duo p\u00e8re-fils. \" title=\"Nord-Ouest Films\/StudioCanal\/Fr. 2 Cin\u00e9.\/Art\u00e9mis Prod.\"\/>      <\/p>\n<p class=\"media__legend\">  Romain Duris et Paul Kircher, magn\u00e9tiques en duo p\u00e8re-fils.   Nord-Ouest Films\/StudioCanal\/Fr. 2 Cin\u00e9.\/Art\u00e9mis Prod.  <\/p>\n<p>     <\/a>                          <\/p>\n<p class=\"paragraph\">Dans ce film \u00e0 la crois\u00e9e des genres (fantastique, \u00e9pouvante, anticipation), Thomas Cailley met en sc\u00e8ne, de fa\u00e7on bouleversante, l\u2019histoire d\u2019un p\u00e8re et son fils, \u00e9voluant au sein d\u2019un monde o\u00f9 les habitants se transforment peu \u00e0 peu en cr\u00e9atures, mi-hommes, mi-animaux.<\/p>\n<p>\u00c0 21h10\u00a0sur France 2. Film r\u00e9alis\u00e9 par Thomas Cailley (France\u00a0\/ Belgique, 2023). 2h05. Avec Romain Duris, Paul Kircher, Ad\u00e8le Exarchopoulos, Tom Mercier, Billie Blain. Rediffusion.<\/p>\n<p class=\"edito__prefixe\">   Lire la critique   <\/p>\n<p class=\"edito__text-container\">       <a alt=\"Lire la critique\" href=\"https:\/\/www.telerama.fr\/cinema\/romain-duris-magnetique-dans-le-regne-animal-captivant-conte-politique_cri-7028864.php\" class=\"article__title--edito\" target=\"_blank\" rel=\"noopener\">\u201cLe R\u00e8gne animal\u201d, de  Thomas Cailley\u00a0: un spectaculaire conte politique<\/a>  <\/p>\n<p>                                        <strong>Thomas cr\u00e2ne\u00a0: \u201cThomas Crown\u201d<\/strong>                              <a href=\"https:\/\/www.europesays.com\/fr\/wp-content\/uploads\/2025\/12\/074ad09_upload-1-8jafmzll6af9-5-thomascrown199902jpg.jpg\" data-pswp-width=\"\" data-pswp-height=\"\" class=\"media__hd\" target=\"_blank\">      <img decoding=\"async\" loading=\"lazy\" src=\"https:\/\/www.europesays.com\/fr\/wp-content\/uploads\/2025\/12\/074ad09_upload-1-8jafmzll6af9-5-thomascrown199902jpg.jpg\" class=\"media__picture js-media-zoom  media__size--large\" alt=\"Pierce Brosnan et Rene Russo ont le go\u00fbt du risque. &#10;\" title=\"United Artists \"\/>      <\/p>\n<p class=\"media__legend\"> Pierce Brosnan et Rene Russo ont le go\u00fbt du risque.<br \/>\n  United Artists   <\/p>\n<p>     <\/a>                          <\/p>\n<p class=\"paragraph\">Remake d\u2019un film culte sign\u00e9 Norman Jewison (1968), cette adaptation ne d\u00e9m\u00e9rite pas. Sur une bande son de Bill Conti, Pierce Brosnan joue, avec brio, les financiers et collectionneurs d\u2019art, par ailleurs grand amateur du risque. Voler un Monet dans le plus grand mus\u00e9e de New York\u2026 et pourquoi pas\u00a0?<\/p>\n<p>\u00c0 21h sur Arte. Film r\u00e9alis\u00e9 par John McTiernan (USA, 1999). 1h50. Avec Pierce Brosnan, Rene Russo, Ben Gazzara, Denis Leary, Frankie Faison. Rediffusion.<\/p>\n<p class=\"edito__prefixe\">   Lire la critique   <\/p>\n<p class=\"edito__text-container\">       <a alt=\"Lire la critique\" href=\"https:\/\/www.telerama.fr\/cinema\/thomas-crown-de-john-mctiernan-un-plaisir-coupable-choc-chic-et-toc_cri-7041837.php\" class=\"article__title--edito\" target=\"_blank\" rel=\"noopener\">\u201cThomas Crown\u201d, de John McTiernan\u00a0: un plaisir coupable choc, chic et toc<\/a>  <\/p>\n<p class=\"edito__prefixe\">   \u00c0 lire aussi :   <\/p>\n<p class=\"edito__text-container\">     <a alt=\"Lire aussi\" href=\"https:\/\/www.telerama.fr\/series-tv\/vingt-tres-bonnes-series-de-moins-de-six-heures-a-devorer-en-un-week-end-4908-7023352.php\" class=\"article__title--edito\" target=\"_blank\" rel=\"noopener\">Vingt (tr\u00e8s) bonnes\u00a0minis\u00e9ries \u00e0 engloutir en un week-end<\/a>  <\/p>\n<p class=\"edito__prefixe\">   \u00c0 lire aussi :   <\/p>\n<p class=\"edito__text-container\">   <a alt=\"Lire aussi\" href=\"https:\/\/www.telerama.fr\/television\/david-duchovny-en-cinq-roles-inoubliables-de-twin-peaks-a-malice-7028530.php\" class=\"article__title--edito\" target=\"_blank\" rel=\"noopener\">David Duchovny en cinq\u00a0r\u00f4les inoubliables, de \u201cTwin Peaks\u201d \u00e0 \u201cMalice\u201d<\/a>  <\/p>\n<p class=\"paragraph\"><strong>Et si vous ne trouvez pas votre bonheur\u2026 <\/strong>consultez\u00a0<a target=\"_blank\" href=\"https:\/\/television.telerama.fr\/\" rel=\"noopener\">le programme TV de ce soir<\/a>. Ou piochez dans notre\u00a0<a target=\"_blank\" href=\"https:\/\/www.telerama.fr\/plateformes\" rel=\"noopener\">guide des plateformes<\/a>\u00a0pour trouver une s\u00e9rie, un film ou un documentaire en moins de cinq minutes sur Arte.tv, Netflix, HBO Max, Apple\u00a0TV, Canal+, France.tv, Disney +\u2026<\/p>\n<p>        <img decoding=\"async\" class=\"snippet-generic__img\" src=\"https:\/\/www.europesays.com\/fr\/wp-content\/uploads\/2025\/04\/9969f08_sirius-fs-upload-1-qff12f27bjm0-1741867658571-design-sans-titre-30.png\"\/><\/p>\n<p class=\"snippet-generic__title\">On regarde quoi ?<\/p>\n<p class=\"snippet-generic__text\">Tous les soirs \u00e0 19h, une s\u00e9lection d\u2019articles, de programmes, et les derni\u00e8res critiques plateformes<\/p>\n<p>    <a href=\"https:\/\/sec.telerama.fr\/newsletters\/ecrantv?at_medium=display&amp;at_campaign=snippetecrantv\" target=\"_blank\" rel=\"noopener\"><\/p>\n<p>Recevoir la newsletter<\/p>\n<p>    <\/a><\/p>\n","protected":false},"excerpt":{"rendered":"Plut\u00f4t film fran\u00e7ais fantastique ou polar comique am\u00e9ricain\u00a0? Sinon, optez pour un documentaire g\u00e9opolitique brillant. Par Ad\u00e8le Buijtenhuijs&hellip;\n","protected":false},"author":2,"featured_media":583996,"comment_status":"","ping_status":"","sticky":false,"template":"","format":"standard","meta":{"footnotes":""},"categories":[1356],"tags":[58,59,1011,27,252,1364],"class_list":{"0":"post-583995","1":"post","2":"type-post","3":"status-publish","4":"format-standard","5":"has-post-thumbnail","7":"category-television","8":"tag-divertissement","9":"tag-entertainment","10":"tag-fr","11":"tag-france","12":"tag-television","13":"tag-tv"},"share_on_mastodon":{"url":"https:\/\/pubeurope.com\/@fr\/115677801765501975","error":""},"_links":{"self":[{"href":"https:\/\/www.europesays.com\/fr\/wp-json\/wp\/v2\/posts\/583995","targetHints":{"allow":["GET"]}}],"collection":[{"href":"https:\/\/www.europesays.com\/fr\/wp-json\/wp\/v2\/posts"}],"about":[{"href":"https:\/\/www.europesays.com\/fr\/wp-json\/wp\/v2\/types\/post"}],"author":[{"embeddable":true,"href":"https:\/\/www.europesays.com\/fr\/wp-json\/wp\/v2\/users\/2"}],"replies":[{"embeddable":true,"href":"https:\/\/www.europesays.com\/fr\/wp-json\/wp\/v2\/comments?post=583995"}],"version-history":[{"count":0,"href":"https:\/\/www.europesays.com\/fr\/wp-json\/wp\/v2\/posts\/583995\/revisions"}],"wp:featuredmedia":[{"embeddable":true,"href":"https:\/\/www.europesays.com\/fr\/wp-json\/wp\/v2\/media\/583996"}],"wp:attachment":[{"href":"https:\/\/www.europesays.com\/fr\/wp-json\/wp\/v2\/media?parent=583995"}],"wp:term":[{"taxonomy":"category","embeddable":true,"href":"https:\/\/www.europesays.com\/fr\/wp-json\/wp\/v2\/categories?post=583995"},{"taxonomy":"post_tag","embeddable":true,"href":"https:\/\/www.europesays.com\/fr\/wp-json\/wp\/v2\/tags?post=583995"}],"curies":[{"name":"wp","href":"https:\/\/api.w.org\/{rel}","templated":true}]}}