{"id":583997,"date":"2025-12-07T10:25:25","date_gmt":"2025-12-07T10:25:25","guid":{"rendered":"https:\/\/www.europesays.com\/fr\/583997\/"},"modified":"2025-12-07T10:25:25","modified_gmt":"2025-12-07T10:25:25","slug":"photos-tiakola-et-son-rap-melodieux-font-vibrer-le-galaxie-damneville","status":"publish","type":"post","link":"https:\/\/www.europesays.com\/fr\/583997\/","title":{"rendered":"Photos. Tiakola et son rap m\u00e9lodieux font vibrer le Galaxie d&rsquo;Amn\u00e9ville"},"content":{"rendered":"<p>C&rsquo;est l&rsquo;une des stars de la plan\u00e8te rap fran\u00e7aise.\u00a0Tiakola \u00e9tait au Galaxie\u00a0d&rsquo;Amn\u00e9ville ce samedi 6 d\u00e9cembre pour son \u00ab\u00a0M3LO World Tour\u00a0\u00bb. Celui qui a \u00e9t\u00e9 certifi\u00e9 triple disque de platine pour son album \u00ab\u00a0M\u00e9lo\u00a0\u00bb, sorti en 2022, revient en France apr\u00e8s un p\u00e9riple dans le monde entier. Le natif de La Courneuve \u00e9tait en Afrique, en d\u00e9cembre 2024, pour des shows en Guin\u00e9e, S\u00e9n\u00e9gal ou encore C\u00f4te-d&rsquo;Ivoire puis en Europe \u00e0 Stockholm, Berlin ou encore Londres avant de partir en Am\u00e9rique du Nord avec des concerts \u00e0 Toronto, New York mais aussi Los Angeles. Rien que \u00e7a ! Apr\u00e8s ces destinations, le rappeur de 26 ans revient en France pour cette fin d&rsquo;ann\u00e9e avec 11 dates en moins d&rsquo;un mois.\u00a0<\/p>\n","protected":false},"excerpt":{"rendered":"C&rsquo;est l&rsquo;une des stars de la plan\u00e8te rap fran\u00e7aise.\u00a0Tiakola \u00e9tait au Galaxie\u00a0d&rsquo;Amn\u00e9ville ce samedi 6 d\u00e9cembre pour son&hellip;\n","protected":false},"author":2,"featured_media":583998,"comment_status":"","ping_status":"","sticky":false,"template":"","format":"standard","meta":{"footnotes":""},"categories":[1355],"tags":[58198,1687,58,5598,59,1011,27,69722,2797,5325,2798,1361,873,3140],"class_list":{"0":"post-583997","1":"post","2":"type-post","3":"status-publish","4":"format-standard","5":"has-post-thumbnail","7":"category-musique","8":"tag-amneville","9":"tag-culture-loisirs","10":"tag-divertissement","11":"tag-edition-metz-et-agglomeration","12":"tag-entertainment","13":"tag-fr","14":"tag-france","15":"tag-galaxie-damneville","16":"tag-galerie-loisirs","17":"tag-galerie-media","18":"tag-galerie-photo","19":"tag-music","20":"tag-musique","21":"tag-spectacle"},"share_on_mastodon":{"url":"https:\/\/pubeurope.com\/@fr\/115677804972221354","error":""},"_links":{"self":[{"href":"https:\/\/www.europesays.com\/fr\/wp-json\/wp\/v2\/posts\/583997","targetHints":{"allow":["GET"]}}],"collection":[{"href":"https:\/\/www.europesays.com\/fr\/wp-json\/wp\/v2\/posts"}],"about":[{"href":"https:\/\/www.europesays.com\/fr\/wp-json\/wp\/v2\/types\/post"}],"author":[{"embeddable":true,"href":"https:\/\/www.europesays.com\/fr\/wp-json\/wp\/v2\/users\/2"}],"replies":[{"embeddable":true,"href":"https:\/\/www.europesays.com\/fr\/wp-json\/wp\/v2\/comments?post=583997"}],"version-history":[{"count":0,"href":"https:\/\/www.europesays.com\/fr\/wp-json\/wp\/v2\/posts\/583997\/revisions"}],"wp:featuredmedia":[{"embeddable":true,"href":"https:\/\/www.europesays.com\/fr\/wp-json\/wp\/v2\/media\/583998"}],"wp:attachment":[{"href":"https:\/\/www.europesays.com\/fr\/wp-json\/wp\/v2\/media?parent=583997"}],"wp:term":[{"taxonomy":"category","embeddable":true,"href":"https:\/\/www.europesays.com\/fr\/wp-json\/wp\/v2\/categories?post=583997"},{"taxonomy":"post_tag","embeddable":true,"href":"https:\/\/www.europesays.com\/fr\/wp-json\/wp\/v2\/tags?post=583997"}],"curies":[{"name":"wp","href":"https:\/\/api.w.org\/{rel}","templated":true}]}}