{"id":584001,"date":"2025-12-07T10:27:18","date_gmt":"2025-12-07T10:27:18","guid":{"rendered":"https:\/\/www.europesays.com\/fr\/584001\/"},"modified":"2025-12-07T10:27:18","modified_gmt":"2025-12-07T10:27:18","slug":"blues-de-la-vulnerabilite-le-mal-etre-qui-explose-chez-les-jeunes","status":"publish","type":"post","link":"https:\/\/www.europesays.com\/fr\/584001\/","title":{"rendered":"Blues de la vuln\u00e9rabilit\u00e9 : le mal-\u00eatre qui explose chez les jeunes"},"content":{"rendered":"<p>             <a href=\"https:\/\/ma-sante.news\/wp-content\/uploads\/2025\/12\/Blues-de-la-vulnerabilite-quand-confier-son-coeur-fait-peur-depression-Ma-Sante.jpg\" data-caption=\"La sant\u00e9 mentale des jeunes s\u2019est consid\u00e9rablement d\u00e9t\u00e9rior\u00e9e ces derni\u00e8res ann\u00e9es. \u00a9 Freepik\" target=\"_blank\" rel=\"noopener\"><img loading=\"lazy\" decoding=\"async\" width=\"696\" height=\"562\" class=\"entry-thumb td-modal-image ewww_webp_lazy_load\" src=\"data:image\/svg+xml,%3Csvg%20xmlns=\" http:=\"\" data-lazy- data-lazy- alt=\"Une jeune fille quia peur de son confier et qui souffre du blues de la vuln\u00e9rabilit\u00e9.\" title=\"Blues de la vulne\u0301rabilite\u0301 quand confier son c\u0153ur fait peur de\u0301pression Ma Sante\u0301\" data-lazy-src=\"https:\/\/www.europesays.com\/fr\/wp-content\/uploads\/2025\/12\/Blues-de-la-vulnerabilite-quand-confier-son-coeur-fait-peur-depression-Ma-Sante-696x562.jpg\" data-lazy-src-webp=\"https:\/\/www.europesays.com\/fr\/wp-content\/uploads\/2025\/12\/Blues-de-la-vulnerabilite-quand-confier-son-coeur-fait-peur-depression-Ma-Sante-696x562.jpg.webp\" data-lazy-srcset-webp=\"https:\/\/www.europesays.com\/fr\/wp-content\/uploads\/2025\/12\/Blues-de-la-vulnerabilite-quand-confier-son-coeur-fait-peur-depression-Ma-Sante-696x562.jpg.webp 696w, https:\/\/ma-sante.news\/wp-content\/uploads\/2025\/12\/Blues-de-la-vulnerabilite-quand-confier-son-coeur-fait-peur-depression-Ma-Sante-300x242.jpg.webp 300w, https:\/\/ma-sante.news\/wp-content\/uploads\/2025\/12\/Blues-de-la-vulnerabilite-quand-confier-son-coeur-fait-peur-depression-Ma-Sante-768x620.jpg.webp 768w, https:\/\/ma-sante.news\/wp-content\/uploads\/2025\/12\/Blues-de-la-vulnerabilite-quand-confier-son-coeur-fait-peur-depression-Ma-Sante-520x420.jpg.webp 520w, https:\/\/ma-sante.news\/wp-content\/uploads\/2025\/12\/Blues-de-la-vulnerabilite-quand-confier-son-coeur-fait-peur-depression-Ma-Sante.jpg.webp 800w\"\/><\/a>La sant\u00e9 mentale des jeunes s\u2019est consid\u00e9rablement d\u00e9t\u00e9rior\u00e9e ces derni\u00e8res ann\u00e9es. \u00a9 Freepik                                    \t\t\t             <a class=\"gofollow\" data-track=\"MjgsMCw2MA==\" href=\"https:\/\/ma-sante.news\/inscrivez-vous-a-notre-newsletter\/\" target=\"_blank\" rel=\"noopener\"><img loading=\"lazy\" decoding=\"async\" width=\"1068\" height=\"131\" src=\"data:image\/svg+xml,%3Csvg%20xmlns=\" http:=\"\" data-lazy-src=\"https:\/\/www.europesays.com\/fr\/wp-content\/uploads\/2025\/03\/banniere-newsletter.png\"\/><\/a> <\/p>\n<p>Ce malaise post-confidence, ce moment o\u00f9 la confiance donn\u00e9e se retourne en questionnements, n\u2019est pas nouveau, mais il semble se banaliser chez les 15-30 ans. 52 % des jeunes interrog\u00e9s d\u00e9clarent avoir ressenti une g\u00eane, une honte ou un regret apr\u00e8s une simple confidence. <\/p>\n<p>On parle vrai, on s\u2019ouvre, puis on rentre chez soi avec un arri\u00e8re-go\u00fbt de g\u00eane, un petit vertige int\u00e9rieur. Dans un contexte post-pand\u00e9mie o\u00f9 l\u2019isolement s\u2019est gliss\u00e9 dans les habitudes, sur fond de pr\u00e9carit\u00e9 \u00e9tudiante, d\u2019instabilit\u00e9 \u00e9conomique et de comparaison permanente, ce blues de la vuln\u00e9rabilit\u00e9 n\u2019est pas \u00e0 prendre \u00e0 la l\u00e9g\u00e8re. <\/p>\n<p>Surtout quand l\u2019\u00e9poque tire d\u00e9j\u00e0 la sonnette d\u2019alarme. <a href=\"https:\/\/ma-sante.news\/auvergne-rhone-alpes-la-sante-mentale-des-jeunes-devient-enjeu-majeur\/\" target=\"_blank\" rel=\"noopener\">La sant\u00e9 mentale a \u00e9t\u00e9 \u00e9rig\u00e9e \u00ab Grande Cause nationale 2025 \u00bb<\/a>, et le dispositif doit \u00eatre reconduit en 2026 tant le sujet s\u2019impose dans le d\u00e9bat public. Les autorit\u00e9s de sant\u00e9 observent une augmentation pr\u00e9occupante de la d\u00e9tresse psychique chez les jeunes, qui disent osciller entre besoin d\u2019\u00eatre entendus et peur de se montrer trop. Se confier devient alors un exercice d\u2019\u00e9quilibriste : n\u00e9cessaire pour respirer, mais charg\u00e9 du risque de se sentir expos\u00e9, jug\u00e9 ou pire, incompris.<\/p>\n<p>        Pourquoi certains jeunes h\u00e9sitent \u00e0 s\u2019ouvrir ?    <strong>La peur d\u2019\u00eatre vuln\u00e9rable\u00a0<\/strong>    <\/p>\n<p>Derri\u00e8re ce malaise post-confidence, deux grandes forces sociales se croisent. La premi\u00e8re touche \u00e0 l\u2019image que l\u2019on projette. D\u00e8s l\u2019enfance, beaucoup apprennent \u00e0 ravaler leurs \u00e9motions, les gar\u00e7ons, plus encore, \u00e9lev\u00e9s dans l\u2019id\u00e9e qu\u2019\u00eatre sensible expose, qu\u2019un trop-plein se juge. R\u00e9sultat, au moment o\u00f9 le besoin de parler surgit, l\u2019\u00e9lan se heurte \u00e0 la peur de \u00ab trop en dire \u00bb, d\u2019\u00eatre per\u00e7u comme fragile ou envahissant.<\/p>\n<p>La seconde est relationnelle. On croit avoir cr\u00e9\u00e9 un moment d\u2019\u00e9change, et l\u2019on se retrouve face \u00e0 une r\u00e9ponse trop ti\u00e8de, un silence maladroit, un \u00ab tu verras, \u00e7a va passer \u00bb lanc\u00e9 comme un pansement rapide. Ce d\u00e9calage laisse une trace et donne l\u2019impression de s\u2019\u00eatre livr\u00e9\u00b7e dans le vide, d\u2019avoir ouvert une porte que personne n\u2019a franchie.<\/p>\n<p>Psychiquement, ces retours peuvent \u00e9roder l\u2019estime de soi. On se replie, on fait semblant d\u2019aller bien, on apprend \u00e0 verrouiller plut\u00f4t qu\u2019\u00e0 partager. \u00c0 force, cette retenue \u00e9motionnelle devient un m\u00e9canisme de protection qui appauvrit les liens, l\u2019expression des besoins, et m\u00eame le bien-\u00eatre int\u00e9rieur.\u00a0<\/p>\n<p>Les recherches en psychologie montrent d\u2019ailleurs que la suppression r\u00e9p\u00e9t\u00e9e des \u00e9motions est associ\u00e9e \u00e0 <a href=\"https:\/\/ma-sante.news\/stress-chronique-pourquoi-votre-cerveau-reagit-encore-comme-a-lage-de-pierre\/\" target=\"_blank\" rel=\"noopener\">un risque accru de stress chronique<\/a>, d\u2019\u00e9puisement mental et <a href=\"https:\/\/ma-sante.news\/troubles-anxieux-comment-expliquer-cette-anxiete-aigue-qui-envahit-le-quotidien\/\" target=\"_blank\" rel=\"noopener\">de troubles anxieux ou d\u00e9pressifs.<\/a><\/p>\n<p>        <strong>Sant\u00e9 mentale : un contexte fran\u00e7ais d\u00e9j\u00e0 fragilis\u00e9<\/strong>    <\/p>\n<p>Les chiffres r\u00e9cents sur la sant\u00e9 mentale des jeunes ont de quoi inqui\u00e9ter. D\u2019apr\u00e8s Sant\u00e9 publique France, en 2024, 14 % des coll\u00e9giens et 15 % des lyc\u00e9ens pr\u00e9sentent<a href=\"https:\/\/ma-sante.news\/et-si-depression-etait-une-question-de-genetique\/\" target=\"_blank\" rel=\"noopener\"> un risque \u00e9lev\u00e9 de d\u00e9pression<\/a>. Dans le m\u00eame temps, les prescriptions de psychotropes explosent chez les 15-25 ans. Pr\u00e8s de 936 000 jeunes y ont eu recours en 2023, soit 18 % de plus qu\u2019en 2019. Aussi, <a href=\"https:\/\/ma-sante.news\/sante-mentale-un-jeune-sur-quatre-est-en-depression\/\" target=\"_blank\" rel=\"noopener\">25% des jeunes de 15 \u00e0 29 ans avouent souffrir de sympt\u00f4mes d\u00e9pressifs<\/a>.<\/p>\n<p>La solitude n\u2019arrange rien. La Fondation de France estime que 12 % des Fran\u00e7ais de plus de 15 ans vivent en<a href=\"https:\/\/ma-sante.news\/solitude-quelles-sont-les-solutions-pour-vaincre-isolement-social\/\" target=\"_blank\" rel=\"noopener\"> isolement relationnel, sans r\u00e9seau de contacts r\u00e9guliers<\/a>. Et chez les 18-24 ans, la situation s\u2019intensifie. 62 % disent se sentir seuls fr\u00e9quemment, selon Psycom. Une solitude int\u00e9rieure qui d\u00e9passe parfois la simple absence de pr\u00e9sence physique.<\/p>\n<p>        Quand la peur d\u2019\u00eatre vuln\u00e9rable devient un risque pour la sant\u00e9 mentale    <\/p>\n<p>Au-del\u00e0 de la g\u00eane, ce malaise apr\u00e8s confidence peut provoquer un repli plus s\u00e9rieux qu\u2019il n\u2019y para\u00eet. Chez les jeunes, la peur d\u2019\u00eatre jug\u00e9 ou incompris suffit souvent \u00e0 freiner la parole. R\u00e9sultat, on retient, on ravale, on garde pour soi ce qui m\u00e9riterait d\u2019\u00eatre exprim\u00e9. \u00c0 long terme, cette retenue \u00e9motionnelle peut nourrir<a href=\"https:\/\/ma-sante.news\/sante-mentale-mais-pourquoi-ai-je-de-lanxiete\/\" target=\"_blank\" rel=\"noopener\"> l\u2019anxi\u00e9t\u00e9<\/a>, aggraver<a href=\"https:\/\/ma-sante.news\/comment-reconnaitre-depression-369157-2\/\" target=\"_blank\" rel=\"noopener\"> des sympt\u00f4mes d\u00e9pressifs<\/a>, voire ouvrir la voie \u00e0<a href=\"https:\/\/ma-sante.news\/idees-noires-nocturnes-apres-minuit-notre-cerveau-devient-hors-de-controle\/\" target=\"_blank\" rel=\"noopener\"> des id\u00e9es noires <\/a>lorsque l\u2019expression devient impossible.<\/p>\n<p>L\u2019impact n\u2019est pas toujours imm\u00e9diat. Une confidence accueillie froidement, un silence g\u00ean\u00e9, une r\u00e9ponse exp\u00e9ditive, et le doute s\u2019installe. \u00ab J\u2019en ai trop dit \u00bb, \u00ab je n\u2019aurais pas d\u00fb \u00bb. Peu \u00e0 peu, le jeune r\u00e9duit la voilure, limite les confidences, affiche une fa\u00e7ade solide. En apparence, rien ne change. En profondeur,<a href=\"https:\/\/ma-sante.news\/isolement-social-solitude-risque-grave-pour-sante\/\" target=\"_blank\" rel=\"noopener\"> l\u2019isolement gagne du terrain.<\/a><\/p>\n<p>Et c\u2019est la tout l\u2019enjeu. Moins on parle, moins on est entendu ; moins on est entendu, moins on se sent l\u00e9gitime. Le soutien s\u2019\u00e9tiole, le sentiment d\u2019appartenance aussi. Un cercle discret, parfois invisible pour l\u2019entourage, mais qui peut conduire, s\u2019il s\u2019installe, \u00e0 <a href=\"https:\/\/ma-sante.news\/suicide-rapport-alarmant-de-sante-publique-france-detresse-psychique-jeunes\/\" target=\"_blank\" rel=\"noopener\">une d\u00e9tresse psychique durable.<\/a><\/p>\n<p>        Sant\u00e9 mentale : pourquoi il est urgent de parler de ce malaise ?    <\/p>\n<p>Premier enjeu : donner des mots \u00e0 un malaise qui n\u2019en a pas encore. Trop souvent, ce sentiment est r\u00e9duit \u00e0 de la timidit\u00e9, de la \u00ab susceptibilit\u00e9 \u00bb ou un temp\u00e9rament sensible. Alors qu\u2019il peut \u00eatre un signe avant-coureur, un signal d\u2019alarme psychique.<\/p>\n<p>Deuxi\u00e8me enjeu : agir t\u00f4t. Dans un pays o\u00f9 la sant\u00e9 mentale des jeunes figure d\u00e9sormais parmi les priorit\u00e9s nationales, il faut rep\u00e9rer ces signaux : isolement, retrait, peur d\u2019exprimer.<\/p>\n<p>Troisi\u00e8me enjeu : changer le regard sur la vuln\u00e9rabilit\u00e9. Voir l\u2019expression des \u00e9motions non comme un signe de faiblesse, mais comme une force, un levier de relation, d\u2019empathie, de r\u00e9silience. Cr\u00e9er des espaces s\u00fbrs pour permettre aux jeunes de parler sans crainte, de se sentir entendus.<\/p>\n<blockquote class=\"wp-block-quote is-layout-flow wp-block-quote-is-layout-flow\">\n<p><strong>\u00c0 SAVOIR\u00a0<\/strong><\/p>\n<p>Entre 2018 et 2022, la proportion d\u2019adolescentes pr\u00e9sentant un risque de d\u00e9pression est pass\u00e9e de 13,4 % \u00e0 21,4 %, et de 5,2 % \u00e0 6,9 % chez les gar\u00e7ons, selon Sant\u00e9 publique France.<\/p>\n<\/blockquote>\n<p>  <a class=\"gofollow\" data-track=\"MTIsMCw2MA==\" href=\"https:\/\/ma-sante.news\/annonceurs\/\" target=\"_blank\" rel=\"noopener\"><img loading=\"lazy\" decoding=\"async\" width=\"2560\" height=\"2133\" src=\"data:image\/svg+xml,%3Csvg%20xmlns=\" http:=\"\" data-lazy-src=\"https:\/\/www.europesays.com\/fr\/wp-content\/uploads\/2025\/03\/pub-annonceurs-4-scaled.jpg\"\/><\/a>    <img loading=\"lazy\" decoding=\"async\" width=\"755\" height=\"495\" src=\"data:image\/svg+xml,%3Csvg%20xmlns=\" http:=\"\" data-lazy-src=\"https:\/\/www.europesays.com\/fr\/wp-content\/uploads\/2025\/03\/Image1.jpg\" data-lazy-src-webp=\"https:\/\/www.europesays.com\/fr\/wp-content\/uploads\/2025\/03\/Image1.jpg.webp\" class=\"ewww_webp_lazy_load\"\/>Inscrivez-vous \u00e0 notre newsletter <br \/>Ma Sant\u00e9                      <\/p>\n","protected":false},"excerpt":{"rendered":"La sant\u00e9 mentale des jeunes s\u2019est consid\u00e9rablement d\u00e9t\u00e9rior\u00e9e ces derni\u00e8res ann\u00e9es. \u00a9 Freepik Ce malaise post-confidence, ce moment&hellip;\n","protected":false},"author":2,"featured_media":584002,"comment_status":"","ping_status":"","sticky":false,"template":"","format":"standard","meta":{"footnotes":""},"categories":[10],"tags":[5506,1011,27,72,71],"class_list":{"0":"post-584001","1":"post","2":"type-post","3":"status-publish","4":"format-standard","5":"has-post-thumbnail","7":"category-sante","8":"tag-du00e9pression","9":"tag-fr","10":"tag-france","11":"tag-health","12":"tag-sante"},"share_on_mastodon":{"url":"https:\/\/pubeurope.com\/@fr\/115677812783775297","error":""},"_links":{"self":[{"href":"https:\/\/www.europesays.com\/fr\/wp-json\/wp\/v2\/posts\/584001","targetHints":{"allow":["GET"]}}],"collection":[{"href":"https:\/\/www.europesays.com\/fr\/wp-json\/wp\/v2\/posts"}],"about":[{"href":"https:\/\/www.europesays.com\/fr\/wp-json\/wp\/v2\/types\/post"}],"author":[{"embeddable":true,"href":"https:\/\/www.europesays.com\/fr\/wp-json\/wp\/v2\/users\/2"}],"replies":[{"embeddable":true,"href":"https:\/\/www.europesays.com\/fr\/wp-json\/wp\/v2\/comments?post=584001"}],"version-history":[{"count":0,"href":"https:\/\/www.europesays.com\/fr\/wp-json\/wp\/v2\/posts\/584001\/revisions"}],"wp:featuredmedia":[{"embeddable":true,"href":"https:\/\/www.europesays.com\/fr\/wp-json\/wp\/v2\/media\/584002"}],"wp:attachment":[{"href":"https:\/\/www.europesays.com\/fr\/wp-json\/wp\/v2\/media?parent=584001"}],"wp:term":[{"taxonomy":"category","embeddable":true,"href":"https:\/\/www.europesays.com\/fr\/wp-json\/wp\/v2\/categories?post=584001"},{"taxonomy":"post_tag","embeddable":true,"href":"https:\/\/www.europesays.com\/fr\/wp-json\/wp\/v2\/tags?post=584001"}],"curies":[{"name":"wp","href":"https:\/\/api.w.org\/{rel}","templated":true}]}}