{"id":584003,"date":"2025-12-07T10:28:13","date_gmt":"2025-12-07T10:28:13","guid":{"rendered":"https:\/\/www.europesays.com\/fr\/584003\/"},"modified":"2025-12-07T10:28:13","modified_gmt":"2025-12-07T10:28:13","slug":"le-cas-safonov-zabarnyi-fait-vriller-luis-enrique","status":"publish","type":"post","link":"https:\/\/www.europesays.com\/fr\/584003\/","title":{"rendered":"Le cas Safonov-Zabarnyi fait vriller Luis Enrique"},"content":{"rendered":"<p><b>Illya Zabarnyi est suspect\u00e9 d\u2019avoir volontairement manqu\u00e9 le match PSG-Rennes car son co\u00e9quipier russe Matvey Safonov \u00e9tait titulaire. Une hypoth\u00e8se d\u00e9mentie avec agacement par Luis Enrique.<\/b><\/p>\n<p>Matvey Safonov a f\u00eat\u00e9 samedi soir contre le Stade Rennais sa premi\u00e8re titularisation de la saison en Ligue 1. <a href=\"https:\/\/www.foot01.com\/paris\/psg-rennes-safonov-gagne-sa-place-de-numero-un\" target=\"_self\" rel=\"noopener\">Le gardien russe du PSG a logiquement \u00e9t\u00e9 align\u00e9 par Luis Enrique<\/a> afin de compenser l\u2019absence de Lucas Chevalier, toujours bless\u00e9 \u00e0 la cheville apr\u00e8s le gros tacle de Lamine Camara subi \u00e0 Monaco il y a une semaine. Hasard ou pas, Illya Zabarnyi, co\u00e9quipier ukrainien de Matvey Safonov, a d\u00e9clar\u00e9 forfait en derni\u00e8re minute pour la r\u00e9ception des Bretons.<\/p>\n<p>Difficile de ne pas y voir un signe troublant alors que la guerre entre l\u2019Ukraine et la Russie pollue malgr\u00e9 elle le vestiaire parisien. Mais apr\u00e8s la large victoire du PSG (5-0), l\u2019entra\u00eeneur Luis Enrique est mont\u00e9 au cr\u00e9neau pour fermement d\u00e9mentir les rumeurs d\u2019un forfait diplomatique de Zabarnyi. \u00ab C\u2019est incroyable\u2026 \u00c0 chaque fois que tu poses une question, c\u2019est un petit peu probl\u00e9matique. Tout le temps. Il est malade. Il est malade, tout simplement. Il a \u00e9t\u00e9 malade les deux derniers jours\u00a0\u00bb s\u2019est d\u2019abord emport\u00e9 le coach du PSG, agac\u00e9, avant de poursuivre.<\/p>\n<p>\u00ab Mais je sais que c\u2019est plus important de parler de la pol\u00e9mique et de chercher tout le temps la pol\u00e9mique. Mais il n\u2019y a rien, il est malade. On est contents des cinq buts, on en a conc\u00e9d\u00e9 aucun, Rennes a tr\u00e8s bien jou\u00e9 et ne m\u00e9rite pas cette diff\u00e9rence de but mais on a \u00e9t\u00e9 efficaces\u00a0\u00bb a ajout\u00e9 Luis Enrique, qui ne l\u00e2che rien publiquement et qui affirme que si Zabarnyi n\u2019a pas jou\u00e9 samedi face \u00e0 Rennes, c\u2019est avant tout pour des raisons de sant\u00e9, et absolument pas car Safonov \u00e9tait align\u00e9 dans les buts. Les observateurs attendent maintenant avec impatience la prochaine titularisation du gardien russe, pour voir si l\u2019ancien d\u00e9fenseur de Bournemouth sera de nouveau clou\u00e9 au lit ce jour-l\u00e0 ou si comme le dit Luis Enrique, il s\u2019agissait d\u2019un pur hasard et rien de plus.<\/p>\n","protected":false},"excerpt":{"rendered":"Illya Zabarnyi est suspect\u00e9 d\u2019avoir volontairement manqu\u00e9 le match PSG-Rennes car son co\u00e9quipier russe Matvey Safonov \u00e9tait titulaire.&hellip;\n","protected":false},"author":2,"featured_media":584004,"comment_status":"","ping_status":"","sticky":false,"template":"","format":"standard","meta":{"footnotes":""},"categories":[9],"tags":[8936,1011,27,93,60],"class_list":{"0":"post-584003","1":"post","2":"type-post","3":"status-publish","4":"format-standard","5":"has-post-thumbnail","7":"category-sports","8":"tag-breaking-news","9":"tag-fr","10":"tag-france","11":"tag-psg","12":"tag-sports"},"share_on_mastodon":{"url":"https:\/\/pubeurope.com\/@fr\/115677816783200726","error":""},"_links":{"self":[{"href":"https:\/\/www.europesays.com\/fr\/wp-json\/wp\/v2\/posts\/584003","targetHints":{"allow":["GET"]}}],"collection":[{"href":"https:\/\/www.europesays.com\/fr\/wp-json\/wp\/v2\/posts"}],"about":[{"href":"https:\/\/www.europesays.com\/fr\/wp-json\/wp\/v2\/types\/post"}],"author":[{"embeddable":true,"href":"https:\/\/www.europesays.com\/fr\/wp-json\/wp\/v2\/users\/2"}],"replies":[{"embeddable":true,"href":"https:\/\/www.europesays.com\/fr\/wp-json\/wp\/v2\/comments?post=584003"}],"version-history":[{"count":0,"href":"https:\/\/www.europesays.com\/fr\/wp-json\/wp\/v2\/posts\/584003\/revisions"}],"wp:featuredmedia":[{"embeddable":true,"href":"https:\/\/www.europesays.com\/fr\/wp-json\/wp\/v2\/media\/584004"}],"wp:attachment":[{"href":"https:\/\/www.europesays.com\/fr\/wp-json\/wp\/v2\/media?parent=584003"}],"wp:term":[{"taxonomy":"category","embeddable":true,"href":"https:\/\/www.europesays.com\/fr\/wp-json\/wp\/v2\/categories?post=584003"},{"taxonomy":"post_tag","embeddable":true,"href":"https:\/\/www.europesays.com\/fr\/wp-json\/wp\/v2\/tags?post=584003"}],"curies":[{"name":"wp","href":"https:\/\/api.w.org\/{rel}","templated":true}]}}