{"id":584018,"date":"2025-12-07T10:37:16","date_gmt":"2025-12-07T10:37:16","guid":{"rendered":"https:\/\/www.europesays.com\/fr\/584018\/"},"modified":"2025-12-07T10:37:16","modified_gmt":"2025-12-07T10:37:16","slug":"as-saint-etienne-un-immense-crack-a-4m-pratiquement-signe","status":"publish","type":"post","link":"https:\/\/www.europesays.com\/fr\/584018\/","title":{"rendered":"AS Saint-\u00c9tienne : Un immense crack \u00e0 4M pratiquement sign\u00e9 !"},"content":{"rendered":"<p>Dans un mois, le mercato d\u2019hiver ouvrira ses portes. L\u2019AS Saint-\u00c9tienne compte en profiter pour renforcer un effectif taill\u00e9 pour la mont\u00e9e.<\/p>\n<p>Selon le site sp\u00e9cialis\u00e9 EVCT, le club st\u00e9phanois a coch\u00e9 Enzo Bardeli, le milieu de terrain de Dunkerque \u00e2g\u00e9 de 24 ans. Auteur de 7 buts et 4 passes d\u00e9cisives toutes comp\u00e9titions confondues cette saison, l\u2019ancien du centre de formation du LOSC attire toutes les convoitises. Bardeli arrive en fin de contrat en juin prochain, ce qui place Dunkerque dans une position d\u00e9licate et laisse une ouverture pour Saint-\u00c9tienne. Le d\u00e9placement \u00e0 Dunkerque samedi sera suivi de pr\u00e8s, autant pour le r\u00e9sultat que pour observer la forme de leur cible.<\/p>\n<p><strong>Un coup \u00e0 4 millions d\u2019euros pour relancer Saint\u00e9<\/strong><\/p>\n<p>Le m\u00e9dia pr\u00e9cise que l\u2019ASSE peut investir jusqu\u2019\u00e0 4 millions d\u2019euros pour s\u2019offrir Bardeli, un montant \u00e9lev\u00e9 en Ligue 2 mais qui traduit l\u2019ambition du club. Kilmer Sports et Ivan Gazidis veulent frapper fort pour ramener les Verts en Ligue 1 d\u00e8s l\u2019an prochain. Dans un championnat o\u00f9 chaque euro compte, Saint\u00e9 fait figure d\u2019exception.<\/p>\n","protected":false},"excerpt":{"rendered":"Dans un mois, le mercato d\u2019hiver ouvrira ses portes. L\u2019AS Saint-\u00c9tienne compte en profiter pour renforcer un effectif&hellip;\n","protected":false},"author":2,"featured_media":584019,"comment_status":"","ping_status":"","sticky":false,"template":"","format":"standard","meta":{"footnotes":""},"categories":[9653],"tags":[1111,11,2430,1777,674,1011,27,12,25,4001],"class_list":{"0":"post-584018","1":"post","2":"type-post","3":"status-publish","4":"format-standard","5":"has-post-thumbnail","7":"category-saint-etienne","8":"tag-actu","9":"tag-actualites","10":"tag-auvergne-rhone-alpes","11":"tag-eu","12":"tag-europe","13":"tag-fr","14":"tag-france","15":"tag-news","16":"tag-republique-francaise","17":"tag-saint-etienne"},"share_on_mastodon":{"url":"https:\/\/pubeurope.com\/@fr\/115677852026850648","error":""},"_links":{"self":[{"href":"https:\/\/www.europesays.com\/fr\/wp-json\/wp\/v2\/posts\/584018","targetHints":{"allow":["GET"]}}],"collection":[{"href":"https:\/\/www.europesays.com\/fr\/wp-json\/wp\/v2\/posts"}],"about":[{"href":"https:\/\/www.europesays.com\/fr\/wp-json\/wp\/v2\/types\/post"}],"author":[{"embeddable":true,"href":"https:\/\/www.europesays.com\/fr\/wp-json\/wp\/v2\/users\/2"}],"replies":[{"embeddable":true,"href":"https:\/\/www.europesays.com\/fr\/wp-json\/wp\/v2\/comments?post=584018"}],"version-history":[{"count":0,"href":"https:\/\/www.europesays.com\/fr\/wp-json\/wp\/v2\/posts\/584018\/revisions"}],"wp:featuredmedia":[{"embeddable":true,"href":"https:\/\/www.europesays.com\/fr\/wp-json\/wp\/v2\/media\/584019"}],"wp:attachment":[{"href":"https:\/\/www.europesays.com\/fr\/wp-json\/wp\/v2\/media?parent=584018"}],"wp:term":[{"taxonomy":"category","embeddable":true,"href":"https:\/\/www.europesays.com\/fr\/wp-json\/wp\/v2\/categories?post=584018"},{"taxonomy":"post_tag","embeddable":true,"href":"https:\/\/www.europesays.com\/fr\/wp-json\/wp\/v2\/tags?post=584018"}],"curies":[{"name":"wp","href":"https:\/\/api.w.org\/{rel}","templated":true}]}}