{"id":584030,"date":"2025-12-07T10:47:16","date_gmt":"2025-12-07T10:47:16","guid":{"rendered":"https:\/\/www.europesays.com\/fr\/584030\/"},"modified":"2025-12-07T10:47:16","modified_gmt":"2025-12-07T10:47:16","slug":"football-a-la-maladrerie-battue-de-peu-par-rouen-on-sent-que-le-vent-a-tourne","status":"publish","type":"post","link":"https:\/\/www.europesays.com\/fr\/584030\/","title":{"rendered":"Football. \u00c0 la Maladrerie, battue de peu par Rouen, \u00ab\u00a0on sent que le vent a tourn\u00e9\u00a0\u00bb"},"content":{"rendered":"<p>                    Par<br \/>\n        <strong><br \/>\n            <a href=\"https:\/\/actu.fr\/auteur\/aline-chatel\" title=\"Consulter tous les articles de Aline Chatel\" target=\"_blank\" rel=\"noopener\">Aline Chatel<\/a><br \/>\n                    <\/strong><\/p>\n<p>        Publi\u00e9 le<\/p>\n<p>            7 d\u00e9c. 2025 \u00e0 11h16        <\/p>\n<p>Avant d\u2019accueillir le troisi\u00e8me du classement, son voisin et rival de l\u2019ASPTT Caen, la Maladrerie affrontait coup sur coup les deux premiers de R\u00e9gional 1. Elle s\u2019est inclin\u00e9e 4-1 \u00e0 Granville, puis 0-1 contre l\u2019\u00e9quipe r\u00e9serve du FC Rouen, samedi 6 d\u00e9cembre 2025. La <b>plus mauvaise attaque du championnat<\/b> (sept buts marqu\u00e9s en neuf matchs) continue de subir son manque de poids offensif. Mais les hommes de David Caillard ont \u00e9t\u00e9 durement sanctionn\u00e9s par le deuxi\u00e8me de la poule. <b>Le but de Jumanuel Menezes en d\u00e9but de seconde p\u00e9riode (54\u2032) est un petit bijou<\/b>, une frappe lointaine en pleine lucarne.\u00a0<\/p>\n<blockquote class=\"ac-article-quote wall-content\">\n<p>On sent que le vent a tourn\u00e9. La barre est rentrante. Il y a deux mois, elle \u00e9tait sortante. On encaisse un but magnifique mais c\u2019est dommage que le joueur puisse frapper facilement\u2026<\/p>\n<p>David Caillard, entra\u00eeneur de la Maladrerie OS<\/p><\/blockquote>\n<p>    <img   decoding=\"async\" loading=\"lazy\" class=\"size-large\" src=\"https:\/\/www.europesays.com\/fr\/wp-content\/uploads\/2025\/12\/0dd210b77439631e210b7743905e21v-960x640.jpg\" alt=\"Ma\u00ebl Ghanem\" width=\"960\" height=\"640\"\/><br \/>\n    L\u2019attaque maladienne \u2013 ici Ma\u00ebl Ghanem \u2013 n\u2019a mis que sept buts cette saison en championnat. \u00a9Aline CHATEL<\/p>\n<p class=\" wall-content\">Enzo Jeanne a \u00e9t\u00e9 vertement rappel\u00e9 \u00e0 l\u2019ordre apr\u00e8s ce coup de canon pour ne pas avoir effectu\u00e9 la course d\u00e9fensive qu\u2019aurait voulu voir son coach. Rarement dangereuse, <b>la MOS n\u2019a pas su revenir<\/b>. \u00ab\u00a0Il y a des regrets parce qu\u2019on fait un match plein. On a pas eu trop d\u2019occases, mais eux non plus. C\u2019\u00e9tait <b>un match ferm\u00e9 entre deux blocs<\/b> en place. On ne voulait pas perdre, eux non plus. Je ne dis pas qu\u2019on m\u00e9rite de gagner, mais un 0-0 aurait \u00e9t\u00e9 bien.\u00a0\u00bb<\/p>\n<p>    <img   decoding=\"async\" loading=\"lazy\" class=\"size-large\" src=\"https:\/\/www.europesays.com\/fr\/wp-content\/uploads\/2025\/12\/d18eefa774396d58eefa77439a98eev-960x640.jpg\" alt=\"Keziah Franchequin\" width=\"960\" height=\"640\"\/><br \/>\n    Keziah Franchequin et la MOS affichent un bilan \u00e9quilibr\u00e9 en R1 : trois victoires, trois nuls, trois d\u00e9faites. \u00a9Aline CHATELUn derby \u00e0 venir<\/p>\n<p class=\" wall-content\">La Maladrerie avait <b>besoin de se rassurer<\/b>. \u00ab\u00a0La dynamique est d\u00e9favorable, constate David Caillard. On savait tr\u00e8s bien qu\u2019on aurait une p\u00e9riode de trou. C\u2019\u00e9tait <b>quasi in\u00e9vitable avec des jeunes<\/b>. Il faut retrouver le match qui va nous faire basculer du bon c\u00f4t\u00e9. Les PTT, je sais pas si c\u2019est le bon match\u2026\u00a0\u00bb La MOS recevra son voisin, en pleine bourre, samedi 13 d\u00e9cembre 2025 (18h00). \u00ab\u00a0Il faut faire le dos rond jusqu\u2019\u00e0 la tr\u00eave, on va repartir de l\u2019avant.\u00a0\u00bb La Maladrerie est septi\u00e8me \u00e0 huit points de l\u2019ASPTT Caen.<\/p>\n<p class=\" wall-content\">Personnalisez votre actualit\u00e9 en ajoutant vos villes et m\u00e9dias en favori avec <a href=\"https:\/\/moncompte.actu.fr\" title=\"D\u00e9couvez Mon Actu\" rel=\"nofollow noopener\" data-trk=\"{&quot;cta&quot;:{&quot;action&quot;:&quot;https:\\\/\\\/moncompte.actu.fr&quot;,&quot;category&quot;:&quot;mon compte&quot;,&quot;from&quot;:&quot;article footer&quot;,&quot;name&quot;:&quot;Mon actu&quot;,&quot;type&quot;:&quot;cta&quot;}}\" target=\"_blank\">Mon Actu<\/a>.<\/p>\n","protected":false},"excerpt":{"rendered":"Par Aline Chatel Publi\u00e9 le 7 d\u00e9c. 2025 \u00e0 11h16 Avant d\u2019accueillir le troisi\u00e8me du classement, son voisin&hellip;\n","protected":false},"author":2,"featured_media":584031,"comment_status":"","ping_status":"","sticky":false,"template":"","format":"standard","meta":{"footnotes":""},"categories":[9587],"tags":[1111,11,1777,674,25068,63,1011,27,12,5161,50773,25,9590,1745,60],"class_list":{"0":"post-584030","1":"post","2":"type-post","3":"status-publish","4":"format-standard","5":"has-post-thumbnail","7":"category-rouen","8":"tag-actu","9":"tag-actualites","10":"tag-eu","11":"tag-europe","12":"tag-foot-normandie","13":"tag-football","14":"tag-fr","15":"tag-france","16":"tag-news","17":"tag-normandie","18":"tag-regional-1","19":"tag-republique-francaise","20":"tag-rouen","21":"tag-sport-caen","22":"tag-sports"},"share_on_mastodon":{"url":"https:\/\/pubeurope.com\/@fr\/115677892221687477","error":""},"_links":{"self":[{"href":"https:\/\/www.europesays.com\/fr\/wp-json\/wp\/v2\/posts\/584030","targetHints":{"allow":["GET"]}}],"collection":[{"href":"https:\/\/www.europesays.com\/fr\/wp-json\/wp\/v2\/posts"}],"about":[{"href":"https:\/\/www.europesays.com\/fr\/wp-json\/wp\/v2\/types\/post"}],"author":[{"embeddable":true,"href":"https:\/\/www.europesays.com\/fr\/wp-json\/wp\/v2\/users\/2"}],"replies":[{"embeddable":true,"href":"https:\/\/www.europesays.com\/fr\/wp-json\/wp\/v2\/comments?post=584030"}],"version-history":[{"count":0,"href":"https:\/\/www.europesays.com\/fr\/wp-json\/wp\/v2\/posts\/584030\/revisions"}],"wp:featuredmedia":[{"embeddable":true,"href":"https:\/\/www.europesays.com\/fr\/wp-json\/wp\/v2\/media\/584031"}],"wp:attachment":[{"href":"https:\/\/www.europesays.com\/fr\/wp-json\/wp\/v2\/media?parent=584030"}],"wp:term":[{"taxonomy":"category","embeddable":true,"href":"https:\/\/www.europesays.com\/fr\/wp-json\/wp\/v2\/categories?post=584030"},{"taxonomy":"post_tag","embeddable":true,"href":"https:\/\/www.europesays.com\/fr\/wp-json\/wp\/v2\/tags?post=584030"}],"curies":[{"name":"wp","href":"https:\/\/api.w.org\/{rel}","templated":true}]}}