{"id":584049,"date":"2025-12-07T11:00:22","date_gmt":"2025-12-07T11:00:22","guid":{"rendered":"https:\/\/www.europesays.com\/fr\/584049\/"},"modified":"2025-12-07T11:00:22","modified_gmt":"2025-12-07T11:00:22","slug":"pres-de-bordeaux-cette-ville-organise-son-marche-de-noel-avec-plus-de-200-exposants-et-diverses-animations","status":"publish","type":"post","link":"https:\/\/www.europesays.com\/fr\/584049\/","title":{"rendered":"Pr\u00e8s de Bordeaux, cette ville organise son march\u00e9 de No\u00ebl avec plus de 200 exposants et diverses animations"},"content":{"rendered":"<p>                    Par<br \/>\n        <strong><br \/>\n            <a href=\"https:\/\/actu.fr\/auteur\/julian-doubax\" title=\"Consulter tous les articles de Julian Doubax\" target=\"_blank\" rel=\"noopener\">Julian Doubax<\/a><br \/>\n                    <\/strong><\/p>\n<p>        Publi\u00e9 le<\/p>\n<p>            7 d\u00e9c. 2025 \u00e0 10h52        <\/p>\n<p>Le coup d\u2019envoi des <strong>illuminations<\/strong> a d\u00e9j\u00e0 \u00e9t\u00e9 donn\u00e9 le 28 novembre 2025 \u00e0 <a href=\"https:\/\/actu.fr\/nouvelle-aquitaine\/saint-medard-en-jalles_33449\" target=\"_blank\" rel=\"noopener\">Saint-M\u00e9dard-en-Jalles<\/a> (Gironde) mais les <strong>festivit\u00e9s<\/strong> se poursuivent. Le samedi 13 d\u00e9cembre, de 10h \u00e0 21h, le grand <a href=\"https:\/\/actu.fr\/nouvelle-aquitaine\/bordeaux_33063\/notre-selection-des-cinq-marches-de-noel-incontournables-a-visiter-a-bordeaux_63501374.html\" target=\"_blank\" rel=\"noopener\">march\u00e9 de No\u00ebl<\/a> va s\u2019installer dans le centre-ville.\u00a0<\/p>\n<p class=\" wall-content\">Il est organis\u00e9 par la Ville et l\u2019association Saint-M\u00e9dard mon commerce. Cette ann\u00e9e, plus de <strong>200 commer\u00e7ants et artisans<\/strong> sont attendus pour proposer des id\u00e9es de cadeaux. Une large gamme allant de la d\u00e9coration aux mets gourmands.\u00a0<\/p>\n<p class=\" wall-content\">Des animations sont aussi propos\u00e9es pour les grands et les petits. Des jeux en bois, un stand de maquillage, une structure gonflable, un tour en poney et des activit\u00e9s sportives comme l\u2019escalade ou le tir au laser sont au programme.\u00a0<\/p>\n<p>Des illuminations et un concert<\/p>\n<p class=\" wall-content\">D\u00e8s le lundi 8 et jusqu\u2019au 13 d\u00e9cembre, des <strong>illuminations<\/strong> sont propos\u00e9es dans le parc du Bourdieu. Chaque soir, la chartreuse sera illumin\u00e9e avec une nouvelle image projet\u00e9e par Limelight.\u00a0<\/p>\n<p class=\" wall-content\">Et pour cl\u00f4turer ces festivit\u00e9s de No\u00ebl, un <strong>concert<\/strong> aura lieu le 14 d\u00e9cembre \u00e0 17h30 \u00e0 l\u2019\u00e9glise. Les \u00e9l\u00e8ves de l\u2019\u00e9cole de musique avec la participation de Trio Saez feront le show dans cet \u00e9v\u00e8nement gratuit.<\/p>\n<p class=\" wall-content\">Personnalisez votre actualit\u00e9 en ajoutant vos villes et m\u00e9dias en favori avec <a href=\"https:\/\/moncompte.actu.fr\" title=\"D\u00e9couvez Mon Actu\" rel=\"nofollow noopener\" data-trk=\"{&quot;cta&quot;:{&quot;action&quot;:&quot;https:\\\/\\\/moncompte.actu.fr&quot;,&quot;category&quot;:&quot;mon compte&quot;,&quot;from&quot;:&quot;article footer&quot;,&quot;name&quot;:&quot;Mon actu&quot;,&quot;type&quot;:&quot;cta&quot;}}\" target=\"_blank\">Mon Actu<\/a>.<\/p>\n","protected":false},"excerpt":{"rendered":"Par Julian Doubax Publi\u00e9 le 7 d\u00e9c. 2025 \u00e0 10h52 Le coup d\u2019envoi des illuminations a d\u00e9j\u00e0 \u00e9t\u00e9&hellip;\n","protected":false},"author":2,"featured_media":584050,"comment_status":"","ping_status":"","sticky":false,"template":"","format":"standard","meta":{"footnotes":""},"categories":[2817],"tags":[1111,11,1997,1777,674,1011,27,2089,12,15830,2219,25,104],"class_list":{"0":"post-584049","1":"post","2":"type-post","3":"status-publish","4":"format-standard","5":"has-post-thumbnail","7":"category-bordeaux","8":"tag-actu","9":"tag-actualites","10":"tag-bordeaux","11":"tag-eu","12":"tag-europe","13":"tag-fr","14":"tag-france","15":"tag-marche","16":"tag-news","17":"tag-noel","18":"tag-nouvelle-aquitaine","19":"tag-republique-francaise","20":"tag-societe"},"share_on_mastodon":{"url":"https:\/\/pubeurope.com\/@fr\/115677942463040236","error":""},"_links":{"self":[{"href":"https:\/\/www.europesays.com\/fr\/wp-json\/wp\/v2\/posts\/584049","targetHints":{"allow":["GET"]}}],"collection":[{"href":"https:\/\/www.europesays.com\/fr\/wp-json\/wp\/v2\/posts"}],"about":[{"href":"https:\/\/www.europesays.com\/fr\/wp-json\/wp\/v2\/types\/post"}],"author":[{"embeddable":true,"href":"https:\/\/www.europesays.com\/fr\/wp-json\/wp\/v2\/users\/2"}],"replies":[{"embeddable":true,"href":"https:\/\/www.europesays.com\/fr\/wp-json\/wp\/v2\/comments?post=584049"}],"version-history":[{"count":0,"href":"https:\/\/www.europesays.com\/fr\/wp-json\/wp\/v2\/posts\/584049\/revisions"}],"wp:featuredmedia":[{"embeddable":true,"href":"https:\/\/www.europesays.com\/fr\/wp-json\/wp\/v2\/media\/584050"}],"wp:attachment":[{"href":"https:\/\/www.europesays.com\/fr\/wp-json\/wp\/v2\/media?parent=584049"}],"wp:term":[{"taxonomy":"category","embeddable":true,"href":"https:\/\/www.europesays.com\/fr\/wp-json\/wp\/v2\/categories?post=584049"},{"taxonomy":"post_tag","embeddable":true,"href":"https:\/\/www.europesays.com\/fr\/wp-json\/wp\/v2\/tags?post=584049"}],"curies":[{"name":"wp","href":"https:\/\/api.w.org\/{rel}","templated":true}]}}