{"id":584053,"date":"2025-12-07T11:03:15","date_gmt":"2025-12-07T11:03:15","guid":{"rendered":"https:\/\/www.europesays.com\/fr\/584053\/"},"modified":"2025-12-07T11:03:15","modified_gmt":"2025-12-07T11:03:15","slug":"sur-glace-division-3-bouscule-a-toulouse-le-hc-avignon-boucle-sa-premiere-partie-invaincue","status":"publish","type":"post","link":"https:\/\/www.europesays.com\/fr\/584053\/","title":{"rendered":"sur-glace &#8211; Division 3 : bouscul\u00e9 \u00e0 Toulouse, le HC Avignon boucle sa premi\u00e8re partie invaincue"},"content":{"rendered":"<p>Avant le d\u00e9placement, Philippe Rollet avait \u00e9mis des inqui\u00e9tudes sur ce d\u00e9placement \u00e0 <a href=\"https:\/\/www.laprovence.com\/article\/sports\/88418504257069\/hockey-sur-glace-division-3-avignon-veut-finir-lannee-invaincu-a-toulouse\" target=\"_blank\" rel=\"noopener\">Toulouse<\/a>. M\u00eame si l&rsquo;issue finale est heureuse pour le <a href=\"https:\/\/www.laprovence.com\/article\/sports\/165027480642815\/hockey-sur-glace-division-3-les-freres-henry-par-amour-pour-le-hc-avignon\" target=\"_blank\" rel=\"noopener\">HC Avignon<\/a> qui a enregistr\u00e9 une septi\u00e8me victoire cons\u00e9cutive, le pr\u00e9sident avait vis\u00e9 juste.<\/p>\n<p>\u00ab\u00a0Est-ce que le d\u00e9placement y a jou\u00e9 ? Est-ce qu&rsquo;on l&rsquo;a jou\u00e9 peut-\u00eatre un petit peu trop facile face \u00e0 une \u00e9quipe qui n&rsquo;a toujours pas gagn\u00e9 une rencontre\u00a0? Je ne sais pas mais en tout cas, c&rsquo;\u00e9tait le match pi\u00e8ge par excellence, et \u00e7a l&rsquo;a clairement \u00e9t\u00e9.\u00a0\u00bb<\/p>\n<p>Il faut dire que les \u00ab\u00a0Castors\u00a0\u00bb ont sign\u00e9 une prestation loin d&rsquo;\u00eatre aboutie. Le match d\u00e9marrait tr\u00e8s mal o\u00f9 ils \u00e9taient surpris d\u00e8s la 29e seconde (1-0). Toulouse jouait lib\u00e9r\u00e9, pressait haut et osait. Pour le HCA, il fallait les r\u00e9actions de Danyk Drouin et <a href=\"https:\/\/www.laprovence.com\/article\/sports\/4464300309676914\/hockey-sur-glace-division-3-avec-avignon-torres-et-rossignol-veulent-briller-face-a-nimes\" target=\"_blank\" rel=\"noopener\">Lilian Torres<\/a> pour rentrer \u00e0 \u00e9galit\u00e9 \u00e0 la fin du premier tiers-temps.<\/p>\n<p>Florent Aub\u00e9 : \u00ab\u00a0On n&rsquo;\u00e9tait clairement pas pr\u00eats\u00a0\u00bb<\/p>\n<p>\u00ab\u00a0On fait quarante minutes tr\u00e8s pauvres, on n&rsquo;a pas mis de rythme et on s&rsquo;est adapt\u00e9s \u00e0 eux. On n&rsquo;\u00e9tait clairement pas pr\u00eats\u00a0\u00bb, reconnaissait l&rsquo;entra\u00eeneur-joueur <a href=\"https:\/\/www.laprovence.com\/article\/sports\/9081586172010214\/hockey-d3-nouveau-coach-et-division-2-avignon-est-ambitieux-pour-2025-2026\" target=\"_blank\" rel=\"noopener\">Florent Aub\u00e9<\/a> qui a d\u00fb, aux c\u00f4t\u00e9s de son adjoint Maxence Jahant, resserrer les boulons avant l&rsquo;entame du troisi\u00e8me tiers-temps o\u00f9 le HCA \u00e9tait men\u00e9 (3-2).<\/p>\n<p>\u00ab\u00a0Physiquement, on \u00e9tait pr\u00e9sents mais on ne faisait pas les efforts jusqu&rsquo;au bout. Apr\u00e8s, in\u00e9vitablement dans la t\u00eate, il y a toujours le truc de se dire : c\u2019est une \u00e9quipe qui a tout perdu et que \u00e7a va bien se passer. Pour le coup, les mots du staff ont \u00e9t\u00e9 forts et c&rsquo;\u00e9tait une obligation car, pour une \u00e9quipe qui pr\u00e9tend participer au carr\u00e9 final, ce n&rsquo;est pas acceptable une telle copie\u00a0\u00bb, d\u00e9veloppait <a href=\"https:\/\/www.laprovence.com\/article\/sports\/466247364753614\/hockey-sur-glace-division-3-avignon-renverse-nice-et-reste-invaincu\" target=\"_blank\" rel=\"noopener\">Jordane Fazende<\/a>.<\/p>\n<p>Des mots qui faisaient mouche. Men\u00e9 apr\u00e8s deux tiers, Avignon se r\u00e9veillait enfin. Jahant \u00e9galisait d\u00e8s la reprise, avant que Drouin, puis Jahant, encore lui, ne fassent basculer la rencontre pour s&rsquo;imposer \u00e0 l&rsquo;arriv\u00e9e.<\/p>\n<p>Le HCA a pu compter sur un Ilan Ouidir des grands soirs<\/p>\n<p>\u00ab\u00a0Les grandes \u00e9quipes trouvent toujours un moyen de gagner. Il n&rsquo;y a pas la mani\u00e8re, mais les trois points et on retiendra \u00e7a\u00a0\u00bb, indiquait Florent Aub\u00e9 qui a pu compter sur un Ilan Ouidir des grands soirs pour sa premi\u00e8re titularisation.<\/p>\n<p>\u00ab\u00a0S&rsquo;il y a un homme du match, c&rsquo;est bien lui. On ne l&rsquo;a pas mis dans de bonnes conditions, mais il a r\u00e9pondu pr\u00e9sent\u00a0\u00bb, insistait le coach.\u00a0\u00ab\u00a0Mentalement, c&rsquo;\u00e9tait dur de commencer comme \u00e7a, mais on est rest\u00e9s dedans. On a montr\u00e9 du caract\u00e8re quand il a fallu\u00a0\u00bb, expliquait Ouidir.<\/p>\n<p>Avec sept victoires en sept matchs, Avignon boucle l&rsquo;ann\u00e9e invaincu et peut aborder la tr\u00eave hivernale l&rsquo;esprit tranquille.<\/p>\n","protected":false},"excerpt":{"rendered":"Avant le d\u00e9placement, Philippe Rollet avait \u00e9mis des inqui\u00e9tudes sur ce d\u00e9placement \u00e0 Toulouse. M\u00eame si l&rsquo;issue finale&hellip;\n","protected":false},"author":2,"featured_media":584054,"comment_status":"","ping_status":"","sticky":false,"template":"","format":"standard","meta":{"footnotes":""},"categories":[2816],"tags":[17,1111,11,6184,17647,30827,8374,1777,674,1011,27,4133,12,2680,3051,25,60,2312],"class_list":{"0":"post-584053","1":"post","2":"type-post","3":"status-publish","4":"format-standard","5":"has-post-thumbnail","7":"category-toulouse","8":"tag-17","9":"tag-actu","10":"tag-actualites","11":"tag-avignon","12":"tag-boucle","13":"tag-bouscule","14":"tag-division","15":"tag-eu","16":"tag-europe","17":"tag-fr","18":"tag-france","19":"tag-hockey-sur-glace","20":"tag-news","21":"tag-occitanie","22":"tag-premiere","23":"tag-republique-francaise","24":"tag-sports","25":"tag-toulouse"},"share_on_mastodon":{"url":"https:\/\/pubeurope.com\/@fr\/115677954254656992","error":""},"_links":{"self":[{"href":"https:\/\/www.europesays.com\/fr\/wp-json\/wp\/v2\/posts\/584053","targetHints":{"allow":["GET"]}}],"collection":[{"href":"https:\/\/www.europesays.com\/fr\/wp-json\/wp\/v2\/posts"}],"about":[{"href":"https:\/\/www.europesays.com\/fr\/wp-json\/wp\/v2\/types\/post"}],"author":[{"embeddable":true,"href":"https:\/\/www.europesays.com\/fr\/wp-json\/wp\/v2\/users\/2"}],"replies":[{"embeddable":true,"href":"https:\/\/www.europesays.com\/fr\/wp-json\/wp\/v2\/comments?post=584053"}],"version-history":[{"count":0,"href":"https:\/\/www.europesays.com\/fr\/wp-json\/wp\/v2\/posts\/584053\/revisions"}],"wp:featuredmedia":[{"embeddable":true,"href":"https:\/\/www.europesays.com\/fr\/wp-json\/wp\/v2\/media\/584054"}],"wp:attachment":[{"href":"https:\/\/www.europesays.com\/fr\/wp-json\/wp\/v2\/media?parent=584053"}],"wp:term":[{"taxonomy":"category","embeddable":true,"href":"https:\/\/www.europesays.com\/fr\/wp-json\/wp\/v2\/categories?post=584053"},{"taxonomy":"post_tag","embeddable":true,"href":"https:\/\/www.europesays.com\/fr\/wp-json\/wp\/v2\/tags?post=584053"}],"curies":[{"name":"wp","href":"https:\/\/api.w.org\/{rel}","templated":true}]}}