{"id":584055,"date":"2025-12-07T11:05:21","date_gmt":"2025-12-07T11:05:21","guid":{"rendered":"https:\/\/www.europesays.com\/fr\/584055\/"},"modified":"2025-12-07T11:05:21","modified_gmt":"2025-12-07T11:05:21","slug":"lille-previsions-meteo-du-dimanche-07-decembre-2025","status":"publish","type":"post","link":"https:\/\/www.europesays.com\/fr\/584055\/","title":{"rendered":"Lille : pr\u00e9visions m\u00e9t\u00e9o du dimanche 07 d\u00e9cembre 2025"},"content":{"rendered":"<p>\u00c0 Lille, la journ\u00e9e du dimanche 7 d\u00e9cembre sera marqu\u00e9e par une pluie faible et un ciel tr\u00e8s nuageux, accompagn\u00e9s d\u2019une douceur inhabituelle pour la saison. Le vent soufflera mod\u00e9r\u00e9ment, avec quelques rafales en fin de journ\u00e9e.<\/p>\n<p>\n    Lille s\u2019\u00e9veille sous une atmosph\u00e8re grise et humide\u2009; ce dimanche 7 d\u00e9cembre 2025 sera marqu\u00e9 par une pluie faible et un flux de sud dynamique. Passons en revue les pr\u00e9visions heure par heure, pour mieux organiser d\u00e9placements et activit\u00e9s.\n<\/p>\n<p>Matin : ciel tr\u00e8s nuageux avant le lever du soleil \u00e0 08\u200935<\/p>\n<p>\n    Entre 08\u200900 et 10\u200900, la capitale des Flandres demeure <b>tr\u00e8s nuageuse<\/b>. Le thermom\u00e8tre affiche <b>10 \u00b0C<\/b>, avec un ressenti de 8 \u00b0C sous un vent de sud soufflant autour de 16 km\/h. Le taux d\u2019humidit\u00e9 avoisine les 94 %.\n<\/p>\n<p>\n    Les pr\u00e9cipitations restent anecdotiques (0,1 mm)\u2009; cependant, la visibilit\u00e9 peut s\u2019amenuiser en p\u00e9riph\u00e9rie bois\u00e9e. Mieux vaut pr\u00e9voir un v\u00eatement imperm\u00e9able pour une promenade vers les march\u00e9s de No\u00ebl.\n<\/p>\n<ul>\n<li>Pression en baisse : 1\u2009006 hPa, signe d\u2019un front encore actif.<\/li>\n<li>Air ti\u00e8de pour la saison, cinq degr\u00e9s au-dessus des normales.<\/li>\n<\/ul>\n<p>Apr\u00e8s-midi : bruine persistante et douceur remarquable<\/p>\n<p>\n    \u00c0 l\u2019heure du d\u00e9jeuner, le radar confirme des <b>averses continues<\/b>. On rel\u00e8vera <b>13 \u00b0C<\/b> vers 15 h, mais l\u2019humidit\u00e9 (96 %) et un ressenti de 10 \u00b0C invitent \u00e0 privil\u00e9gier les espaces abrit\u00e9s.\n<\/p>\n<p>\n    Les pluies atteignent 2,7 mm en trois heures, lessivant les chauss\u00e9es et augmentant le risque d\u2019aquaplanage. Le vent de sud souffle \u00e0 22 km\/h, avec des pointes restant sous le seuil de vigilance\u2009; la promenade reste possible, \u00e0 condition d\u2019\u00eatre bien \u00e9quip\u00e9.\n<\/p>\n<ul>\n<li>Pic de douceur\u2009: +4 \u00b0C par rapport aux moyennes d\u00e9cennales.<\/li>\n<li>Poussi\u00e8res et polluants dilu\u00e9s\u2009; qualit\u00e9 de l\u2019air non \u00e9valu\u00e9e mais probablement correcte.<\/li>\n<\/ul>\n<p>Soir : bruine l\u00e9g\u00e8re, rafales jusqu\u2019\u00e0 48 km\/h et coucher de soleil \u00e0 16\u200943<\/p>\n<p>\n    La luminosit\u00e9 d\u00e9cline rapidement\u2009; d\u00e8s 18 h, la ville s\u2019installe dans l\u2019humidit\u00e9. Vers 21 h, <b>14 \u00b0C<\/b> sont mesur\u00e9s\u2009\u2013 un record journalier potentiel. Une rafale notable de <b>48 km\/h<\/b> orient\u00e9e sud-ouest accompagne la bruine (1,2 mm).\n<\/p>\n<p>\n    Ces bourrasques peuvent retourner un parapluie\u2009: mieux vaut opter pour un coupe-vent. Les cyclistes doivent redoubler de prudence, entre bandes glissantes et feuilles mortes d\u00e9tremp\u00e9es. Le cumul quotidien atteint <b>8,1 mm<\/b>, suffisant pour faire monter la De\u00fble.\n<\/p>\n<tr>Temp\u00e9rature min.Temp\u00e9rature max.Rafales maxi<\/tr>\n<tr>\n<td><b>9 \u00b0C<\/b><\/td>\n<td><b>14 \u00b0C<\/b><\/td>\n<td><b>53 km\/h<\/b><\/td>\n<\/tr>\n<p>Tendance pour lundi 8 d\u00e9cembre : am\u00e9lioration relative mais flux dynamique<\/p>\n<p>\n    La nuit prochaine demeure humide : 13 \u00b0C, bruine r\u00e9siduelle (0,35 mm) et vent SSO \u00e0 31 km\/h. Pour lundi, le sc\u00e9nario annonce une <b>bruine l\u00e9g\u00e8re<\/b>, des temp\u00e9ratures comprises entre 11 et 14 \u00b0C, avec des rafales possibles \u00e0 53 km\/h. La probabilit\u00e9 de pluie chute \u00e0 28 %\u2009\u2013 une accalmie bienvenue pour les trajets domicile-travail.\n<\/p>\n<p>\n    Il conviendra de rester attentif aux sols d\u00e9tremp\u00e9s\u2009; les services de la MEL poursuivent le contr\u00f4le des r\u00e9seaux d\u2019\u00e9gout pour limiter les risques d\u2019inondation urbaine. Pour plus de d\u00e9tails sur les prochains jours, consultez <a href=\"https:\/\/www.meteocity.com\/france\/lille-v2998324\/meteo-15-jours\" target=\"_blank\" rel=\"noopener\">notre bulletin 15 jours<\/a>.\n<\/p>\n<p>\n    En r\u00e9sum\u00e9, la journ\u00e9e refl\u00e8te un automne plus doux et plus humide\u2009; selon le GIEC, ces \u00e9pisodes de pluies r\u00e9guli\u00e8res et vents soutenus devraient devenir plus fr\u00e9quents sous nos latitudes. Restons prudents et adaptatifs\u2009!<\/p>\n","protected":false},"excerpt":{"rendered":"\u00c0 Lille, la journ\u00e9e du dimanche 7 d\u00e9cembre sera marqu\u00e9e par une pluie faible et un ciel tr\u00e8s&hellip;\n","protected":false},"author":2,"featured_media":584056,"comment_status":"","ping_status":"","sticky":false,"template":"","format":"standard","meta":{"footnotes":""},"categories":[2815],"tags":[1111,11,1777,674,1011,27,811,1307,12,25],"class_list":{"0":"post-584055","1":"post","2":"type-post","3":"status-publish","4":"format-standard","5":"has-post-thumbnail","7":"category-lille","8":"tag-actu","9":"tag-actualites","10":"tag-eu","11":"tag-europe","12":"tag-fr","13":"tag-france","14":"tag-hauts-de-france","15":"tag-lille","16":"tag-news","17":"tag-republique-francaise"},"share_on_mastodon":{"url":"https:\/\/pubeurope.com\/@fr\/115677962452994413","error":""},"_links":{"self":[{"href":"https:\/\/www.europesays.com\/fr\/wp-json\/wp\/v2\/posts\/584055","targetHints":{"allow":["GET"]}}],"collection":[{"href":"https:\/\/www.europesays.com\/fr\/wp-json\/wp\/v2\/posts"}],"about":[{"href":"https:\/\/www.europesays.com\/fr\/wp-json\/wp\/v2\/types\/post"}],"author":[{"embeddable":true,"href":"https:\/\/www.europesays.com\/fr\/wp-json\/wp\/v2\/users\/2"}],"replies":[{"embeddable":true,"href":"https:\/\/www.europesays.com\/fr\/wp-json\/wp\/v2\/comments?post=584055"}],"version-history":[{"count":0,"href":"https:\/\/www.europesays.com\/fr\/wp-json\/wp\/v2\/posts\/584055\/revisions"}],"wp:featuredmedia":[{"embeddable":true,"href":"https:\/\/www.europesays.com\/fr\/wp-json\/wp\/v2\/media\/584056"}],"wp:attachment":[{"href":"https:\/\/www.europesays.com\/fr\/wp-json\/wp\/v2\/media?parent=584055"}],"wp:term":[{"taxonomy":"category","embeddable":true,"href":"https:\/\/www.europesays.com\/fr\/wp-json\/wp\/v2\/categories?post=584055"},{"taxonomy":"post_tag","embeddable":true,"href":"https:\/\/www.europesays.com\/fr\/wp-json\/wp\/v2\/tags?post=584055"}],"curies":[{"name":"wp","href":"https:\/\/api.w.org\/{rel}","templated":true}]}}