{"id":584057,"date":"2025-12-07T11:06:15","date_gmt":"2025-12-07T11:06:15","guid":{"rendered":"https:\/\/www.europesays.com\/fr\/584057\/"},"modified":"2025-12-07T11:06:15","modified_gmt":"2025-12-07T11:06:15","slug":"lia-un-levier-dinclusion-massive","status":"publish","type":"post","link":"https:\/\/www.europesays.com\/fr\/584057\/","title":{"rendered":"l\u2019IA un levier d\u2019inclusion massive"},"content":{"rendered":"<p class=\"has-background\" style=\"background-color:#ecf0f3\">Chef d\u2019entreprise, ancien \u00e9lu, auteur et conf\u00e9rencier, Pierre Grand-Dufay s\u2019int\u00e9resse dans ses diff\u00e9rentes activit\u00e9s aux mutations du monde. En 2018, dans <strong><a href=\"https:\/\/gomet.net\/livre-monde-de-tim-grand-dufay\/\" data-type=\"link\" data-id=\"https:\/\/gomet.net\/livre-monde-de-tim-grand-dufay\/\" target=\"_blank\" rel=\"noreferrer noopener\">Le Monde de Tim<\/a><\/strong>, il livrait un passionnant voyage dans nos vies augment\u00e9es par les technologies. Un roman fiction visionnaire alors que sept ans plus tard la g\u00e9n\u00e9ralisation de l\u2019intelligence artificielle dans nos vies quotidiennes est \u00e0 l\u2019oeuvre. <br \/>Aujourd\u2019hui, il exhorte Marseille \u00e0 se mobiliser autour de cette r\u00e9volution aux cons\u00e9quences \u00e9conomiques, sociales et culturelles multiples. Pierre Grand-Dufay explique dans un entretien accord\u00e9 \u00e0 Gomet\u2019 pourquoi la cit\u00e9 phoc\u00e9enne peut et doit devenir \u00ab la capitale m\u00e9diterran\u00e9enne de l\u2019IA. \u00bb<\/p>\n<p><strong>Vous avez publi\u00e9 une tribune remarqu\u00e9e dans La Provence appelant \u00e0 faire de Marseille la capitale m\u00e9diterran\u00e9enne de l\u2019IA. Pourquoi cette d\u00e9marche ?<\/strong><\/p>\n<p><strong>Pierre Grand-Dufay : <\/strong>Parce qu\u2019il existe une \u00e9vidence historique et une urgence sociale. Aux XVII\u1d49 et XVIII\u1d49 si\u00e8cles, Marseille \u00e9tait l\u2019un des grands centres de l\u2019\u00e9conomie mondiale. Les routes du Levant, de l\u2019Europe et de l\u2019Orient convergeaient vers elle, et ces routes avaient \u00e9t\u00e9 organis\u00e9es d\u00e8s 1599 par la premi\u00e8re Chambre de Commerce de France, c\u2019\u00e9tait d\u00e9j\u00e0 un mod\u00e8le de gouvernance des flux.\u00a0<\/p>\n<p><a data-no-instant=\"1\" href=\"https:\/\/ampmetropole.fr\/missions\/strategie-environnementale\/alimentation-et-agriculture\/avec-les-halles-de-producteurs-la-metropole-cultive-le-bien-manger-en-provence\/\" rel=\"noopener nofollow\" class=\"a2t-link\" target=\"_blank\" aria-label=\"2025_1.2_11_HPD_1200x148 3\"><img loading=\"lazy\" decoding=\"async\" src=\"data:image\/svg+xml,%3Csvg%20xmlns=\" http:=\"\" alt=\"\" data-lazy- data-lazy- width=\"2048\" height=\"253\" style=\"display: inline-block;\" data-lazy-src=\"https:\/\/www.europesays.com\/fr\/wp-content\/uploads\/2025\/11\/2025_1.2_11_hpd_1200x148-3-scaled.jpg\"\/><\/a><\/p>\n<p>Aujourd\u2019hui, une autre carte raconte la m\u00eame histoire : celle des c\u00e2bles sous-marins num\u00e9riques qui relient l\u2019Europe, l\u2019Afrique, le Moyen-Orient et l\u2019Asie, soit 57 pays et plus de cinq milliards d\u2019utilisateurs potentiels, Marseille est devenue le 6\u1d49 hub num\u00e9rique mondial, mais cette position exceptionnelle contraste avec une r\u00e9alit\u00e9 tr\u00e8s pr\u00e9occupante : une grande partie de la population marseillaise vit \u00e0 l\u2019\u00e9cart de la croissance, sans acc\u00e8s aux comp\u00e9tences de demain.\u00a0<\/p>\n<p>L\u2019intelligence artificielle n\u2019est donc pas seulement une opportunit\u00e9 \u00e9conomique : pour Marseille, c\u2019est une question de survie sociale. Si nous ne formons pas massivement notre population, en commen\u00e7ant par les plus d\u00e9favoris\u00e9s, alors une g\u00e9n\u00e9ration enti\u00e8re sera laiss\u00e9e en marge d\u2019un monde qui change \u00e0 une vitesse fulgurante.<\/p>\n<p>\u00c0 l\u2019inverse, si nous r\u00e9ussissons cette transformation, Marseille peut faire de l\u2019IA un levier d\u2019inclusion massive et redevenir un mod\u00e8le mondial, non par sa puissance, mais par la fa\u00e7on dont elle saura int\u00e9grer l\u2019ensemble de sa population dans cette transition, et en tirer une croissance \u00e9conomique durable. L\u2019opportunit\u00e9 est l\u00e0, mais elle ne nous attendra pas.<\/p>\n<p>Le campus IA doit \u00eatre central, visible, accessible et ouvert 7 jours sur 7<\/p>\n<p><strong>Comment concr\u00e9tiser cette ambition ?<\/strong><\/p>\n<p><strong>Pierre Grand-Dufay : <\/strong>En faisant de Marseille le laboratoire m\u00e9diterran\u00e9en de l\u2019IA inclusive, et ce n\u2019est pas un slogan, c\u2019est un projet concret. Il faut commencer par cr\u00e9er, au c\u0153ur de la ville, une Maison m\u00e9diterran\u00e9enne de l\u2019IA et des Comp\u00e9tences : un espace ouvert et populaire, o\u00f9 chacun, absolument chacun, peut apprendre \u00e0 utiliser l\u2019intelligence artificielle sans intimidation, comme on apprendrait \u00e0 lire. Les Galeries Lafayette, aujourd\u2019hui vacantes, offrent une opportunit\u00e9 unique. Le campus doit \u00eatre central, visible, accessible et ouvert 7 jours sur 7.<\/p>\n<p>Ensuite, il faut former massivement la population, en commen\u00e7ant par les quartiers populaires, car ce sont eux qui seront les premi\u00e8res victimes de la r\u00e9volution technologique si rien n\u2019est fait. L\u2019IA va \u00e9liminer certains m\u00e9tiers, en transformer d\u2019autres, et en cr\u00e9er de nouveaux : il est imp\u00e9ratif que tous les Marseillais, et pas seulement une \u00e9lite, y soient pr\u00e9par\u00e9s.<\/p>\n<p>Cela suppose des formats rapides et progressifs : des ateliers de deux heures pour d\u00e9couvrir les usages, des parcours de vingt heures pour acqu\u00e9rir les comp\u00e9tences essentielles, puis des certificats m\u00e9tiers de cinquante \u00e0 cent vingt heures dans la sant\u00e9, la logistique, le commerce, l\u2019h\u00f4tellerie, le BTP, l\u2019administratif\u2026 Enfin, un accompagnement vers des micro-stages et de l\u2019alternance permettra de transformer la comp\u00e9tence en emploi.<\/p>\n<p>Mais le c\u0153ur du raisonnement est ailleurs : former massivement la population, c\u2019est irriguer tout le tissu \u00e9conomique de la comp\u00e9tence IA et cr\u00e9er un cercle vertueux : former un tr\u00e8s grand nombre de Marseillais, y compris ceux qui n\u2019auraient jamais imagin\u00e9 travailler avec l\u2019IA, car ces personnes vont entrer ensuite dans les entreprises, qui vont alors d\u00e9couvrir et adopter les usages les plus utiles, ou cr\u00e9er leur propre start-up. Ensuite les entreprises vont am\u00e9liorer gr\u00e2ce \u00e0 l\u2019IA leur productivit\u00e9, leur organisation, leurs services et elles embaucheront davantage de personnes form\u00e9es, cr\u00e9ant \u00e0 leur tour un appel d\u2019air pour les formations, et toute la ville montera en comp\u00e9tence, devenant une ville \u00e0 la pointe de l\u2019IA, gage d\u2019une croissance \u00e9conomique forte.<\/p>\n<p>Un hub sans population form\u00e9e est un hub sans destin et sans \u00e2me<\/p>\n<p>C\u2019est \u00e7a qui transforme l\u2019IA en un projet territorial, et non en une innovation abstraite. Car si Marseille ne forme pas massivement sa population d\u00e8s maintenant, elle restera un hub technique sans devenir un hub humain. Et un hub sans population form\u00e9e est un hub sans destin et sans \u00e2me.<\/p>\n<p><strong>Ne craignez-vous pas que l\u2019IA remplace alors des comp\u00e9tences humaines et d\u00e9truise des emplois\u00a0?<\/strong><\/p>\n<p><strong>Pierre Grand-Dufay : <\/strong>Regardez autour de vous, les pays les plus robotis\u00e9s ont les taux de ch\u00f4mage les plus faibles, parfois m\u00eame n\u00e9gatifs, alors que ceux o\u00f9 la robotisation est faible ont un ch\u00f4mage \u00e9lev\u00e9, comme c\u2019est le cas en France. C\u2019est\u00a0 contre-intuitif, je vous l\u2019accorde mais plus un territoire automatise, moins il d\u00e9truit d\u2019emplois\u2026 \u00e0 condition que cette automatisation s\u2019accompagne d\u2019une v\u00e9ritable mont\u00e9e en comp\u00e9tences.<\/p>\n<p><strong>En quoi votre projet diff\u00e8re-t-il des initiatives existantes comme le campus num\u00e9rique de La Plateforme, The Camp ou le projet Theodora ?<\/strong><\/p>\n<p><strong>Pierre Grand-Dufay : <\/strong>Ce sont d\u2019excellentes initiatives. Mon projet concerne la totalit\u00e9 de la population, et surtout ceux qui n\u2019ont aujourd\u2019hui aucune chance d\u2019acc\u00e9der aux m\u00e9tiers du num\u00e9rique, c\u2019est un projet de soci\u00e9t\u00e9 qui r\u00e9pond \u00e0 des objectifs \u00e9conomiques mais avant tout sociologiques, car sans correction massive de la fracture actuelle, Marseille conna\u00eetra un centre num\u00e9rique hyperperformant entour\u00e9 d\u2019une p\u00e9riph\u00e9rie sociale marginalis\u00e9e. Mon projet vise justement \u00e0 \u00e9viter cette d\u00e9rive.<\/p>\n<p>L\u2019IA comme levier d\u2019\u00e9mancipation<\/p>\n<p>L\u2019IA n\u2019est pas un gadget technologique : c\u2019est un levier d\u2019\u00e9mancipation. Si nous n\u2019agissons pas maintenant, elle aggravera les \u00e9carts ; si nous agissons rapidement, elle peut les r\u00e9duire.<\/p>\n<p><strong>Marseille a rat\u00e9 certains rendez-vous m\u00e9diterran\u00e9ens, comme l\u2019accueil du si\u00e8ge celui de l\u2019Union pour la M\u00e9diterran\u00e9e install\u00e9 finalement \u00e0 Barcelone. Pourquoi serait-ce diff\u00e9rent cette fois ?<\/strong><\/p>\n<p><strong>Pierre Grand-Dufay : <\/strong>Parce qu\u2019\u00e0 l\u2019\u00e9poque, la dynamique technologique qui peut aujourd\u2019hui transformer une ville n\u2019existait pas. L\u2019UPM reposait sur une diplomatie classique ; notre projet s\u2019appuie sur un moteur enti\u00e8rement nouveau : l\u2019intelligence artificielle qui est un levier in\u00e9dit pour \u00eatre non seulement un hub g\u00e9opolitique, mais surtout un laboratoire social et technologique capable d\u2019entra\u00eener tout un territoire.\u00a0 L\u2019histoire nous offre une fen\u00eatre, si nous la laissons passer, nous perdrons une g\u00e9n\u00e9ration.<\/p>\n<p><strong>En quoi Marseille est-elle adapt\u00e9e pour devenir un phare m\u00e9diterran\u00e9en de l\u2019IA ?<\/strong><\/p>\n<p><strong>Pierre Grand-Dufay : <\/strong>Parce qu\u2019elle r\u00e9unit des qualit\u00e9s rares : une position g\u00e9ostrat\u00e9gique exceptionnelle, une culture du m\u00e9lange unique en Europe, une capacit\u00e9 d\u2019adaptation historique, et de nombreux atouts dont Aix-Marseille Universit\u00e9 et ses p\u00f4les d\u2019excellence en sciences et technologies, des centres de recherche de rang mondial, un r\u00e9seau de start-ups et d\u2019incubateurs dynamiques, une R\u00e9gion tr\u00e8s mobilis\u00e9e pour la transition num\u00e9rique et \u00e9nerg\u00e9tique, qui utilise d\u00e9j\u00e0 l\u2019IA pour moderniser son administration, des entreprises tr\u00e8s innovantes, souvent leaders dans leur secteur, et une locomotive extraordinaire avec CMA CGM qui dynamise tout un territoire, en pointe dans de nombreux domaines dont l\u2019IA.<\/p>\n<p>Plus une soci\u00e9t\u00e9 est diverse, plus ses algorithmes sont justes\u00a0!\u00a0<\/p>\n<p><strong>L\u2019IA peut-elle r\u00e9duire vraiment la fracture sociale ?<\/strong><\/p>\n<p><strong>Pierre Grand-Dufay : <\/strong>Il est vrai que le taux de pauvret\u00e9 \u00e0 Marseille est tr\u00e8s \u00e9lev\u00e9 et une tr\u00e8s grande partie de la population est mise \u00e0 l\u2019\u00e9cart du d\u00e9veloppement \u00e9conomique et donc de la maitrise des outils num\u00e9riques. Il faut transformer cette situation en atout car la diversit\u00e9 humaine, assez unique en Europe, peut-\u00eatre une richesse strat\u00e9gique pour l\u2019IA : plus une soci\u00e9t\u00e9 est diverse, plus ses algorithmes sont justes\u00a0!\u00a0<\/p>\n<p>L\u2019IA repr\u00e9sente une chance historique de ramener cette population d\u00e9favoris\u00e9e vers la connaissance et l\u2019emploi. Je me r\u00e9p\u00e8te mais sans politique volontariste, l\u2019IA aggravera la fracture entre qualifi\u00e9s et non qualifi\u00e9s. En revanche si Marseille forme en priorit\u00e9 les publics fragiles, elle deviendra la premi\u00e8re ville europ\u00e9enne \u00e0 utiliser l\u2019IA comme levier de dignit\u00e9, d\u2019employabilit\u00e9 et de mobilit\u00e9 sociale. Former massivement n\u2019est pas une option : c\u2019est la seule mani\u00e8re d\u2019\u00e9viter que des milliers de Marseillais ne se retrouvent sans avenir.<\/p>\n<p><strong>L\u2019IA consomme de l\u2019\u00e9nergie. Marseille peut-elle devenir un mod\u00e8le ?<\/strong><\/p>\n<p><strong>Pierre Grand-Dufay : <\/strong>Oui, car la ville combine les atouts n\u00e9cessaires : un r\u00f4le central dans les flux mondiaux de donn\u00e9es, une r\u00e9gion pionni\u00e8re dans la d\u00e9carbonation et un tissu technologique innovant. Marseille peut devenir la capitale m\u00e9diterran\u00e9enne de l\u2019IA efficiente : utile, sobre et performante.<\/p>\n<p><img loading=\"lazy\" decoding=\"async\" width=\"1024\" height=\"683\" src=\"data:image\/svg+xml,%3Csvg%20xmlns=\" http:=\"\" alt=\"Pierre Grand-Dufay\" class=\"wp-image-375072\" data-lazy- data-lazy- data-lazy-src=\"https:\/\/www.europesays.com\/fr\/wp-content\/uploads\/2025\/09\/foorum-ensam-sept-20256467-1024x683.jpg\"\/>Pierre Grand-Dufay intervient lors du dernier forum \u00ab\u00a0Nos \u00e9nergies en question(s)\u00a0\u00bb organis\u00e9 par Gomet\u2019 \u00e0 l\u2019Ensam \u00e0 Aix en septembre 2025 sur le th\u00e8me de l\u2019impact \u00e9nerg\u00e9tique du num\u00e9rique (Cr\u00e9dit JYD\/Gomet\u2019)<\/p>\n<p><strong>La M\u00e9diterran\u00e9e peut-elle porter une ambition num\u00e9rique ?<\/strong><\/p>\n<p><strong>Pierre Grand-Dufay : <\/strong>Oui, car elle concentre les d\u00e9fis du si\u00e8cle\u00a0: \u00e9nergie, climat, mobilit\u00e9, d\u00e9mographie. L\u2019IA peut \u00eatre un instrument de coop\u00e9ration r\u00e9gionale. Marseille doit initier un r\u00e9seau m\u00e9diterran\u00e9en des villes de l\u2019IA et une Charte m\u00e9diterran\u00e9enne de l\u2019IA, \u00e9quivalent contemporain de la Lex Mercatoria de 1599..<\/p>\n<p><strong>Que serait cette Charte m\u00e9diterran\u00e9enne ?<\/strong><\/p>\n<p><strong>Pierre Grand-Dufay : <\/strong>Un cadre commun garantissant transparence des algorithmes, protection des libert\u00e9s, partage \u00e9quitable de la valeur, inclusion des publics fragiles et sobri\u00e9t\u00e9 \u00e9nerg\u00e9tique. Nous devons nous inspirer de l\u2019AI Act europ\u00e9en et de la r\u00e9cente loi californienne, la \u00ab\u00a0Transparency in Frontier Artificial Intelligence Act\u00a0\u00bb, qui entrera en application dans quelques semaines. Toutes les r\u00e9gions du monde auront bient\u00f4t leur propre r\u00e9glementation des usages de l\u2019IA, la M\u00e9diterran\u00e9e doit avoir la sienne.<\/p>\n<p><strong>Vous dirigez Tertium, avait \u00e9lu \u00e0 la r\u00e9gion en charge de l\u2019\u00e9conomie, \u00e9crit des romans, vous donnez r\u00e9guli\u00e8rement des conf\u00e9rences. Quels sont vos projets aujourd\u2019hui ?<\/strong><\/p>\n<p><strong>Pierre Grand-Dufay : <\/strong>J\u2019ai vraiment appr\u00e9ci\u00e9 mon mandat de pr\u00e9sident de la commission \u00c9conomie-Emploi de la R\u00e9gion et travailler au service de tous est passionnant, au sein d\u2019une institution agile et performante pour les cinq millions d\u2019habitants de Provence-Alpes-C\u00f4te d\u2019Azur.\u00a0<\/p>\n<p>Elle est dirig\u00e9e par un pr\u00e9sident remarquable, Renaud Muselier, qui est aussi efficace dans l\u2019action que visionnaire dans ses choix pour l\u2019avenir, par des \u00e9lus tr\u00e8s impliqu\u00e9s et des services tr\u00e8s comp\u00e9tents.\u00a0<\/p>\n<p>Tertium a fait une tr\u00e8s bonne ann\u00e9e 2025 avec deux tr\u00e8s belles cessions : WAGA, en passe de devenir le leader mondial de la m\u00e9thanisation de gaz de sites d\u2019enfouissement, alors que nous \u00e9tions entr\u00e9s \u00e0 son capital quand elle n\u2019\u00e9tait qu\u2019une start up, que nous avons c\u00e9d\u00e9e dans de tr\u00e8s bonnes conditions au fonds d\u2019investissement su\u00e9dois EQT Partners, ainsi que Synergie Cad (fabrication de tests pour semi-conducteurs), c\u00e9d\u00e9e au fonds d\u2019investissement Ardian. C\u2019est formidable de contribuer \u00e0 l\u2019\u00e9closion de leaders europ\u00e9ens ou mondiaux et d\u2019investir dans des soci\u00e9t\u00e9s innovantes. Le capital d\u00e9veloppement est r\u00e9ellement un maillon essentiel du d\u00e9veloppement \u00e9conomique des territoires.\u00a0<\/p>\n<p>L\u2019ann\u00e9e 2026 annonce \u00e9galement de tr\u00e8s belles r\u00e9alisations. En parall\u00e8le, je poursuis \u00e0 temps perdu mon activit\u00e9 d\u2019\u00e9crivain et de conf\u00e9rencier, passionn\u00e9 par les nouvelles technologies et leur impact dans nos soci\u00e9t\u00e9s. Il est vrai que mon m\u00e9tier me permet d\u2019\u00eatre en contact permanent avec les innovations, nouvelles technologies, projets et visions d\u2019avenir.<\/p>\n<p><strong>Pourquoi Marseille peut-elle r\u00e9ussir cette fois-ci ?<\/strong><\/p>\n<p><strong>Pierre Grand-Dufay : <\/strong>Parce qu\u2019il existe une \u00e9vidence historique et une urgence sociale et parce qu\u2019elle n\u2019a pas le choix. Marseille doit devenir la capitale m\u00e9diterran\u00e9enne de l\u2019intelligence artificielle. En conclusion, permettez-moi de citer Victor Hugo : \u00ab\u00a0Rien n\u2019est plus puissant qu\u2019une id\u00e9e dont l\u2019heure est venue\u00a0\u00bb.<\/p>\n<p class=\"has-background\" style=\"background-color:#edf2f6\">Liens utiles :<\/p>\n<p><strong><a href=\"https:\/\/gomet.net\/livre-monde-de-tim-grand-dufay\/\" target=\"_blank\" rel=\"noreferrer noopener\">Le Monde de Tim : un passionnant voyage en 2047 dans nos vies augment\u00e9es<\/a><\/strong><br \/><a href=\"https:\/\/gomet.net\/chronique-numerique-redonner-un-cap-a-la-puissance-de-lia-pierre-grand-dufay\/\" target=\"_blank\" rel=\"noopener\"><strong>Chronique num\u00e9rique : \u00ab\u00a0Redonner un cap \u00e0 la puissance de l\u2019IA\u00a0\u00bb (Pierre Grand-Dufay)<\/strong><\/a><br \/><strong><a href=\"https:\/\/gomet.net\/pierre-grand-dufay-ia-defi-energetique-ecologique\/\" target=\"_blank\" rel=\"noreferrer noopener\">Pierre Grand-Dufay : \u00ab L\u2019IA, d\u00e9fi \u00e9nerg\u00e9tique ou chance \u00e9cologique ? \u00bb<\/a><\/strong><\/p>\n","protected":false},"excerpt":{"rendered":"Chef d\u2019entreprise, ancien \u00e9lu, auteur et conf\u00e9rencier, Pierre Grand-Dufay s\u2019int\u00e9resse dans ses diff\u00e9rentes activit\u00e9s aux mutations du monde.&hellip;\n","protected":false},"author":2,"featured_media":584058,"comment_status":"","ping_status":"","sticky":false,"template":"","format":"standard","meta":{"footnotes":""},"categories":[2814],"tags":[1111,11,1777,674,1011,27,884,12,882,25],"class_list":{"0":"post-584057","1":"post","2":"type-post","3":"status-publish","4":"format-standard","5":"has-post-thumbnail","7":"category-marseille","8":"tag-actu","9":"tag-actualites","10":"tag-eu","11":"tag-europe","12":"tag-fr","13":"tag-france","14":"tag-marseille","15":"tag-news","16":"tag-provence-alpes-cote-dazur","17":"tag-republique-francaise"},"share_on_mastodon":{"url":"https:\/\/pubeurope.com\/@fr\/115677966930139483","error":""},"_links":{"self":[{"href":"https:\/\/www.europesays.com\/fr\/wp-json\/wp\/v2\/posts\/584057","targetHints":{"allow":["GET"]}}],"collection":[{"href":"https:\/\/www.europesays.com\/fr\/wp-json\/wp\/v2\/posts"}],"about":[{"href":"https:\/\/www.europesays.com\/fr\/wp-json\/wp\/v2\/types\/post"}],"author":[{"embeddable":true,"href":"https:\/\/www.europesays.com\/fr\/wp-json\/wp\/v2\/users\/2"}],"replies":[{"embeddable":true,"href":"https:\/\/www.europesays.com\/fr\/wp-json\/wp\/v2\/comments?post=584057"}],"version-history":[{"count":0,"href":"https:\/\/www.europesays.com\/fr\/wp-json\/wp\/v2\/posts\/584057\/revisions"}],"wp:featuredmedia":[{"embeddable":true,"href":"https:\/\/www.europesays.com\/fr\/wp-json\/wp\/v2\/media\/584058"}],"wp:attachment":[{"href":"https:\/\/www.europesays.com\/fr\/wp-json\/wp\/v2\/media?parent=584057"}],"wp:term":[{"taxonomy":"category","embeddable":true,"href":"https:\/\/www.europesays.com\/fr\/wp-json\/wp\/v2\/categories?post=584057"},{"taxonomy":"post_tag","embeddable":true,"href":"https:\/\/www.europesays.com\/fr\/wp-json\/wp\/v2\/tags?post=584057"}],"curies":[{"name":"wp","href":"https:\/\/api.w.org\/{rel}","templated":true}]}}