{"id":584059,"date":"2025-12-07T11:07:12","date_gmt":"2025-12-07T11:07:12","guid":{"rendered":"https:\/\/www.europesays.com\/fr\/584059\/"},"modified":"2025-12-07T11:07:12","modified_gmt":"2025-12-07T11:07:12","slug":"horaire-coequipiers-et-adversaires-tout-savoir-sur-le-retour-de-zidane-au-velodrome","status":"publish","type":"post","link":"https:\/\/www.europesays.com\/fr\/584059\/","title":{"rendered":"horaire, co\u00e9quipiers et adversaires&#8230; tout savoir sur le retour de Zidane au V\u00e9lodrome"},"content":{"rendered":"<p class=\"rev-margin-0 rev-text-xs-normal\">Zinedine Zidane aux c\u00f4t\u00e9s de Jamel Debbouze lors d&rsquo;un match de solidarit\u00e9 en faveur de la lutte contre la pauvret\u00e9 au V\u00e9lodrome en 2007.<\/p>\n<p class=\"rev-margin-0 rev-text-xs-bold\">\/ PHOTO ARCHIVES BRUNO SOUILLARD<\/p>\n<p><a href=\"https:\/\/www.laprovence.com\/article\/om\/40639591488583\/lille-om-1-0-les-olympiens-en-dessous-de-tout\" target=\"_blank\" rel=\"noopener\">L&rsquo;OM s&rsquo;est d\u00e9plac\u00e9 \u00e0 Lille<\/a> vendredi soir, mais cela ne va pas emp\u00eacher le public marseillais de garnir les trav\u00e9es du stade V\u00e9lodrome ce dimanche <a href=\"https:\/\/www.laprovence.com\/article\/sports\/3707345853612114\/universe-league-entre-divertissement-et-competition-tout-savoir-sur-levenement-au-velodrome-le-7-decembre\" target=\"_blank\" rel=\"noopener\">\u00e0 l&rsquo;occasion de \u00ab\u00a0Universe League\u00a0\u00bb<\/a>, un \u00e9v\u00e9nement <a href=\"https:\/\/www.laprovence.com\/article\/sports\/34809166953943\/universe-league-neveu-de-zizou-ryad-zidane-souvre-les-portes-du-velodrome-le-7-decembre\" target=\"_blank\" rel=\"noopener\">organis\u00e9 par Ryad Zidane, le neveu de Zinedine<\/a>. L&rsquo;idole fran\u00e7aise sera bel et bien pr\u00e9sente, tout comme de nombreuses autres l\u00e9gendes et artistes.<\/p>\n<p>Depuis quand n&rsquo;a-t-il plus jou\u00e9 au Vel&rsquo;\u00a0?<\/p>\n<p>L&rsquo;ancien N.10 des Bleus est revenu plusieurs fois au Vel&rsquo; depuis la fin de sa carri\u00e8re, notamment en novembre 2023 pour la 3e \u00e9dition du Tournoi des D\u00e9fenseurs de l&rsquo;Enfance. Mais pour le voir taper le cuir sur la pelouse marseillaise, il faut remonter \u00e0\u00a02007. Huit mois apr\u00e8s sa derni\u00e8re rencontre professionnelle, \u00ab\u00a0ZZ\u00a0\u00bb avait r\u00e9enfil\u00e9 les crampons pour un match de solidarit\u00e9 en faveur de la lutte contre la pauvret\u00e9 durant lequel son \u00e9quipe avait affront\u00e9 celle du Br\u00e9silien Ronaldo. Les deux amis \u00e9taient associ\u00e9s quatre ans plus t\u00f4t, sous le maillot du Real Madrid, pour d\u00e9fier l&rsquo;OM en phase de poules de Ligue des champions. La manche retour, remport\u00e9e par les Merengues, est la derni\u00e8re apparition de Zidane en match officiel au Vel&rsquo;.<\/p>\n<p>En plus des deux premi\u00e8res \u00e9ditions du salon \u00ab\u00a0Universe Football\u00a0\u00bb, <a href=\"https:\/\/www.laprovence.com\/actu\/en-direct\/865264482805815\/football-au-z5-d-aix-zidane-laisse-planer-le-doute-sur-son-avenir\" target=\"_blank\" rel=\"noopener\">au Z5 en\u00a02023<\/a> puis <a href=\"https:\/\/www.laprovence.com\/article\/sports\/3860464470086715\/universe-football-un-salon-qui-veut-surprendre-zinedine-zidane-et-le-public\" target=\"_blank\" rel=\"noopener\">\u00e0 l&rsquo;Arena d&rsquo;Aix l&rsquo;ann\u00e9e suivante<\/a>, l&rsquo;enfant de <a href=\"https:\/\/www.laprovence.com\/article\/sports\/1141039502219514\/football-zinedine-zidane-star-dun-tournoi-de-quartiers-a-la-castellane\" target=\"_blank\" rel=\"noopener\">La Castellane<\/a> est apparu balle au pied en mai\u00a02024 \u00e0 l&rsquo;occasion des 100\u00a0ans du stade Parc Lescure (devenu Chaban-Delmas) \u00e0 Bordeaux, club dont il a port\u00e9 les couleurs pendant quatre saisons. Ces derni\u00e8res semaines, c&rsquo;est du c\u00f4t\u00e9 de <a href=\"https:\/\/www.laprovence.com\/article\/sports\/1846022609813714\/football-de-cannes-au-real-madrid-david-bettoni-revient-sur-sa-carriere-aux-cotes-de-zinedine-zidane\" target=\"_blank\" rel=\"noopener\">Cannes, o\u00f9 il a \u00e9t\u00e9 form\u00e9<\/a>, et de Toulon qu&rsquo;il a \u00e9t\u00e9 aper\u00e7u pour des matches des l\u00e9gendes auxquels il n&rsquo;a cependant pas particip\u00e9.<\/p>\n<p>\u00c0 quelle heure sera-t-il sur le terrain\u00a0?<\/p>\n<p>Le Ballon d&rsquo;Or 1998 devrait bien enfiler ses crampons ce dimanche soir, ce que tout le monde attend. Reste \u00e0 savoir \u00e0 quelle heure le public phoc\u00e9en va-t-il pouvoir l&rsquo;admirer balle au pied. Selon le programme communiqu\u00e9 par les organisateurs, trois rencontres (dont la premi\u00e8re va servir de s\u00e9lection pour <a href=\"https:\/\/www.laprovence.com\/article\/sports\/1345788457963914\/cartes-speciales-buts-doubles-tout-comprendre-aux-regles-de-la-kings-league-le-foot-du-futur-qui-debarque-au-velodrome\" target=\"_blank\" rel=\"noopener\">l&rsquo;\u00e9quipe de France de Kings League en vue de la coupe du monde<\/a> de la discipline dans un mois au Br\u00e9sil) sont au programme \u00e0 18h30, 19h45 et 20h45. <a href=\"https:\/\/www.laprovence.com\/article\/region\/4854775567831714\/quand-on-ne-peut-pas-guerir-un-enfant-il-y-a-tout-a-faire-a-istres-la-maison-du-point-rose-se-profile-pour-2026\" target=\"_blank\" rel=\"noopener\">Zidane<\/a> et les autres guests seront align\u00e9s lors du 3e match.<\/p>\n<p>Avec qui et contre qui\u00a0?<\/p>\n<p>Justement, quelles sont les stars qui vont fouler la pelouse du Vel&rsquo;\u00a0? Le match des l\u00e9gendes opposera Marseille \u00e0 Paris, surnomm\u00e9s \u00ab\u00a0Phocea Universe\u00a0\u00bb et \u00ab\u00a0King Capitale\u00a0\u00bb. C\u00f4t\u00e9 proven\u00e7al, on retrouvera notamment <a href=\"https:\/\/www.laprovence.com\/article\/om\/1264544507539515\/om-ajax-les-lecons-de-madrid-le-poids-du-velodrome-di-meco-se-livre-avant-le-retour-de-la-ligue-des-champions-au-vel\" target=\"_blank\" rel=\"noopener\">Eric Di Meco<\/a>, <a href=\"https:\/\/www.laprovence.com\/article\/om\/18253855481637\/om-tu-comprends-cest-un-grand-club-les-soirs-de-ligue-des-champions-les-anecdotes-europeennes-de-souleymane-diawara\" target=\"_blank\" rel=\"noopener\">Souleymane Diawara<\/a>, <a href=\"https:\/\/www.laprovence.com\/article\/om\/1998472034605415\/om-deux-gros-morceaux-dentree-pour-les-jeunes-olympiens-engages-au-trophee-des-academies\" target=\"_blank\" rel=\"noopener\">Mamadou Niang<\/a>, <a href=\"https:\/\/www.laprovence.com\/article\/sports\/625713667700114\/football-nasri-rami-kounde-maignan-y-participent-cest-quoi-la-kings-league-ce-foot-du-futur\" target=\"_blank\" rel=\"noopener\">Samir Nasri<\/a>, <a href=\"https:\/\/www.laprovence.com\/article\/societe\/3030604875614514\/soyez-genereux-presse-dimitri-payet-parrain-de-la-campagne-de-collecte-de-la-banque-alimentaire-a-marseille\" target=\"_blank\" rel=\"noopener\">Dimitri Payet<\/a>, <a href=\"https:\/\/www.laprovence.com\/article\/sports\/1159342833406915\/football-present-dans-lequipe-dadil-rami-leo-colin-se-relance-en-kings-league\" target=\"_blank\" rel=\"noopener\">Adil Rami<\/a>, <a href=\"https:\/\/www.laprovence.com\/article\/om\/9647249882614614\/om-cest-gerets-qui-aurait-du-etre-champion-avant-le-match-des-legendes-taye-taiwo-se-livre-sur-son-histoire-olympienne\" target=\"_blank\" rel=\"noopener\">Taye Taiwo<\/a>, <a href=\"https:\/\/www.laprovence.com\/article\/om\/4692186272230214\/football-zizou-reste-comme-un-grand-frere-confie-lancien-olympien-franck-ribery\" target=\"_blank\" rel=\"noopener\">Franck Rib\u00e9ry<\/a> ou encore Fabien Barthez et Robert Pir\u00e8s&#8230; sans oublier Zizou ! La formation parisienne sera en partie repr\u00e9sent\u00e9e par Luis Fernandez, J\u00e9r\u00e9my Menez, Mevl\u00fct Erdin\u00e7, <a href=\"https:\/\/www.laprovence.com\/article\/om\/29332125507238\/om-newcastle-entame-ratee-performances-de-bakola-et-aubameyang-velodrome-christophe-jallet-debriefe-la-victoire-olympienne\" target=\"_blank\" rel=\"noopener\">Christophe Jallet<\/a>, David Ginola, K\u00e9vin Gameiro, Gerard Piqu\u00e9, <a href=\"https:\/\/www.laprovence.com\/article\/om\/1126191834851114\/om-pour-le-champion-du-monde-samuel-umtiti-pavard-peut-apporter-enormement-au-club-olympien\" target=\"_blank\" rel=\"noopener\">Samuel Umtiti<\/a>, Ludovic Giuly, Sonny Anderson, J\u00e9r\u00e9my Mathieu et Javier Saviola.<\/p>\n<p>Comment suivre l&rsquo;\u00e9v\u00e9nement\u00a0?<\/p>\n<p>Pour ceux qui n&rsquo;auront pas la chance d&rsquo;\u00eatre au V\u00e9lodrome, il sera possible de suivre la soir\u00e9e sur les cha\u00eenes officielles de Kings League France et Espagne d\u00e8s 18h, mais aussi sur France 4 et la plateforme france.tv \u00e0 partir de 18h10. Enfin, la retransmission radio sera assur\u00e9e par RMC.<\/p>\n<p><img alt=\"\" loading=\"lazy\" width=\"18\" height=\"18\" decoding=\"async\" data-nimg=\"1\" class=\"mx-[8px]\" style=\"color:transparent\" src=\"https:\/\/www.laprovence.com\/_next\/static\/media\/comment.b95dda91.svg\"\/>D\u00e9marrez la conversation<\/p>\n<p class=\"text-[1.8rem] mt-[32px]\">Votre opinion compte pour nous. Rejoignez la communaut\u00e9 laprovence.com en r\u00e9agissant sur l&rsquo;article Universe League : horaires, co\u00e9quipiers et adversaires&#8230; tout savoir sur le retour de Zidane au V\u00e9lodrome.<\/p>\n","protected":false},"excerpt":{"rendered":"Zinedine Zidane aux c\u00f4t\u00e9s de Jamel Debbouze lors d&rsquo;un match de solidarit\u00e9 en faveur de la lutte contre&hellip;\n","protected":false},"author":2,"featured_media":584060,"comment_status":"","ping_status":"","sticky":false,"template":"","format":"standard","meta":{"footnotes":""},"categories":[2814],"tags":[17,1111,11,8572,40518,1777,674,1011,27,10093,11808,884,12,882,25,12634,60,3585,1483],"class_list":{"0":"post-584059","1":"post","2":"type-post","3":"status-publish","4":"format-standard","5":"has-post-thumbnail","7":"category-marseille","8":"tag-17","9":"tag-actu","10":"tag-actualites","11":"tag-adversaires","12":"tag-coequipiers","13":"tag-eu","14":"tag-europe","15":"tag-fr","16":"tag-france","17":"tag-horaires","18":"tag-league","19":"tag-marseille","20":"tag-news","21":"tag-provence-alpes-cote-dazur","22":"tag-republique-francaise","23":"tag-savoir","24":"tag-sports","25":"tag-tout","26":"tag-universe"},"share_on_mastodon":{"url":"https:\/\/pubeurope.com\/@fr\/115677970634009468","error":""},"_links":{"self":[{"href":"https:\/\/www.europesays.com\/fr\/wp-json\/wp\/v2\/posts\/584059","targetHints":{"allow":["GET"]}}],"collection":[{"href":"https:\/\/www.europesays.com\/fr\/wp-json\/wp\/v2\/posts"}],"about":[{"href":"https:\/\/www.europesays.com\/fr\/wp-json\/wp\/v2\/types\/post"}],"author":[{"embeddable":true,"href":"https:\/\/www.europesays.com\/fr\/wp-json\/wp\/v2\/users\/2"}],"replies":[{"embeddable":true,"href":"https:\/\/www.europesays.com\/fr\/wp-json\/wp\/v2\/comments?post=584059"}],"version-history":[{"count":0,"href":"https:\/\/www.europesays.com\/fr\/wp-json\/wp\/v2\/posts\/584059\/revisions"}],"wp:featuredmedia":[{"embeddable":true,"href":"https:\/\/www.europesays.com\/fr\/wp-json\/wp\/v2\/media\/584060"}],"wp:attachment":[{"href":"https:\/\/www.europesays.com\/fr\/wp-json\/wp\/v2\/media?parent=584059"}],"wp:term":[{"taxonomy":"category","embeddable":true,"href":"https:\/\/www.europesays.com\/fr\/wp-json\/wp\/v2\/categories?post=584059"},{"taxonomy":"post_tag","embeddable":true,"href":"https:\/\/www.europesays.com\/fr\/wp-json\/wp\/v2\/tags?post=584059"}],"curies":[{"name":"wp","href":"https:\/\/api.w.org\/{rel}","templated":true}]}}