{"id":584061,"date":"2025-12-07T11:08:11","date_gmt":"2025-12-07T11:08:11","guid":{"rendered":"https:\/\/www.europesays.com\/fr\/584061\/"},"modified":"2025-12-07T11:08:11","modified_gmt":"2025-12-07T11:08:11","slug":"pres-de-lyon-14-personnes-evacuees-en-pleine-nuit-apres-un-incendie","status":"publish","type":"post","link":"https:\/\/www.europesays.com\/fr\/584061\/","title":{"rendered":"Pr\u00e8s de Lyon : 14 personnes \u00e9vacu\u00e9es en pleine nuit apr\u00e8s un incendie\u00a0"},"content":{"rendered":"<p>Un feu s&rsquo;est d\u00e9clar\u00e9 dans la nuit de samedi \u00e0 dimanche dans un immeuble de Tassin-la-Demi-Lune, pr\u00e8s de Lyon. Les pompiers ont mobilis\u00e9 d&rsquo;importants moyens pour ma\u00eetriser l&rsquo;incendie, qui a n\u00e9cessit\u00e9 l&rsquo;\u00e9vacuation de 14 personnes.<\/p>\n<p>Le r\u00e9veil a \u00e9t\u00e9 brutal pour plusieurs habitants de <b>Tassin-la-Demi-Lune<\/b>. Vers 2 h 45, dans la nuit du <b>samedi 6 au dimanche 7 d\u00e9cembre<\/b>, un incendie s&rsquo;est d\u00e9clar\u00e9 dans les parties communes d&rsquo;un immeuble situ\u00e9 au 21, avenue Victor-Hugo.\u00a0<\/p>\n<p>Alert\u00e9s rapidement, les sapeurs-pompiers ont d\u00e9ploy\u00e9 <b>32 hommes et 8 engins<\/b> pour circonscrire le sinistre, \u00e9teint \u00e0 l&rsquo;aide d&rsquo;une lance apr\u00e8s pr\u00e8s de trois heures d&rsquo;intervention.\u00a0<\/p>\n<p>Aucun bless\u00e9 \u00e0 d\u00e9plorer\u00a0<\/p>\n<p>Par mesure de s\u00e9curit\u00e9, <b>14 personnes<\/b> ont \u00e9t\u00e9 \u00e9vacu\u00e9es en pleine nuit, rapportent nos conf\u00e8res du <a class=\"url\" href=\"https:\/\/c.leprogres.fr\/faits-divers-justice\/2025\/12\/07\/un-incendie-se-declare-dans-un-immeuble-de-tassin-14-personnes-evacuees-en-pleine-nuit\" target=\"_blank\" rel=\"noopener\">Progr\u00e8s<\/a>. Heureusement, aucune victime n&rsquo;est \u00e0 d\u00e9plorer et aucun habitant n&rsquo;a d\u00fb \u00eatre pris en charge par les secours. Une fois l&rsquo;op\u00e9ration termin\u00e9e, tous ont pu regagner leur logement.<\/p>\n<p>Les causes exactes de l&rsquo;incendie ne sont pas encore connues, mais le feu serait parti des espaces communs.\u00a0<\/p>\n<p><img loading=\"lazy\" decoding=\"async\" src=\"https:\/\/www.europesays.com\/fr\/wp-content\/uploads\/2025\/12\/1765105691_106_img\" width=\"350\" height=\"200\" border=\"0\" title=\"La police avait rep\u00c3\u00a9r\u00c3\u00a9 deux individus \u00c3\u00a0 trottinette qui ont pris la fuite au moment du contr\u00c3\u00b4le\"\/><\/p>\n<p>\u25baFaits divers<\/p>\n<p style=\"font-size: 22px;\"><b>Villeurbanne : un jeune gri\u00e8vement bless\u00e9 apr\u00e8s avoir percut\u00e9 un policier \u00e0 trottinette\u00a0<\/b><\/p>\n<p>Ce vendredi 5 d\u00e9cembre au soir, un individu de&#8230;<\/p>\n<p><\/p>\n","protected":false},"excerpt":{"rendered":"Un feu s&rsquo;est d\u00e9clar\u00e9 dans la nuit de samedi \u00e0 dimanche dans un immeuble de Tassin-la-Demi-Lune, pr\u00e8s de&hellip;\n","protected":false},"author":2,"featured_media":553721,"comment_status":"","ping_status":"","sticky":false,"template":"","format":"standard","meta":{"footnotes":""},"categories":[1889],"tags":[11129,1111,11,2430,1777,674,1011,27,5480,1310,2428,12,1311,25,7342,20283],"class_list":{"0":"post-584061","1":"post","2":"type-post","3":"status-publish","4":"format-standard","5":"has-post-thumbnail","7":"category-lyon","8":"tag-vacuation","9":"tag-actu","10":"tag-actualites","11":"tag-auvergne-rhone-alpes","12":"tag-eu","13":"tag-europe","14":"tag-fr","15":"tag-france","16":"tag-immeuble","17":"tag-incendie","18":"tag-lyon","19":"tag-news","20":"tag-pompiers","21":"tag-republique-francaise","22":"tag-secours","23":"tag-tassin-la-demi-lune"},"share_on_mastodon":{"url":"","error":""},"_links":{"self":[{"href":"https:\/\/www.europesays.com\/fr\/wp-json\/wp\/v2\/posts\/584061","targetHints":{"allow":["GET"]}}],"collection":[{"href":"https:\/\/www.europesays.com\/fr\/wp-json\/wp\/v2\/posts"}],"about":[{"href":"https:\/\/www.europesays.com\/fr\/wp-json\/wp\/v2\/types\/post"}],"author":[{"embeddable":true,"href":"https:\/\/www.europesays.com\/fr\/wp-json\/wp\/v2\/users\/2"}],"replies":[{"embeddable":true,"href":"https:\/\/www.europesays.com\/fr\/wp-json\/wp\/v2\/comments?post=584061"}],"version-history":[{"count":0,"href":"https:\/\/www.europesays.com\/fr\/wp-json\/wp\/v2\/posts\/584061\/revisions"}],"wp:featuredmedia":[{"embeddable":true,"href":"https:\/\/www.europesays.com\/fr\/wp-json\/wp\/v2\/media\/553721"}],"wp:attachment":[{"href":"https:\/\/www.europesays.com\/fr\/wp-json\/wp\/v2\/media?parent=584061"}],"wp:term":[{"taxonomy":"category","embeddable":true,"href":"https:\/\/www.europesays.com\/fr\/wp-json\/wp\/v2\/categories?post=584061"},{"taxonomy":"post_tag","embeddable":true,"href":"https:\/\/www.europesays.com\/fr\/wp-json\/wp\/v2\/tags?post=584061"}],"curies":[{"name":"wp","href":"https:\/\/api.w.org\/{rel}","templated":true}]}}