{"id":584062,"date":"2025-12-07T11:09:10","date_gmt":"2025-12-07T11:09:10","guid":{"rendered":"https:\/\/www.europesays.com\/fr\/584062\/"},"modified":"2025-12-07T11:09:10","modified_gmt":"2025-12-07T11:09:10","slug":"revendication-enquete-ce-que-lon-sait-des-messages-anti-rn-et-anti-forces-de-lordre-projetes-lors-de-la-fete-des-lumieres-a-lyon","status":"publish","type":"post","link":"https:\/\/www.europesays.com\/fr\/584062\/","title":{"rendered":"Revendication, enqu\u00eate\u2026 Ce que l&rsquo;on sait des messages anti-RN et anti-forces de l&rsquo;ordre projet\u00e9s lors de la F\u00eate des lumi\u00e8res \u00e0 Lyon"},"content":{"rendered":"<p>Ce samedi 6 d\u00e9cembre, durant la F\u00eate des Lumi\u00e8res \u00e0 Lyon, des messages hostiles aux forces de l&rsquo;ordre et au Rassemblement national ont \u00e9t\u00e9 projet\u00e9s sur la fa\u00e7ade du mus\u00e9e des Beaux-Arts.<\/p>\n<p>Des <a href=\"https:\/\/www.bfmtv.com\/lyon\/la-police-blesse-et-tue-des-messages-contre-les-forces-projetes-durant-la-fete-des-lumieres-a-lyon_AN-202512070070.html\" title=\"&quot;La police blesse et tue&quot;: des messages contre les forces de l&#039;ordre projet\u00e9s durant la F\u00eate des Lumi\u00e8res \u00e0 Lyon\" class=\"internal_link\" target=\"_blank\" rel=\"noopener\">messages<\/a> visant les forces de l&rsquo;ordre et le Rassemblement national ont \u00e9t\u00e9 diffus\u00e9s sur la fa\u00e7ade du mus\u00e9e des Beaux-Arts, place des Terreaux, dans le cadre de la <a href=\"https:\/\/www.bfmtv.com\/lyon\/je-n-avais-jamais-vu-ca-la-fete-des-lumieres-2025-de-lyon-eblouit-les-visiteurs-avec-ses-23-oeuvres-eparpillees-dans-la-ville_AV-202512060242.html\" title=\"&quot;Je n&#039;avais jamais vu \u00e7a&quot;: la F\u00eate des lumi\u00e8res 2025 de Lyon \u00e9blouit les visiteurs avec ses 23 oeuvres \u00e9parpill\u00e9es dans la ville\" class=\"internal_link\" target=\"_blank\" rel=\"noopener\">f\u00eate des Lumi\u00e8res<\/a>, qui battait son plein dans la capitale des Gaules.<\/p>\n<p>\u2022 Des messages ciblant les forces de l&rsquo;ordre<\/p>\n<p>Les messages ont \u00e9t\u00e9 diffus\u00e9s dans le cadre de la f\u00eate des Lumi\u00e8res, \u00e0 la fin du tableau appel\u00e9 \u00ab\u00a0Le lundi c&rsquo;est raviolis!\u00a0\u00bb, une \u0153uvre qui met \u00e0 l&rsquo;honneur la gastronomie comme \u00ab\u00a0langage universel\u00a0\u00bb.<\/p>\n<p>Parmi les inscriptions projet\u00e9es se trouvaient notamment: \u00ab\u00a0On d\u00e9gage le RN\u00a0\u00bb, \u00ab\u00a0Non \u00e0 l&rsquo;\u00c9tat policier\u00a0\u00bb, \u00ab\u00a0Sainte-Soline, ni oubli, ni pardon\u00a0\u00bb ou encore \u00ab\u00a0La police blesse et tue\u00a0\u00bb.<\/p>\n<p>\u00ab\u00a0Huit messages vraiment tr\u00e8s violents sont apparus hier soir envers la police et l&rsquo;\u00c9tat de droit. Ces messages sont inadmissibles au moment o\u00f9 500 policiers nationaux ainsi que des militaires de la gendarmerie assurent la s\u00e9curit\u00e9 des Lyonnais durant la F\u00eate des Lumi\u00e8res\u00a0\u00bb, a d\u00e9clar\u00e9 ce dimanche au micro de BFMTV, Fabienne Buccio, pr\u00e9f\u00e8te de la r\u00e9gion Auvergne-Rh\u00f4ne-Alpes.<\/p>\n<p>\u2022 Une op\u00e9ration revendiqu\u00e9e<\/p>\n<p>La projection de ses messages a \u00e9t\u00e9 revendiqu\u00e9e par l&rsquo;association le Soul\u00e8vement de la Terre, dans une publication Instagram.<\/p>\n<p>\u00ab\u00a0Notre contre-f\u00eate des lumi\u00e8res s\u2019attaque \u00e0 celles et ceux qui nous menacent, nous volent et nous empoisonnent. Rassemblement National, police et milliardaires tous s\u2019unissent contre celle et ceux qui luttent pour un monde f\u00e9ministe, antiraciste, \u00e9cologiste et lib\u00e9r\u00e9 de toute forme de dominations\u00a0\u00bb, \u00e9crit la l\u00e9gende de la publication.<\/p>\n<p>\u00ab\u00a0Nous appelons donc tous\u00b7tes les antifascistes de Lyon et Villeurbanne \u00e0 venir emp\u00eacher le meeting que le RN tente de nous imposer ce dimanche 7 d\u00e9cembre \u00e0 Villeurbanne\u00a0\u00bb, ajoute-t-il.<\/p>\n<p>\u2022 Une action condamn\u00e9e par Laurent Nunez<\/p>\n<p>Suite \u00e0 cette projection, plusieurs personnalit\u00e9s n&rsquo;ont pas tard\u00e9 \u00e0 r\u00e9agir sur les r\u00e9seaux sociaux. Le maire \u00e9cologiste de Lyon, Gr\u00e9gory Doucet, a regrett\u00e9 \u00ab\u00a0des propos violents envers les forces de police qui participent \u00e0 la s\u00e9curit\u00e9 des Lyonnais et des visiteurs pour la F\u00eate des Lumi\u00e8res\u00a0\u00bb.<\/p>\n<p>De son c\u00f4t\u00e9, le candidat \u00e0 la mairie de Lyon, Jean-Michel Aulas, a lui aussi r\u00e9agi sur X. \u00ab\u00a0Ces propos insupportables contre la police sont une atteinte grave \u00e0 nos institutions et un message dangereux qui salit celles et ceux qui prot\u00e8gent les Lyonnais chaque jour\u00a0\u00bb, a-t-il \u00e9crit.<\/p>\n<p>Une indignation partag\u00e9e par le ministre de l&rsquo;Int\u00e9rieur Laurent Nunez. \u00ab\u00a0Condamnation totale des messages haineux \u00e0 #Lyon contre nos forces de l\u2019ordre qui prot\u00e8gent. Soutien \u00e0 nos policiers et gendarmes\u00a0\u00bb, a-t-il \u00e9crit sur X.<\/p>\n<p>\u2022 Aucune personne interpell\u00e9e<\/p>\n<p>Ce dimanche matin, aucune interpellation n&rsquo;avait pour l&rsquo;heure eu lieu. \u00ab\u00a0\u00c0 la demande du ministre de l&rsquo;Int\u00e9rieur, je suis en train de d\u00e9poser aupr\u00e8s du procureur un signalement d&rsquo;article 40, pour qu&rsquo;une enqu\u00eate judiciaire puisse avoir lieu et trouver les responsables\u00a0\u00bb, a d\u00e9clar\u00e9 au micro de BFMTV, la pr\u00e9f\u00e8te de la r\u00e9gion Auvergne-Rh\u00f4ne-Alpes, Fabienne Buccio.<\/p>\n<p>Partager <\/p>\n","protected":false},"excerpt":{"rendered":"Ce samedi 6 d\u00e9cembre, durant la F\u00eate des Lumi\u00e8res \u00e0 Lyon, des messages hostiles aux forces de l&rsquo;ordre&hellip;\n","protected":false},"author":2,"featured_media":584063,"comment_status":"","ping_status":"","sticky":false,"template":"","format":"standard","meta":{"footnotes":""},"categories":[1889],"tags":[1111,11,2430,1777,674,1011,27,2428,12,25],"class_list":{"0":"post-584062","1":"post","2":"type-post","3":"status-publish","4":"format-standard","5":"has-post-thumbnail","7":"category-lyon","8":"tag-actu","9":"tag-actualites","10":"tag-auvergne-rhone-alpes","11":"tag-eu","12":"tag-europe","13":"tag-fr","14":"tag-france","15":"tag-lyon","16":"tag-news","17":"tag-republique-francaise"},"share_on_mastodon":{"url":"","error":""},"_links":{"self":[{"href":"https:\/\/www.europesays.com\/fr\/wp-json\/wp\/v2\/posts\/584062","targetHints":{"allow":["GET"]}}],"collection":[{"href":"https:\/\/www.europesays.com\/fr\/wp-json\/wp\/v2\/posts"}],"about":[{"href":"https:\/\/www.europesays.com\/fr\/wp-json\/wp\/v2\/types\/post"}],"author":[{"embeddable":true,"href":"https:\/\/www.europesays.com\/fr\/wp-json\/wp\/v2\/users\/2"}],"replies":[{"embeddable":true,"href":"https:\/\/www.europesays.com\/fr\/wp-json\/wp\/v2\/comments?post=584062"}],"version-history":[{"count":0,"href":"https:\/\/www.europesays.com\/fr\/wp-json\/wp\/v2\/posts\/584062\/revisions"}],"wp:featuredmedia":[{"embeddable":true,"href":"https:\/\/www.europesays.com\/fr\/wp-json\/wp\/v2\/media\/584063"}],"wp:attachment":[{"href":"https:\/\/www.europesays.com\/fr\/wp-json\/wp\/v2\/media?parent=584062"}],"wp:term":[{"taxonomy":"category","embeddable":true,"href":"https:\/\/www.europesays.com\/fr\/wp-json\/wp\/v2\/categories?post=584062"},{"taxonomy":"post_tag","embeddable":true,"href":"https:\/\/www.europesays.com\/fr\/wp-json\/wp\/v2\/tags?post=584062"}],"curies":[{"name":"wp","href":"https:\/\/api.w.org\/{rel}","templated":true}]}}