{"id":584078,"date":"2025-12-07T11:19:18","date_gmt":"2025-12-07T11:19:18","guid":{"rendered":"https:\/\/www.europesays.com\/fr\/584078\/"},"modified":"2025-12-07T11:19:18","modified_gmt":"2025-12-07T11:19:18","slug":"cette-epoque-est-revolue-les-etats-unis-changent-de-strategie-et-taclent-leurope-au-passage-la-russie-valide","status":"publish","type":"post","link":"https:\/\/www.europesays.com\/fr\/584078\/","title":{"rendered":"\u00ab\u00a0Cette \u00e9poque est r\u00e9volue\u00a0\u00bb\u00a0: les\u00a0\u00c9tats-Unis\u00a0changent de\u00a0strat\u00e9gie et\u00a0taclent\u00a0l\u2019Europe au passage, la Russie valide"},"content":{"rendered":"<p>  \tLa Russie voit d\u2019un bon \u0153il la nouvelle strat\u00e9gie des \u00c9tats-Unis, ax\u00e9e sur le repli national et la fin de l\u2019\u00e9largissement de l\u2019Otan. Le Kremlin esp\u00e8re\u00a0que\u00a0cette base\u00a0pourra \u00ab\u00a0permettre de poursuivre de mani\u00e8re constructive le travail commun avec les \u00c9tats-Unis pour trouver un r\u00e8glement pacifique en Ukraine\u00a0\u00bb.<\/p>\n<p>&#13;<br \/>\n&#13;<\/p>\n<p>La Russie a r\u00e9agi favorablement \u00e0 la nouvelle strat\u00e9gie de s\u00e9curit\u00e9 nationale d\u00e9voil\u00e9e vendredi par les \u00c9tats-Unis. Ce document, refl\u00e9tant la ligne \u00ab\u00a0America First\u00a0\u00bb de Donald Trump, a \u00e9t\u00e9 jug\u00e9 \u00ab\u00a0globalement conforme\u00a0\u00bb \u00e0 la vision du Kremlin, selon son porte-parole\u00a0Dmitri\u00a0Peskov.<\/p>\n<p>Dans un entretien diffus\u00e9 \u00e0 la t\u00e9l\u00e9vision publique\u00a0Rossia, M.\u00a0Peskov\u00a0a soulign\u00e9\u00a0: \u00ab\u00a0Les ajustements que nous observons, je dirais, sont globalement conformes \u00e0 notre vision.\u00a0\u00bb Il a \u00e9galement exprim\u00e9 l\u2019espoir que cette nouvelle orientation puisse \u00ab\u00a0permettre de poursuivre de mani\u00e8re constructive le travail commun avec les \u00c9tats-Unis pour trouver un r\u00e8glement pacifique en Ukraine.\u00a0\u00bb<\/p>\n<p>&#13;<br \/>\n&#13;<\/p>\n<p>&#13;<br \/>\n&#13;<br \/>\nUn virage assum\u00e9 vers le nationalisme<\/p>\n<p>Le document am\u00e9ricain marque un tournant strat\u00e9gique en mettant l\u2019accent sur une priorisation des int\u00e9r\u00eats int\u00e9rieurs et une remise en cause de l\u2019engagement global des \u00c9tats-Unis. Il critique vivement l\u2019Europe, \u00e9voquant un \u00ab\u00a0effacement civilisationnel\u00a0\u00bb li\u00e9 \u00e0 l\u2019immigration, et annonce la fin de tout\u00a0\u00e9largissement de l\u2019Otan, fermant ainsi la porte \u00e0 l\u2019adh\u00e9sion de l\u2019Ukraine, toujours en guerre avec la Russie.<\/p>\n<p>\n  &#13;<br \/>\n  \u00c0 lire aussi&#13;<br \/>\n  &#13;<\/p>\n<p>  <img decoding=\"async\" class=\"r-img\"  typeof=\"foaf:Image\" src=\"https:\/\/www.europesays.com\/fr\/wp-content\/uploads\/2025\/12\/56314656.jpeg\" alt=\"SAUL LOEB \/ AFP\"\/><br \/>\n        <a class=\"r-stories--link\" href=\"https:\/\/www.rtl.be\/actu\/monde\/international\/donald-trump-declare-que-le-continent-europeen-sera-meconnaissable-dans-20-ans\/2025-12-05\/article\/772618\" target=\"_blank\" rel=\"noopener\">Donald Trump d\u00e9clare que \u00ab\u00a0le continent europ\u00e9en sera m\u00e9connaissable dans 20 ans ou moins\u00a0\u00bb, un pays d\u2019Europe lui r\u00e9pond<\/a>&#13;<br \/>\n  &#13;<br \/>\n&#13;\n<\/p>\n<p>Par ailleurs, la strat\u00e9gie pr\u00e9voit un\u00a0r\u00e9ajustement de la pr\u00e9sence militaire am\u00e9ricaine, recentr\u00e9e sur les menaces per\u00e7ues comme les plus urgentes \u00e0 l\u2019int\u00e9rieur du continent nord-am\u00e9ricain. \u00ab\u00a0L\u2019\u00e9poque o\u00f9 les \u00c9tats-Unis soutenaient l\u2019ordre mondial tout entier, tel Atlas, est r\u00e9volue\u00a0\u00bb, affirme le texte.<\/p>\n<p>Aucune avanc\u00e9e sur le dossier ukrainien<\/p>\n<p>Cette annonce intervient alors que des n\u00e9gociations ont eu lieu en Floride entre des repr\u00e9sentants ukrainiens et des \u00e9missaires de Donald Trump, autour d\u2019un plan am\u00e9ricain visant \u00e0 mettre fin au conflit. Ces trois jours de discussions n\u2019ont abouti \u00e0\u00a0aucune avanc\u00e9e notable.<\/p>\n<p>&#13;<br \/>\n&#13;<\/p>\n<p>&#13;<br \/>\n&#13;<\/p>\n","protected":false},"excerpt":{"rendered":"La Russie voit d\u2019un bon \u0153il la nouvelle strat\u00e9gie des \u00c9tats-Unis, ax\u00e9e sur le repli national et la&hellip;\n","protected":false},"author":2,"featured_media":584079,"comment_status":"","ping_status":"","sticky":false,"template":"","format":"standard","meta":{"footnotes":""},"categories":[1589],"tags":[11,73,1866,12,63397,1864,1865,1863,308],"class_list":{"0":"post-584078","1":"post","2":"type-post","3":"status-publish","4":"format-standard","5":"has-post-thumbnail","7":"category-etats-unis","8":"tag-actualites","9":"tag-etats-unis","10":"tag-etats-unis-damerique","11":"tag-news","12":"tag-rtl-info","13":"tag-united-states","14":"tag-united-states-of-america","15":"tag-us","16":"tag-usa"},"share_on_mastodon":{"url":"https:\/\/pubeurope.com\/@fr\/115678018401549245","error":""},"_links":{"self":[{"href":"https:\/\/www.europesays.com\/fr\/wp-json\/wp\/v2\/posts\/584078","targetHints":{"allow":["GET"]}}],"collection":[{"href":"https:\/\/www.europesays.com\/fr\/wp-json\/wp\/v2\/posts"}],"about":[{"href":"https:\/\/www.europesays.com\/fr\/wp-json\/wp\/v2\/types\/post"}],"author":[{"embeddable":true,"href":"https:\/\/www.europesays.com\/fr\/wp-json\/wp\/v2\/users\/2"}],"replies":[{"embeddable":true,"href":"https:\/\/www.europesays.com\/fr\/wp-json\/wp\/v2\/comments?post=584078"}],"version-history":[{"count":0,"href":"https:\/\/www.europesays.com\/fr\/wp-json\/wp\/v2\/posts\/584078\/revisions"}],"wp:featuredmedia":[{"embeddable":true,"href":"https:\/\/www.europesays.com\/fr\/wp-json\/wp\/v2\/media\/584079"}],"wp:attachment":[{"href":"https:\/\/www.europesays.com\/fr\/wp-json\/wp\/v2\/media?parent=584078"}],"wp:term":[{"taxonomy":"category","embeddable":true,"href":"https:\/\/www.europesays.com\/fr\/wp-json\/wp\/v2\/categories?post=584078"},{"taxonomy":"post_tag","embeddable":true,"href":"https:\/\/www.europesays.com\/fr\/wp-json\/wp\/v2\/tags?post=584078"}],"curies":[{"name":"wp","href":"https:\/\/api.w.org\/{rel}","templated":true}]}}