{"id":584080,"date":"2025-12-07T11:20:28","date_gmt":"2025-12-07T11:20:28","guid":{"rendered":"https:\/\/www.europesays.com\/fr\/584080\/"},"modified":"2025-12-07T11:20:28","modified_gmt":"2025-12-07T11:20:28","slug":"royaume-uni-bagarre-et-arrestation-dans-un-parking-dheathrow","status":"publish","type":"post","link":"https:\/\/www.europesays.com\/fr\/584080\/","title":{"rendered":"Royaume-Uni: Bagarre et arrestation dans un parking d\u2019Heathrow"},"content":{"rendered":"<p>Un homme a \u00e9t\u00e9 arr\u00eat\u00e9 dimanche matin \u00e0 l\u2019a\u00e9roport londonien d\u2019Heathrow, le plus fr\u00e9quent\u00e9 d\u2019Europe, soup\u00e7onn\u00e9 d\u2019avoir agress\u00e9 plusieurs personnes avec une \u00absorte de spray au poivre\u00bb dans un parking du terminal 3, a annonc\u00e9 la police.<\/p>\n<p>Selon le communiqu\u00e9 de la police, l\u2019incident implique \u00abun groupe de personnes qui se connaissaient, avec une dispute qui a d\u00e9g\u00e9n\u00e9r\u00e9 et caus\u00e9 des blessures \u00e0 plusieurs personnes\u00bb.<\/p>\n<p>L\u2019a\u00e9roport a affirm\u00e9 sur X que les secours intervenaient sur un \u00abincident\u00bb dans ce parking, sans plus de d\u00e9tails, et a appel\u00e9 les passagers se rendant \u00e0 Heathrow \u00e0 pr\u00e9voir un d\u00e9lai suppl\u00e9mentaire.<\/p>\n","protected":false},"excerpt":{"rendered":"Un homme a \u00e9t\u00e9 arr\u00eat\u00e9 dimanche matin \u00e0 l\u2019a\u00e9roport londonien d\u2019Heathrow, le plus fr\u00e9quent\u00e9 d\u2019Europe, soup\u00e7onn\u00e9 d\u2019avoir agress\u00e9&hellip;\n","protected":false},"author":2,"featured_media":584081,"comment_status":"","ping_status":"","sticky":false,"template":"","format":"standard","meta":{"footnotes":""},"categories":[1588],"tags":[11,1777,674,12,473,1853,1851,1850,1852],"class_list":{"0":"post-584080","1":"post","2":"type-post","3":"status-publish","4":"format-standard","5":"has-post-thumbnail","7":"category-royaume-uni","8":"tag-actualites","9":"tag-eu","10":"tag-europe","11":"tag-news","12":"tag-royaume-uni","13":"tag-royaume-uni-de-grande-bretagne-et-dirlande-du-nord","14":"tag-uk","15":"tag-united-kingdom","16":"tag-united-kingdom-of-great-britain-and-northern-ireland"},"share_on_mastodon":{"url":"https:\/\/pubeurope.com\/@fr\/115678021059901762","error":""},"_links":{"self":[{"href":"https:\/\/www.europesays.com\/fr\/wp-json\/wp\/v2\/posts\/584080","targetHints":{"allow":["GET"]}}],"collection":[{"href":"https:\/\/www.europesays.com\/fr\/wp-json\/wp\/v2\/posts"}],"about":[{"href":"https:\/\/www.europesays.com\/fr\/wp-json\/wp\/v2\/types\/post"}],"author":[{"embeddable":true,"href":"https:\/\/www.europesays.com\/fr\/wp-json\/wp\/v2\/users\/2"}],"replies":[{"embeddable":true,"href":"https:\/\/www.europesays.com\/fr\/wp-json\/wp\/v2\/comments?post=584080"}],"version-history":[{"count":0,"href":"https:\/\/www.europesays.com\/fr\/wp-json\/wp\/v2\/posts\/584080\/revisions"}],"wp:featuredmedia":[{"embeddable":true,"href":"https:\/\/www.europesays.com\/fr\/wp-json\/wp\/v2\/media\/584081"}],"wp:attachment":[{"href":"https:\/\/www.europesays.com\/fr\/wp-json\/wp\/v2\/media?parent=584080"}],"wp:term":[{"taxonomy":"category","embeddable":true,"href":"https:\/\/www.europesays.com\/fr\/wp-json\/wp\/v2\/categories?post=584080"},{"taxonomy":"post_tag","embeddable":true,"href":"https:\/\/www.europesays.com\/fr\/wp-json\/wp\/v2\/tags?post=584080"}],"curies":[{"name":"wp","href":"https:\/\/api.w.org\/{rel}","templated":true}]}}