{"id":584082,"date":"2025-12-07T11:22:13","date_gmt":"2025-12-07T11:22:13","guid":{"rendered":"https:\/\/www.europesays.com\/fr\/584082\/"},"modified":"2025-12-07T11:22:13","modified_gmt":"2025-12-07T11:22:13","slug":"friedrich-merz-reaffirme-le-soutien-de-lallemagne-a-israel","status":"publish","type":"post","link":"https:\/\/www.europesays.com\/fr\/584082\/","title":{"rendered":"Friedrich Merz r\u00e9affirme le soutien de l&rsquo;Allemagne \u00e0 Isra\u00ebl"},"content":{"rendered":"<p class=\"wysiwyg-h2\">Le chancelier allemand Friedrich Merz a r\u00e9affirm\u00e9 dimanche le soutien de l&rsquo;Allemagne \u00e0 Isra\u00ebl, lors d&rsquo;une visite au m\u00e9morial de la Shoah, Yad Vashem, \u00e0 J\u00e9rusalem. Il a ensuite entam\u00e9 une rencontre avec son homologue isra\u00e9lien Benjamin Netanyahu.<\/p>\n<p>M. Merz est arriv\u00e9 samedi pour une visite diplomatique en Isra\u00ebl, la premi\u00e8re depuis sa prise de fonctions, destin\u00e9e \u00e0 consolider la relation privil\u00e9gi\u00e9e entre les deux pays, apr\u00e8s des frictions au vu de la guerre men\u00e9e dans la bande de Gaza et des violences de colons juifs extr\u00e9mistes en Cisjordanie occup\u00e9e.<\/p>\n<p>&lsquo;L&rsquo;Allemagne doit d\u00e9fendre l&rsquo;existence et la s\u00e9curit\u00e9 d&rsquo;Isra\u00ebl. Cela restera \u00e0 jamais profond\u00e9ment inscrit dans le lien qui nous unit&rsquo;, a d\u00e9clar\u00e9 le chancelier au m\u00e9morial Yad Vashem. Il a mis en avant &lsquo;la responsabilit\u00e9 historique durable&rsquo; de son pays dans l&rsquo;extermination de six millions de juifs pendant la Seconde Guerre mondiale.<\/p>\n<p>Il a ensuite \u00e9t\u00e9 entam\u00e9 un entretien avec M. Netanyahu, de plus en plus isol\u00e9 sur le plan international. L&rsquo;entretien doit porter sur les efforts en vue de passer \u00e0 une deuxi\u00e8me phase du cessez-le-feu \u00e0 Gaza, dans le cadre du plan du pr\u00e9sident am\u00e9ricain Donald Trump cens\u00e9 mettre un point final \u00e0 la guerre d\u00e9clench\u00e9e le 7 octobre 2023 par l&rsquo;attaque du Hamas palestinien en Isra\u00ebl.<\/p>\n<p><strong>&lsquo;Dilemmes&rsquo;<\/strong><\/p>\n<p>Accueilli samedi \u00e0 Tel-Aviv par le ministre isra\u00e9lien des Affaires \u00e9trang\u00e8res, Gideon Saar, qui l&rsquo;a qualifi\u00e9 d\u00a0\u00bbami d&rsquo;Isra\u00ebl &lsquo;, M. Merz a ensuite rencontr\u00e9 dans la soir\u00e9e le chef de l&rsquo;Etat Isaac Herzog \u00e0 J\u00e9rusalem.<\/p>\n<p>&lsquo;Se tenir au c\u00f4t\u00e9 de ce pays fait partie du noyau essentiel, immuable de la politique de la R\u00e9publique f\u00e9d\u00e9rale d&rsquo;Allemagne et le restera&rsquo;, a-t-il dit \u00e0 l&rsquo;issue de la rencontre. Sa d\u00e9cision de d\u00e9cr\u00e9ter un embargo partiel sur les exportations d&rsquo;armes de son pays vers Isra\u00ebl face \u00e0 l&rsquo;intensification des bombardements sur Gaza avait fortement d\u00e9plu aux autorit\u00e9s isra\u00e9liennes.<\/p>\n<p>&lsquo;Les actions de l&rsquo;arm\u00e9e isra\u00e9lienne \u00e0 Gaza nous ont pos\u00e9 quelques dilemmes [et] nous y avons r\u00e9agi&rsquo;, mais &lsquo;nous avons \u00e9galement constat\u00e9 qu&rsquo;\u00e0 ce jour, il n&rsquo;y a fondamentalement aucune divergence [entre nous]&rsquo;, a ajout\u00e9 M. Merz, qui a lev\u00e9 cet embargo fin novembre \u00e0 la faveur du cessez-le-feu en vigueur \u00e0 Gaza depuis le 10 octobre.<\/p>\n<p>&lsquo;Isra\u00ebl a le droit de se d\u00e9fendre car c&rsquo;est la seule fa\u00e7on de garantir son droit \u00e0 exister&rsquo;, a-t-il encore d\u00e9clar\u00e9.<\/p>\n<p> \/ATS<\/p>\n","protected":false},"excerpt":{"rendered":"Le chancelier allemand Friedrich Merz a r\u00e9affirm\u00e9 dimanche le soutien de l&rsquo;Allemagne \u00e0 Isra\u00ebl, lors d&rsquo;une visite au&hellip;\n","protected":false},"author":2,"featured_media":584083,"comment_status":"","ping_status":"","sticky":false,"template":"","format":"standard","meta":{"footnotes":""},"categories":[1587],"tags":[11,1829,672,1832,1836,1804,1805,1827,1803,1777,674,1830,1831,1801,1826,1844,1840,1839,1841,1838,12,1843,1828,1834,1825,1833,1802,1822,1823,1824,1837,1835,1842],"class_list":{"0":"post-584082","1":"post","2":"type-post","3":"status-publish","4":"format-standard","5":"has-post-thumbnail","7":"category-allemagne","8":"tag-actualites","9":"tag-ajoie","10":"tag-allemagne","11":"tag-animation","12":"tag-bienne","13":"tag-bundesrepublik-deutschland","14":"tag-de","15":"tag-delemont","16":"tag-deutschland","17":"tag-eu","18":"tag-europe","19":"tag-franches-montagnes","20":"tag-frequence","21":"tag-germany","22":"tag-jura","23":"tag-jura-bernois","24":"tag-la-chaux-de-fonds","25":"tag-moutier","26":"tag-neuchatel","27":"tag-neuveville","28":"tag-news","29":"tag-payerne","30":"tag-porrentruy","31":"tag-publicite","32":"tag-radio","33":"tag-redaction","34":"tag-republique-federale-dallemagne","35":"tag-rfj","36":"tag-rjb","37":"tag-rtn","38":"tag-tavannes","39":"tag-vallon-de-st-imier","40":"tag-yverdon"},"share_on_mastodon":{"url":"https:\/\/pubeurope.com\/@fr\/115678029069974491","error":""},"_links":{"self":[{"href":"https:\/\/www.europesays.com\/fr\/wp-json\/wp\/v2\/posts\/584082","targetHints":{"allow":["GET"]}}],"collection":[{"href":"https:\/\/www.europesays.com\/fr\/wp-json\/wp\/v2\/posts"}],"about":[{"href":"https:\/\/www.europesays.com\/fr\/wp-json\/wp\/v2\/types\/post"}],"author":[{"embeddable":true,"href":"https:\/\/www.europesays.com\/fr\/wp-json\/wp\/v2\/users\/2"}],"replies":[{"embeddable":true,"href":"https:\/\/www.europesays.com\/fr\/wp-json\/wp\/v2\/comments?post=584082"}],"version-history":[{"count":0,"href":"https:\/\/www.europesays.com\/fr\/wp-json\/wp\/v2\/posts\/584082\/revisions"}],"wp:featuredmedia":[{"embeddable":true,"href":"https:\/\/www.europesays.com\/fr\/wp-json\/wp\/v2\/media\/584083"}],"wp:attachment":[{"href":"https:\/\/www.europesays.com\/fr\/wp-json\/wp\/v2\/media?parent=584082"}],"wp:term":[{"taxonomy":"category","embeddable":true,"href":"https:\/\/www.europesays.com\/fr\/wp-json\/wp\/v2\/categories?post=584082"},{"taxonomy":"post_tag","embeddable":true,"href":"https:\/\/www.europesays.com\/fr\/wp-json\/wp\/v2\/tags?post=584082"}],"curies":[{"name":"wp","href":"https:\/\/api.w.org\/{rel}","templated":true}]}}