{"id":584107,"date":"2025-12-07T11:41:11","date_gmt":"2025-12-07T11:41:11","guid":{"rendered":"https:\/\/www.europesays.com\/fr\/584107\/"},"modified":"2025-12-07T11:41:11","modified_gmt":"2025-12-07T11:41:11","slug":"que-devient-jacqueline-taieb-interprete-du-tube-7h-du-matin","status":"publish","type":"post","link":"https:\/\/www.europesays.com\/fr\/584107\/","title":{"rendered":"Que devient Jacqueline Taieb, interpr\u00e8te du tube \u00ab\u00a07h du matin\u00a0\u00bb ?"},"content":{"rendered":"<p>R\u00e9v\u00e9l\u00e9e en 1967 avec son tube \u201c7h du<br \/>\nmatin\u201d, Jacqueline Ta\u00efeb est devenue une figure embl\u00e9matique de la<br \/>\npop fran\u00e7aise. Loin d\u2019avoir disparu de la sc\u00e8ne, elle poursuit son<br \/>\nparcours artistique avec passion. Entre collaborations,<br \/>\ncompositions et nouveaux projets, elle prouve que son \u00e9nergie<br \/>\ncr\u00e9ative reste intacte, plus de cinquante ans apr\u00e8s ses<br \/>\nd\u00e9buts.<\/p>\n<p>Le retour d\u2019une voix culte <strong>Jacqueline Ta\u00efeb,<\/strong><br \/>\nfigure embl\u00e9matique de la pop fran\u00e7aise des ann\u00e9es 60, revient sur<br \/>\nle devant de la sc\u00e8ne avec son nouveau single Un Monde de<br \/>\nFemmes. Disponible en digital depuis septembre 2024, ce titre<br \/>\nengag\u00e9 rend hommage \u00e0 toutes les femmes. La chanteuse imagine un<br \/>\nmonde sans hommes, empreint de calme et de volupt\u00e9, o\u00f9 la violence<br \/>\nserait bannie. Ce retour confirme <strong>la vitalit\u00e9<br \/>\nartistique<\/strong> d\u2019une artiste qui, plus de cinquante ans apr\u00e8s<br \/>\nses d\u00e9buts, continue de surprendre et d\u2019\u00e9mouvoir.<\/p>\n<p>Une ic\u00f4ne des ann\u00e9es 60 toujours inspir\u00e9e<br \/>\nRetour d\u2019une voix culte<\/p>\n<p>Jacqueline Ta\u00efeb, n\u00e9e \u00e0 Tunis en 1948, a marqu\u00e9 les ann\u00e9es 60<br \/>\navec son titre culte \u201c7h du matin\u201d, devenu un standard<br \/>\ninternational. <strong>V\u00e9ritable pionni\u00e8re de la pop<br \/>\nfran\u00e7aise<\/strong>, elle s\u2019est impos\u00e9e aux c\u00f4t\u00e9s de France Gall ou<br \/>\nFran\u00e7oise Hardy. Aujourd\u2019hui, elle n\u2019a rien perdu de sa fougue<br \/>\nartistique. Toujours active, elle \u00e9crit pour d\u2019autres interpr\u00e8tes<br \/>\net compose ses propres chansons. En 2024, elle a d\u00e9voil\u00e9 Un Monde<br \/>\nde Femmes, un <strong>single engag\u00e9<\/strong> en hommage aux femmes,<br \/>\nconfirmant qu\u2019elle reste une voix singuli\u00e8re et intemporelle.<\/p>\n<p>Un clip engag\u00e9 et original<\/p>\n<p>D\u2019apr\u00e8s <a href=\"https:\/\/www.paris-move.com\/jacqueline-taieb-un-monde-de-femmes\/\" target=\"_blank\" rel=\"noopener\">Paris Move<\/a>, le clip de<br \/>\nUn Monde de Femmes se pr\u00e9sente comme un quiz visuel. Pas<br \/>\nmoins de <strong>83 portraits de femmes<\/strong> c\u00e9l\u00e8bres,<br \/>\npuissantes et inspirantes y apparaissent, invitant spectateurs et<br \/>\nspectatrices \u00e0 les reconna\u00eetre. Quelques visages inconnus s\u2019y<br \/>\nglissent \u00e9galement, renfor\u00e7ant l\u2019id\u00e9e d\u2019un hommage universel.<br \/>\n\u00c9paul\u00e9e par Anissa Kasbaoui pour le texte et Jc.Dequeant pour les<br \/>\narrangements, Jacqueline Ta\u00efeb signe une <strong>\u0153uvre f\u00e9ministe et<br \/>\npo\u00e9tique<\/strong>. Ce projet s\u2019inscrit dans une d\u00e9marche militante,<br \/>\nen r\u00e9action aux violences faites aux femmes dans le monde.<\/p>\n<p>Un clin d\u2019\u0153il \u00e0 James Brown<\/p>\n<p>Avec Un Monde de Femmes, Jacqueline Ta\u00efeb r\u00e9pond<br \/>\ndirectement au c\u00e9l\u00e8bre It\u2019s a Man\u2019s Man\u2019s Man\u2019s World de<br \/>\nJames Brown. L\u00e0 o\u00f9 le titre am\u00e9ricain c\u00e9l\u00e9brait la domination<br \/>\nmasculine, elle propose une vision alternative, f\u00e9minine et<br \/>\napais\u00e9e. Ce <strong>contrepoint musical<\/strong> illustre son<br \/>\nengagement et sa volont\u00e9 de donner une voix aux femmes. En \u00e9crivant<br \/>\nce morceau \u201c\u00e0 chaud\u201d, elle t\u00e9moigne de son indignation<br \/>\nface aux <strong>violences contemporaines<\/strong>. Plus qu\u2019une<br \/>\nchanson, c\u2019est un manifeste artistique et politique, fid\u00e8le \u00e0 son<br \/>\nesprit libre.<\/p>\n<p>Une carri\u00e8re riche et<br \/>\nintemporelle<br \/>\nLe succ\u00e8s de \u201c7h du matin\u201d<\/p>\n<p>R\u00e9v\u00e9l\u00e9e au MIDEM en 1967, Jacqueline Ta\u00efeb conna\u00eet un succ\u00e8s<br \/>\nfulgurant avec 7h du matin. Ce titre, enregistr\u00e9 avec les meilleurs<br \/>\nmusiciens londoniens, devient rapidement un <strong>standard<br \/>\ninternational<\/strong>. Utilis\u00e9 dans des films et publicit\u00e9s, il<br \/>\nconserve le parfum rebelle d\u2019une jeunesse pr\u00e9-mai 68. Surnomm\u00e9e<br \/>\n\u201cLa Lolita Chic\u201d au Japon, elle s\u2019impose comme une<br \/>\n<strong>figure mondiale<\/strong> de la pop fran\u00e7aise. Ce morceau<br \/>\nreste aujourd\u2019hui une r\u00e9f\u00e9rence, preuve de son impact durable sur<br \/>\nla culture musicale.<\/p>\n<p>Une compositrice pour les grands noms<\/p>\n<p>Au-del\u00e0 de sa carri\u00e8re personnelle, Jacqueline Ta\u00efeb s\u2019est<br \/>\nillustr\u00e9e comme compositrice pour de nombreux artistes. <a href=\"https:\/\/www.pleinevie.fr\/loisirs\/celebrites\/tout-a-ete-magouille-qui-est-aurore-drossart-50-ans-presumee-fille-dyves-montand-154748.html\" target=\"_blank\" rel=\"noopener\">Yves Montand<\/a>, Maurane, Michel<br \/>\nFugain, Mar\u00e9va Galanter ou Dana Dawson ont interpr\u00e9t\u00e9 ses chansons.<br \/>\nSon talent d\u2019\u00e9criture et sa <strong>sensibilit\u00e9 musicale<\/strong><br \/>\nlui ont permis de traverser les d\u00e9cennies, en restant toujours<br \/>\npertinente. Cette facette de son parcours d\u00e9montre sa polyvalence<br \/>\net son influence discr\u00e8te mais essentielle dans la chanson<br \/>\nfran\u00e7aise. Elle a su mettre <strong>son art au service des<br \/>\nautres<\/strong> tout en gardant sa singularit\u00e9.<\/p>\n<p>M\u00e9moires et h\u00e9ritage<\/p>\n<p>En 2023, Jacqueline Ta\u00efeb publie ses m\u00e9moires Je chante si<br \/>\non me donne du chocolat. Ce livre retrace sa carri\u00e8re, ses<br \/>\nrencontres et ses anecdotes, offrant aux fans un regard intime sur<br \/>\nson parcours. Aujourd\u2019hui, avec Un Monde de Femmes, elle<br \/>\nprolonge son h\u00e9ritage en m\u00ealant <strong>musique et<br \/>\nengagement<\/strong>. Plus qu\u2019une chanteuse, elle est une artiste<br \/>\ncompl\u00e8te, dont la cr\u00e9ativit\u00e9 et <strong>la libert\u00e9 continuent<br \/>\nd\u2019inspirer<\/strong>. Son histoire illustre la force des femmes dans<br \/>\nla culture et la soci\u00e9t\u00e9.<\/p>\n","protected":false},"excerpt":{"rendered":"R\u00e9v\u00e9l\u00e9e en 1967 avec son tube \u201c7h du matin\u201d, Jacqueline Ta\u00efeb est devenue une figure embl\u00e9matique de la&hellip;\n","protected":false},"author":2,"featured_media":584108,"comment_status":"","ping_status":"","sticky":false,"template":"","format":"standard","meta":{"footnotes":""},"categories":[1355],"tags":[58,59,1011,27,1361,873],"class_list":{"0":"post-584107","1":"post","2":"type-post","3":"status-publish","4":"format-standard","5":"has-post-thumbnail","7":"category-musique","8":"tag-divertissement","9":"tag-entertainment","10":"tag-fr","11":"tag-france","12":"tag-music","13":"tag-musique"},"share_on_mastodon":{"url":"https:\/\/pubeurope.com\/@fr\/115678103799138824","error":""},"_links":{"self":[{"href":"https:\/\/www.europesays.com\/fr\/wp-json\/wp\/v2\/posts\/584107","targetHints":{"allow":["GET"]}}],"collection":[{"href":"https:\/\/www.europesays.com\/fr\/wp-json\/wp\/v2\/posts"}],"about":[{"href":"https:\/\/www.europesays.com\/fr\/wp-json\/wp\/v2\/types\/post"}],"author":[{"embeddable":true,"href":"https:\/\/www.europesays.com\/fr\/wp-json\/wp\/v2\/users\/2"}],"replies":[{"embeddable":true,"href":"https:\/\/www.europesays.com\/fr\/wp-json\/wp\/v2\/comments?post=584107"}],"version-history":[{"count":0,"href":"https:\/\/www.europesays.com\/fr\/wp-json\/wp\/v2\/posts\/584107\/revisions"}],"wp:featuredmedia":[{"embeddable":true,"href":"https:\/\/www.europesays.com\/fr\/wp-json\/wp\/v2\/media\/584108"}],"wp:attachment":[{"href":"https:\/\/www.europesays.com\/fr\/wp-json\/wp\/v2\/media?parent=584107"}],"wp:term":[{"taxonomy":"category","embeddable":true,"href":"https:\/\/www.europesays.com\/fr\/wp-json\/wp\/v2\/categories?post=584107"},{"taxonomy":"post_tag","embeddable":true,"href":"https:\/\/www.europesays.com\/fr\/wp-json\/wp\/v2\/tags?post=584107"}],"curies":[{"name":"wp","href":"https:\/\/api.w.org\/{rel}","templated":true}]}}