{"id":58411,"date":"2025-04-28T04:42:08","date_gmt":"2025-04-28T04:42:08","guid":{"rendered":"https:\/\/www.europesays.com\/fr\/58411\/"},"modified":"2025-04-28T04:42:08","modified_gmt":"2025-04-28T04:42:08","slug":"vertou-conseil-municipal-un-hommage-avant-lapprobation-du-budget","status":"publish","type":"post","link":"https:\/\/www.europesays.com\/fr\/58411\/","title":{"rendered":"Vertou. Conseil municipal\u00a0: un hommage avant l\u2019approbation du budget"},"content":{"rendered":"<p>Jeudi 24\u00a0avril, Rodolphe Amailland ouvrait le conseil municipal en adressant ses condol\u00e9ances aux parents, aux amis des victimes et aux personnels endeuill\u00e9s par l\u2019attaque du lyc\u00e9e Toutes Aides. Il souligne combien \u00a0placer la politique \u00e9ducative au c\u0153ur de l\u2019action publique est une n\u00e9cessit\u00e9\u00a0.<\/p>\n<p>Dix r\u00eaves \u00e0 exaucer<\/p>\n<p>Une d\u00e9lib\u00e9ration plac\u00e9e sous le signe de l\u2019\u00e9motion cette fois-ci positive est propos\u00e9e avec une gratification pour l\u2019ensemble du personnel communal. L\u2019ann\u00e9e 2024 a \u00e9t\u00e9 extraordinaire \u00e0 plus d\u2019un titre\u00a0: passage de la flamme olympique, exposition Michel Bassompierre,\u00a0etc. Ces r\u00e9ussites n\u2019auraient pas \u00e9t\u00e9 possibles sans l\u2019engagement du personnel communal. Il s\u2019agit donc de leur proposer parmi une liste de 10\u00a0\u00ab\u00a0r\u00eaves\u00a0\u00bb la r\u00e9alisation d\u2019un r\u00eave de leur choix tels qu\u2019un vol en ULM, un repas gastronomique, une croisi\u00e8re en catamaran, un soin\u00a0etc.<\/p>\n<p>Enfin m\u00eame l\u2019approbation des comptes administratifs et du budget suppl\u00e9mentaire \u00e0 donner lieu a un moment d\u2019\u00e9motion. Juliette Le Coulm premi\u00e8re adjointe a adress\u00e9 au maire le satisfecit de la majorit\u00e9 municipale pour la qualit\u00e9 de sa gestion.<\/p>\n<p>Le maire a remerci\u00e9 chaleureusement les \u00e9lus.<\/p>\n<p>\u00a0<\/p>\n","protected":false},"excerpt":{"rendered":"Jeudi 24\u00a0avril, Rodolphe Amailland ouvrait le conseil municipal en adressant ses condol\u00e9ances aux parents, aux amis des victimes&hellip;\n","protected":false},"author":2,"featured_media":58412,"comment_status":"","ping_status":"","sticky":false,"template":"","format":"standard","meta":{"footnotes":""},"categories":[2818],"tags":[1111,11,15461,1003,7516,1777,674,1011,27,4879,7517,766,12,2636,25,3272,14532],"class_list":{"0":"post-58411","1":"post","2":"type-post","3":"status-publish","4":"format-standard","5":"has-post-thumbnail","7":"category-nantes","8":"tag-actu","9":"tag-actualites","10":"tag-approbation","11":"tag-budget","12":"tag-conseil","13":"tag-eu","14":"tag-europe","15":"tag-fr","16":"tag-france","17":"tag-hommage","18":"tag-municipal","19":"tag-nantes","20":"tag-news","21":"tag-pays-de-la-loire","22":"tag-republique-francaise","23":"tag-saint-nazaire","24":"tag-vertou"},"share_on_mastodon":{"url":"https:\/\/pubeurope.com\/@fr\/114413760914107102","error":""},"_links":{"self":[{"href":"https:\/\/www.europesays.com\/fr\/wp-json\/wp\/v2\/posts\/58411","targetHints":{"allow":["GET"]}}],"collection":[{"href":"https:\/\/www.europesays.com\/fr\/wp-json\/wp\/v2\/posts"}],"about":[{"href":"https:\/\/www.europesays.com\/fr\/wp-json\/wp\/v2\/types\/post"}],"author":[{"embeddable":true,"href":"https:\/\/www.europesays.com\/fr\/wp-json\/wp\/v2\/users\/2"}],"replies":[{"embeddable":true,"href":"https:\/\/www.europesays.com\/fr\/wp-json\/wp\/v2\/comments?post=58411"}],"version-history":[{"count":0,"href":"https:\/\/www.europesays.com\/fr\/wp-json\/wp\/v2\/posts\/58411\/revisions"}],"wp:featuredmedia":[{"embeddable":true,"href":"https:\/\/www.europesays.com\/fr\/wp-json\/wp\/v2\/media\/58412"}],"wp:attachment":[{"href":"https:\/\/www.europesays.com\/fr\/wp-json\/wp\/v2\/media?parent=58411"}],"wp:term":[{"taxonomy":"category","embeddable":true,"href":"https:\/\/www.europesays.com\/fr\/wp-json\/wp\/v2\/categories?post=58411"},{"taxonomy":"post_tag","embeddable":true,"href":"https:\/\/www.europesays.com\/fr\/wp-json\/wp\/v2\/tags?post=58411"}],"curies":[{"name":"wp","href":"https:\/\/api.w.org\/{rel}","templated":true}]}}