{"id":584111,"date":"2025-12-07T11:44:14","date_gmt":"2025-12-07T11:44:14","guid":{"rendered":"https:\/\/www.europesays.com\/fr\/584111\/"},"modified":"2025-12-07T11:44:14","modified_gmt":"2025-12-07T11:44:14","slug":"cette-epice-miraculeuse-regule-le-taux-de-sucre-dans-le-sang","status":"publish","type":"post","link":"https:\/\/www.europesays.com\/fr\/584111\/","title":{"rendered":"cette \u00e9pice miraculeuse r\u00e9gule le taux de sucre dans le sang"},"content":{"rendered":"<p>Si on s\u2019en sert principalement pour ajouter de la<br \/>\n<strong>saveur<\/strong> \u00e0 nos plats, il faut savoir que <a href=\"https:\/\/www.grazia.fr\/beaute\/forme-minceur\/cette-epice-a-leffet-brule-graisse-est-recommandee-par-les-medecins-pour-perdre-du-poids-facilement-apres-50-ans-1081002.html\" target=\"_blank\" rel=\"noopener\">les \u00e9pices<\/a> pr\u00e9sentent aussi de<br \/>\nnombreux <strong>bienfaits<\/strong> pour notre sant\u00e9. Sans en avoir<br \/>\nl\u2019air, certaines sont en effet concentr\u00e9es en antioxydants, en<br \/>\nvitamines et en min\u00e9raux, qui les rendent d\u2019autant plus<br \/>\nvertueuses.<\/p>\n<p>Parmi celles qui se distinguent pour leurs propri\u00e9t\u00e9s<br \/>\nm\u00e9dicinales remarquables, on retrouve <strong>le cumin<br \/>\nnoir<\/strong>. Aussi appel\u00e9e nigelle, cette \u00e9pice tr\u00e8s parfum\u00e9e est<br \/>\nparticuli\u00e8rement b\u00e9n\u00e9fique contre les pics de glyc\u00e9mie comme le<br \/>\nrapporte <a href=\"https:\/\/sante.journaldesfemmes.fr\/quotidien\/3176170-epice-baisser-glycemie-etude\/\" target=\"_blank\" rel=\"nofollow noopener\">Le Journal des<br \/>\nFemmes<\/a>. Une \u00e9tude clinique a en effet d\u00e9montr\u00e9 que<br \/>\nlorsqu\u2019il est consomm\u00e9 sous la forme d\u2019huile, le cumin noir pouvait<br \/>\nfaire baisser la glyc\u00e9mie, notamment chez les diab\u00e9tiques de type<br \/>\n2.<\/p>\n<p>Quels sont les bienfaits du cumin noir ?<\/p>\n<p>Dans le cadre de cette exp\u00e9rience, dont les r\u00e9sultats ont \u00e9t\u00e9<br \/>\npubli\u00e9s dans la revue <a href=\"https:\/\/www.sciencedirect.com\/journal\/complementary-therapies-in-medicine\" target=\"_blank\" rel=\"nofollow noopener\">Complementary Therapies<br \/>\nin Medicine<\/a>, les participants ont consomm\u00e9 pendant 40<br \/>\njours de <strong>l\u2019huile de cumin noir<\/strong>. Les chercheurs se<br \/>\nsont aper\u00e7us que cela entra\u00eenait une r\u00e9duction significative de la<br \/>\nglyc\u00e9mie \u00e0 jeun (-17,84 mg\/dl en moyenne) et de l\u00a0\u00bbh\u00e9moglobine<br \/>\nglyqu\u00e9e (-0.71%), une mesure qui permet d&rsquo;\u00e9valuer la glyc\u00e9mie au<br \/>\ncours des trois derniers mois.<\/p>\n<p><img loading=\"lazy\" decoding=\"async\" itemprop=\"thumbnailUrl\" class=\"alignnone size-large wp-image-1206079 img-responsive pinit-here\" src=\"https:\/\/www.europesays.com\/fr\/wp-content\/uploads\/2025\/12\/shutterstock_new-africa-4-1024x576.jpg\" alt=\"\" width=\"1024\" height=\"576\" data-pin-media=\"https:\/\/www.grazia.fr\/wp-content\/uploads\/grazia\/2025\/04\/shutterstock_new-africa-4-736x414.jpg\"\/><br \/>\n\u00a9 Shutterstock<br \/>\n\/ New Africa<\/p>\n<p>Selon les experts, il faudrait consommer environ <strong>2g<br \/>\nd\u2019huile par jour<\/strong>, soit environ une cuill\u00e8re \u00e0 caf\u00e9, pour<br \/>\npouvoir observer de tels r\u00e9sultats.<\/p>\n<p>Mais ce sont loin d\u2019\u00eatre les seuls <strong>avantages<\/strong> du<br \/>\ncumin noir. Celui-ci est aussi r\u00e9put\u00e9 pour ses propri\u00e9t\u00e9s<br \/>\nstimulantes, digestives et diur\u00e9tiques. Il favorise une digestion<br \/>\nsaine en stimulant la s\u00e9cr\u00e9tion des enzymes digestives, ce qui peut<br \/>\naider \u00e0 soulager les troubles gastro-intestinaux tels que <a href=\"https:\/\/www.grazia.fr\/beaute\/forme-minceur\/exit-le-ventre-gonfle-et-les-ballonnements-ce-regime-regule-naturellement-notre-transit-1150918.html\" target=\"_blank\" rel=\"noopener\">les ballonnements<\/a> et les gaz. De<br \/>\nplus, ses propri\u00e9t\u00e9s <strong>diur\u00e9tiques<\/strong> contribuent \u00e0<br \/>\n<strong>\u00e9liminer les toxines<\/strong> du corps.<\/p>\n<p>Comment consommer le cumin noir ?<\/p>\n<p>Gr\u00e2ce \u00e0 sa teneur \u00e9lev\u00e9e en <a href=\"https:\/\/www.grazia.fr\/beaute\/forme-minceur\/legume-antioxydant-meilleurs-pour-reguler-glycemie-reduire-maladies-cardiovasculaires-1147029.html\" target=\"_blank\" rel=\"noopener\">antioxydants<\/a>, le cumin noir aide<br \/>\n\u00e0 <strong>combattre<\/strong> le stress oxydatif dans le corps. Les<br \/>\nantioxydants <strong>neutralisent<\/strong> les radicaux libres<br \/>\nnocifs, r\u00e9duisant ainsi le risque de dommages cellulaires et de<br \/>\nmaladies associ\u00e9es au vieillissement pr\u00e9matur\u00e9.<\/p>\n<p>D\u2019autres \u00e9tudes sugg\u00e8rent que le cumin noir peut contribuer \u00e0 la<br \/>\n<strong>r\u00e9duction de la graisse corporelle en favorisant la perte<br \/>\nde poids<\/strong>. Ses propri\u00e9t\u00e9s cardio-protectrices aident par<br \/>\nailleurs \u00e0 abaisser le taux de cholest\u00e9rol LDL (mauvais<br \/>\ncholest\u00e9rol) et \u00e0 augmenter le taux de cholest\u00e9rol HDL (bon<br \/>\ncholest\u00e9rol).<\/p>\n<p>Appr\u00e9ci\u00e9 pour sa saveur anis\u00e9e et citronn\u00e9e, le cumin noir se<br \/>\nconsomme <strong>de plusieurs fa\u00e7ons<\/strong>. Qu\u2019il soit moulu, en<br \/>\ngraines, en huile ou en infusion, le cumin noir peut s\u2019inviter dans<br \/>\ntous les plats. Vous pouvez le saupoudrer sur vos salades ou vos<br \/>\nsoupes, l\u2019ajouter pour agr\u00e9menter vos vinaigrettes ou vos<br \/>\nmarinades\u2026 Certains choisissent \u00e9galement de le consommer sous<br \/>\nforme de compl\u00e9ments alimentaires.<\/p>\n","protected":false},"excerpt":{"rendered":"Si on s\u2019en sert principalement pour ajouter de la saveur \u00e0 nos plats, il faut savoir que les&hellip;\n","protected":false},"author":2,"featured_media":584112,"comment_status":"","ping_status":"","sticky":false,"template":"","format":"standard","meta":{"footnotes":""},"categories":[10],"tags":[1011,27,72,6055,71],"class_list":{"0":"post-584111","1":"post","2":"type-post","3":"status-publish","4":"format-standard","5":"has-post-thumbnail","7":"category-sante","8":"tag-fr","9":"tag-france","10":"tag-health","11":"tag-republishing","12":"tag-sante"},"share_on_mastodon":{"url":"https:\/\/pubeurope.com\/@fr\/115678117172126564","error":""},"_links":{"self":[{"href":"https:\/\/www.europesays.com\/fr\/wp-json\/wp\/v2\/posts\/584111","targetHints":{"allow":["GET"]}}],"collection":[{"href":"https:\/\/www.europesays.com\/fr\/wp-json\/wp\/v2\/posts"}],"about":[{"href":"https:\/\/www.europesays.com\/fr\/wp-json\/wp\/v2\/types\/post"}],"author":[{"embeddable":true,"href":"https:\/\/www.europesays.com\/fr\/wp-json\/wp\/v2\/users\/2"}],"replies":[{"embeddable":true,"href":"https:\/\/www.europesays.com\/fr\/wp-json\/wp\/v2\/comments?post=584111"}],"version-history":[{"count":0,"href":"https:\/\/www.europesays.com\/fr\/wp-json\/wp\/v2\/posts\/584111\/revisions"}],"wp:featuredmedia":[{"embeddable":true,"href":"https:\/\/www.europesays.com\/fr\/wp-json\/wp\/v2\/media\/584112"}],"wp:attachment":[{"href":"https:\/\/www.europesays.com\/fr\/wp-json\/wp\/v2\/media?parent=584111"}],"wp:term":[{"taxonomy":"category","embeddable":true,"href":"https:\/\/www.europesays.com\/fr\/wp-json\/wp\/v2\/categories?post=584111"},{"taxonomy":"post_tag","embeddable":true,"href":"https:\/\/www.europesays.com\/fr\/wp-json\/wp\/v2\/tags?post=584111"}],"curies":[{"name":"wp","href":"https:\/\/api.w.org\/{rel}","templated":true}]}}