{"id":584119,"date":"2025-12-07T11:48:11","date_gmt":"2025-12-07T11:48:11","guid":{"rendered":"https:\/\/www.europesays.com\/fr\/584119\/"},"modified":"2025-12-07T11:48:11","modified_gmt":"2025-12-07T11:48:11","slug":"face-a-la-fast-fashion-les-friperies-font-de-la-resistance","status":"publish","type":"post","link":"https:\/\/www.europesays.com\/fr\/584119\/","title":{"rendered":"face \u00e0 la fast-fashion, les friperies font de la r\u00e9sistance"},"content":{"rendered":"<p>\n    <strong>D\u00c9CRYPTAGE &#8211;<\/strong> Port\u00e9 par une client\u00e8le de plus en plus vari\u00e9e et par des enseignes en plein essor, le march\u00e9 de la fripe explose, au point que certains professionnels peinent d\u00e9sormais \u00e0 trouver des pi\u00e8ces de qualit\u00e9.<\/p>\n<p class=\"fig-paragraph\">En qu\u00eate d\u2019une bonne affaire, Adrien a une solution\u00a0:\u00a0<a href=\"https:\/\/www.lefigaro.fr\/societes\/les-friperies-revigorees-par-l-essor-de-la-seconde-main-20220425\" data-fig-type=\"Article\" data-gtm-custom-categorie=\"navigation\" data-gtm-custom-action=\"crossclick\" data-gtm-custom-label=\"Contextuel\" data-gtm-event=\"customEventSPE\" data-fig-domain=\"LEFIGARO\" target=\"_blank\" rel=\"noopener\">la fripe<\/a>. Ce consultant de 27 ans, \u00e0 la recherche d\u2019un manteau pour l\u2019hiver, a tout de suite pens\u00e9 \u00e0 se tourner vers une friperie pour trouver la perle rare. Il s\u2019agit, \u00e0 ses yeux, du \u00abseul endroit o\u00f9 l\u2019on peut trouver une veste avec une usure naturelle, une patine, un caract\u00e8re\u2026 et le tout sans se ruiner\u00bb. Un argument massue, qui l\u2019emporte sur tous les autres\u00a0: \u00abLe crit\u00e8re \u00e9cologique est important, mais ce n\u2019est pas ce qui m\u2019am\u00e8ne dans la boutique\u00bb, ajoute-t-il.<\/p>\n<p class=\"fig-paragraph\">Comme Adrien, un nombre croissant de Fran\u00e7ais se tourne\u00a0<a href=\"https:\/\/www.lefigaro.fr\/style\/isabel-marant-les-jeunes-preferent-parcourir-les-friperies-plutot-que-les-enseignes-de-fast-fashion-20210613\" data-fig-type=\"Article\" data-gtm-custom-categorie=\"navigation\" data-gtm-custom-action=\"crossclick\" data-gtm-custom-label=\"Contextuel\" data-gtm-event=\"customEventSPE\" data-fig-domain=\"LEFIGARO\" target=\"_blank\" rel=\"noopener\">vers les friperies<\/a>, plus populaires que jamais dans un march\u00e9 de la mode tricolore \u00e0 deux vitesses, o\u00f9 une fast-fashion qui continue de gagner du terrain dans un secteur du pr\u00eat-\u00e0-porter en crise c\u00f4toie des v\u00eatements de seconde main qui prennent leur envol. En \u00cele-de-France seulement, le nombre de friperies a bondi de 277 \u00e0 437 magasins depuis 2017 (+58%), d\u2019apr\u00e8s la derni\u00e8re \u00e9tude de la CCI Paris IDF. Rien de\u2026<\/p>\n<p class=\"fig-premium-paywall__infos\">\n        Cet article est r\u00e9serv\u00e9 aux abonn\u00e9s.        Il vous reste 85% \u00e0 d\u00e9couvrir.\n    <\/p>\n<p>                <img  data- alt=\"Le Figaro\" class=\"fig-img--complete fig-img\"\/><\/p>\n<p class=\"fig-premium-paywall__title\">Vous avez envie de lire la suite ?<\/p>\n<p class=\"fig-premium-paywall__subtitle\">D\u00e9bloquez tous les articles imm\u00e9diatement.<\/p>\n<p class=\"fig-premium-paywall__connect\">\n                D\u00e9j\u00e0 abonn\u00e9\u00a0?                <a class=\"fig-premium-paywall__connect-link\" href=\"https:\/\/connect.lefigaro.fr\/login?client=horizon_web&amp;type=main&amp;redirect_uri=https%3A%2F%2Fwww.lefigaro.fr%2Fconso%2Ftout-le-monde-veut-du-vintage-face-a-la-fast-fashion-les-friperies-font-de-la-resistance-20251207\" data-js-gtm=\"{&quot;customCategorie&quot;: &quot;conversion&quot;, &quot;customAction&quot;: &quot;before_Landing_Connexion_paywall_auto&quot;, &quot;customLabel&quot;: &quot;bGVmaWdhcm8uZnJfXzFmMGQwNjYzLTM5N2ItNjc1ZS1hODliLTI1NWE0ZTg2NzliYl9fQXJ0aWNsZQ==_\u00abTout le monde veut du vintage\u00bb\u00a0: face \u00e0 la fast-fashion, les friperies font de la r\u00e9sistance_469&quot;, &quot;customIDSPE&quot;: &quot;bGVmaWdhcm8uZnJfXzFmMGQwNjYzLTM5N2ItNjc1ZS1hODliLTI1NWE0ZTg2NzliYl9fQXJ0aWNsZQ==&quot;, &quot;event&quot;: &quot;customEventSPE&quot;}\" target=\"_blank\" rel=\"noopener\"><br \/>\n                    Connectez-vous<br \/>\n                <\/a>\n            <\/p>\n","protected":false},"excerpt":{"rendered":"D\u00c9CRYPTAGE &#8211; Port\u00e9 par une client\u00e8le de plus en plus vari\u00e9e et par des enseignes en plein essor,&hellip;\n","protected":false},"author":2,"featured_media":584120,"comment_status":"","ping_status":"","sticky":false,"template":"","format":"standard","meta":{"footnotes":""},"categories":[6],"tags":[35,33,34,49172,1011,27,7167,11644],"class_list":{"0":"post-584119","1":"post","2":"type-post","3":"status-publish","4":"format-standard","5":"has-post-thumbnail","7":"category-economie","8":"tag-business","9":"tag-economie","10":"tag-economy","11":"tag-fastfashion","12":"tag-fr","13":"tag-france","14":"tag-seconde-main","15":"tag-vetements"},"share_on_mastodon":{"url":"https:\/\/pubeurope.com\/@fr\/115678131323924803","error":""},"_links":{"self":[{"href":"https:\/\/www.europesays.com\/fr\/wp-json\/wp\/v2\/posts\/584119","targetHints":{"allow":["GET"]}}],"collection":[{"href":"https:\/\/www.europesays.com\/fr\/wp-json\/wp\/v2\/posts"}],"about":[{"href":"https:\/\/www.europesays.com\/fr\/wp-json\/wp\/v2\/types\/post"}],"author":[{"embeddable":true,"href":"https:\/\/www.europesays.com\/fr\/wp-json\/wp\/v2\/users\/2"}],"replies":[{"embeddable":true,"href":"https:\/\/www.europesays.com\/fr\/wp-json\/wp\/v2\/comments?post=584119"}],"version-history":[{"count":0,"href":"https:\/\/www.europesays.com\/fr\/wp-json\/wp\/v2\/posts\/584119\/revisions"}],"wp:featuredmedia":[{"embeddable":true,"href":"https:\/\/www.europesays.com\/fr\/wp-json\/wp\/v2\/media\/584120"}],"wp:attachment":[{"href":"https:\/\/www.europesays.com\/fr\/wp-json\/wp\/v2\/media?parent=584119"}],"wp:term":[{"taxonomy":"category","embeddable":true,"href":"https:\/\/www.europesays.com\/fr\/wp-json\/wp\/v2\/categories?post=584119"},{"taxonomy":"post_tag","embeddable":true,"href":"https:\/\/www.europesays.com\/fr\/wp-json\/wp\/v2\/tags?post=584119"}],"curies":[{"name":"wp","href":"https:\/\/api.w.org\/{rel}","templated":true}]}}