{"id":584123,"date":"2025-12-07T11:50:14","date_gmt":"2025-12-07T11:50:14","guid":{"rendered":"https:\/\/www.europesays.com\/fr\/584123\/"},"modified":"2025-12-07T11:50:14","modified_gmt":"2025-12-07T11:50:14","slug":"nicolas-sarkozy-a-appele-marine-le-pen-pour-la-remercier-de-son-soutien","status":"publish","type":"post","link":"https:\/\/www.europesays.com\/fr\/584123\/","title":{"rendered":"Nicolas Sarkozy a appel\u00e9 Marine Le\u00a0Pen pour la remercier de son soutien"},"content":{"rendered":"<p>Un \u00ab\u00a0coup de fil inattendu\u00a0\u00bb. Dans <a href=\"https:\/\/www.20minutes.fr\/politique\/4190060-20251206-laitages-bic-prieres-nicolas-sarkozy-revele-coulisses-passage-prison\" class=\"c-link c-link--is-underlined\" target=\"_blank\" rel=\"noopener\">Le Journal d\u2019un prisonnier<\/a>, le livre de <a href=\"https:\/\/www.20minutes.fr\/politique\/nicolas_sarkozy\/\" class=\"c-link c-link--is-underlined\" target=\"_blank\" rel=\"noopener\">Nicolas Sarkozy<\/a> consacr\u00e9 \u00e0 ses vingt jours de d\u00e9tention dont plusieurs extraits ont \u00e9t\u00e9 publi\u00e9s ce week-end dans la presse, l\u2019ex-chef de l\u2019Etat rapporte notamment un \u00e9change t\u00e9l\u00e9phonique avec <a href=\"https:\/\/www.20minutes.fr\/politique\/marine-le-pen\/\" class=\"c-link c-link--is-underlined\" target=\"_blank\" rel=\"noopener\">Marine Le\u00a0Pen<\/a>. Dans <a href=\"https:\/\/x.com\/ellensalvi\/status\/1997588989318975644\" target=\"_blank\" class=\"c-link c-link--is-underlined\">le passage<\/a>, on apprend que le soutien de celle-ci apr\u00e8s sa <a href=\"https:\/\/www.20minutes.fr\/justice\/4179029-20251013-sarkozy-condamne-jour-mois-an-combien-temps-ancien-president-restera-prison\" class=\"c-link c-link--is-underlined\" target=\"_blank\" rel=\"noopener\">condamnation \u00e0 cinq ans de prison<\/a> au proc\u00e8s du financement libyen de sa campagne de\u00a02007 constitue l\u2019une des \u00ab\u00a0meilleures surprises\u00a0\u00bb de cette p\u00e9riode.<\/p>\n<\/p>\n<p>En cause, \u00ab\u00a0elle me consid\u00e9rait, \u00e0 juste titre, comme son principal adversaire\u00a0\u00bb, d\u2019autant que l\u2019ancien pr\u00e9sident dit avoir \u00ab\u00a0toujours refus\u00e9 le moindre accord avec son p\u00e8re, elle-m\u00eame et son parti\u00a0\u00bb. Evoquant cependant un \u00ab\u00a0contexte judiciaire\u00a0\u00bb qui \u00ab\u00a0pouvait [les] rapprocher\u00a0\u00bb, faisant r\u00e9f\u00e9rence \u00e0 la <a href=\"https:\/\/www.20minutes.fr\/politique\/4187361-20251123-marine-pen-renonce-absolument-2027-malgre-proces-appel-detournement-fonds-publics\" class=\"c-link c-link--is-underlined\" target=\"_blank\" rel=\"noopener\">peine d\u2019\u00e9ligibilit\u00e9<\/a> prononc\u00e9e contre la cadre du <a href=\"https:\/\/www.20minutes.fr\/politique\/rassemblement-national\/\" class=\"c-link c-link--is-underlined\" target=\"_blank\" rel=\"noopener\">Rassemblement national<\/a>, Nicolas Sarkozy souligne que \u00ab\u00a0me soutenir \u00e9tait pour elle plut\u00f4t un risque qu\u2019un avantage \u00e0 quelques mois de son propre proc\u00e8s en appel\u00a0\u00bb. \u00ab\u00a0Je lui ai donc t\u00e9l\u00e9phon\u00e9 pour la remercier\u00a0\u00bb, \u00e9crit l\u2019ancien pr\u00e9sident.<\/p>\n<p>Sarkozy ne prendra pas position contre Le Pen<\/p>\n<p>Au cours de cet \u00e9change, Marine Le\u00a0Pen l\u2019aurait interrog\u00e9 sur la situation politique\u00a0: \u00ab\u00a0Votre voix porte sur l\u2019\u00e9lectorat populaire, vous associerez-vous \u00e0 un quelconque front r\u00e9publicain\u00a0\u00bb lors de futures \u00e9ch\u00e9ances \u00e9lectorales\u00a0? \u00ab\u00a0Ma r\u00e9ponse fut sans ambigu\u00eft\u00e9\u00a0: \u00ab\u00a0Non, et de surcro\u00eet je l\u2019assumerai en prenant le moment venu une position publique sur le sujet\u00a0\u00bb\u00a0\u00bb, \u00e9crit l\u2019ancien pr\u00e9sident.<\/p>\n<p>Plus loin dans l\u2019ouvrage, il juge que \u00ab\u00a0le chemin de reconstruction de la <a href=\"https:\/\/www.20minutes.fr\/dossier\/droite\" class=\"c-link c-link--is-underlined\" target=\"_blank\" rel=\"noopener\">droite <\/a>ne pourra passer que par l\u2019esprit de rassemblement le plus large possible, sans exclusive et sans anath\u00e8me\u00a0\u00bb.<\/p>\n","protected":false},"excerpt":{"rendered":"Un \u00ab\u00a0coup de fil inattendu\u00a0\u00bb. Dans Le Journal d\u2019un prisonnier, le livre de Nicolas Sarkozy consacr\u00e9 \u00e0 ses&hellip;\n","protected":false},"author":2,"featured_media":584124,"comment_status":"","ping_status":"","sticky":false,"template":"","format":"standard","meta":{"footnotes":""},"categories":[4],"tags":[47,11,1011,27,430,12,3091,316,25,7618],"class_list":{"0":"post-584123","1":"post","2":"type-post","3":"status-publish","4":"format-standard","5":"has-post-thumbnail","7":"category-france","8":"tag-actualite","9":"tag-actualites","10":"tag-fr","11":"tag-france","12":"tag-marine-le-pen","13":"tag-news","14":"tag-nicolas-sarkozy","15":"tag-politique","16":"tag-republique-francaise","17":"tag-soutien"},"share_on_mastodon":{"url":"https:\/\/pubeurope.com\/@fr\/115678139169104918","error":""},"_links":{"self":[{"href":"https:\/\/www.europesays.com\/fr\/wp-json\/wp\/v2\/posts\/584123","targetHints":{"allow":["GET"]}}],"collection":[{"href":"https:\/\/www.europesays.com\/fr\/wp-json\/wp\/v2\/posts"}],"about":[{"href":"https:\/\/www.europesays.com\/fr\/wp-json\/wp\/v2\/types\/post"}],"author":[{"embeddable":true,"href":"https:\/\/www.europesays.com\/fr\/wp-json\/wp\/v2\/users\/2"}],"replies":[{"embeddable":true,"href":"https:\/\/www.europesays.com\/fr\/wp-json\/wp\/v2\/comments?post=584123"}],"version-history":[{"count":0,"href":"https:\/\/www.europesays.com\/fr\/wp-json\/wp\/v2\/posts\/584123\/revisions"}],"wp:featuredmedia":[{"embeddable":true,"href":"https:\/\/www.europesays.com\/fr\/wp-json\/wp\/v2\/media\/584124"}],"wp:attachment":[{"href":"https:\/\/www.europesays.com\/fr\/wp-json\/wp\/v2\/media?parent=584123"}],"wp:term":[{"taxonomy":"category","embeddable":true,"href":"https:\/\/www.europesays.com\/fr\/wp-json\/wp\/v2\/categories?post=584123"},{"taxonomy":"post_tag","embeddable":true,"href":"https:\/\/www.europesays.com\/fr\/wp-json\/wp\/v2\/tags?post=584123"}],"curies":[{"name":"wp","href":"https:\/\/api.w.org\/{rel}","templated":true}]}}