{"id":584127,"date":"2025-12-07T11:52:13","date_gmt":"2025-12-07T11:52:13","guid":{"rendered":"https:\/\/www.europesays.com\/fr\/584127\/"},"modified":"2025-12-07T11:52:13","modified_gmt":"2025-12-07T11:52:13","slug":"saint-etienne-vol-par-effraction-en-centre-ville-deux-individus-interpelles","status":"publish","type":"post","link":"https:\/\/www.europesays.com\/fr\/584127\/","title":{"rendered":"Saint-\u00c9tienne. Vol par effraction en centre-ville\u00a0: deux individus interpell\u00e9s"},"content":{"rendered":"<p>\u00c0 quelques jours des f\u00eates de fin d\u2019ann\u00e9e, les forces de police viennent de faire la d\u00e9monstration qu\u2019ils ne sont pas pr\u00e8s de baisser la garde face \u00e0 la menace des cambriolages. Ainsi, vers 1 heure du matin, dans la nuit du samedi\u00a06 au dimanche 7\u00a0d\u00e9cembre, un \u00e9quipage de police secours se rend rapidement en centre-ville. Quelques instants plus t\u00f4t, un riverain a aper\u00e7u deux individus au comportement suspect pr\u00e8s d\u2019un immeuble.<\/p>\n<p><strong>\u00c0 lire aussi\u00a0: <a href=\"https:\/\/www.leprogres.fr\/faits-divers-justice\/2025\/12\/05\/ils-n-ont-pris-que-les-objets-en-or-plusieurs-cambriolages-signales-a-verte-colline\" target=\"_blank\" rel=\"noopener\">\u00ab\u00a0Ils ont pris les objets en or\u00a0\u00bb\u00a0: apr\u00e8s plusieurs cambriolages, une victime appelle \u00e0 la vigilance<\/a><\/strong><\/p>\n<p>  Les objets de valeur devraient \u00eatre restitu\u00e9s \u00e0 leurs propri\u00e9taires<\/p>\n<p>L\u2019appel va se r\u00e9v\u00e9ler fort utile puisque les fonctionnaires vont parvenir \u00e0 interpeller deux jeunes hommes. Ces derniers sont en possession de plusieurs bijoux apr\u00e8s avoir fractur\u00e9 la porte d\u2019un appartement du centre-ville st\u00e9phanois. Selon nos informations, ces objets de valeur devraient \u00eatre restitu\u00e9s \u00e0 leurs propri\u00e9taires dans le cadre de la proc\u00e9dure.<\/p>\n<p>Dans le cadre de l\u2019enqu\u00eate ouverte par les policiers, les deux mis en cause seront auditionn\u00e9s dans les meilleurs d\u00e9lais dans le cadre d\u2019une garde \u00e0 vue.<\/p>\n","protected":false},"excerpt":{"rendered":"\u00c0 quelques jours des f\u00eates de fin d\u2019ann\u00e9e, les forces de police viennent de faire la d\u00e9monstration qu\u2019ils&hellip;\n","protected":false},"author":2,"featured_media":584128,"comment_status":"","ping_status":"","sticky":false,"template":"","format":"standard","meta":{"footnotes":""},"categories":[9653],"tags":[1111,11,2430,271,272,7539,1777,674,274,1011,27,3367,12,25,4001,7538,104],"class_list":{"0":"post-584127","1":"post","2":"type-post","3":"status-publish","4":"format-standard","5":"has-post-thumbnail","7":"category-saint-etienne","8":"tag-actu","9":"tag-actualites","10":"tag-auvergne-rhone-alpes","11":"tag-crime","12":"tag-delit-et-contravention","13":"tag-edition-loire-sud","14":"tag-eu","15":"tag-europe","16":"tag-faits-divers-justice","17":"tag-fr","18":"tag-france","19":"tag-loire","20":"tag-news","21":"tag-republique-francaise","22":"tag-saint-etienne","23":"tag-saint-etienne-ville","24":"tag-societe"},"share_on_mastodon":{"url":"https:\/\/pubeurope.com\/@fr\/115678147073745386","error":""},"_links":{"self":[{"href":"https:\/\/www.europesays.com\/fr\/wp-json\/wp\/v2\/posts\/584127","targetHints":{"allow":["GET"]}}],"collection":[{"href":"https:\/\/www.europesays.com\/fr\/wp-json\/wp\/v2\/posts"}],"about":[{"href":"https:\/\/www.europesays.com\/fr\/wp-json\/wp\/v2\/types\/post"}],"author":[{"embeddable":true,"href":"https:\/\/www.europesays.com\/fr\/wp-json\/wp\/v2\/users\/2"}],"replies":[{"embeddable":true,"href":"https:\/\/www.europesays.com\/fr\/wp-json\/wp\/v2\/comments?post=584127"}],"version-history":[{"count":0,"href":"https:\/\/www.europesays.com\/fr\/wp-json\/wp\/v2\/posts\/584127\/revisions"}],"wp:featuredmedia":[{"embeddable":true,"href":"https:\/\/www.europesays.com\/fr\/wp-json\/wp\/v2\/media\/584128"}],"wp:attachment":[{"href":"https:\/\/www.europesays.com\/fr\/wp-json\/wp\/v2\/media?parent=584127"}],"wp:term":[{"taxonomy":"category","embeddable":true,"href":"https:\/\/www.europesays.com\/fr\/wp-json\/wp\/v2\/categories?post=584127"},{"taxonomy":"post_tag","embeddable":true,"href":"https:\/\/www.europesays.com\/fr\/wp-json\/wp\/v2\/tags?post=584127"}],"curies":[{"name":"wp","href":"https:\/\/api.w.org\/{rel}","templated":true}]}}