{"id":584129,"date":"2025-12-07T11:53:17","date_gmt":"2025-12-07T11:53:17","guid":{"rendered":"https:\/\/www.europesays.com\/fr\/584129\/"},"modified":"2025-12-07T11:53:17","modified_gmt":"2025-12-07T11:53:17","slug":"en-images-le-feu-dartifice-de-la-sainte-barbe-a-illumine-le-ciel-de-saint-etienne","status":"publish","type":"post","link":"https:\/\/www.europesays.com\/fr\/584129\/","title":{"rendered":"EN IMAGES &#8211; le feu d&rsquo;artifice de la Sainte-Barbe a illumin\u00e9 le ciel de Saint-\u00c9tienne"},"content":{"rendered":"<p>Rouge, bleu ou vert\u00a0: le feu d&rsquo;artifice de la Sainte-Barbe a illumin\u00e9 le ciel st\u00e9phanois ce samedi 6 d\u00e9cembre. Un feu tir\u00e9 depuis le puits Couriot devant des milliers de personnes. <\/p>\n<p>Ils sont des milliers \u00e0 avoir appr\u00e9ci\u00e9 le feu d&rsquo;artifice tir\u00e9 depuis le chevalement \u00e0 Saint-\u00c9tienne. Apr\u00e8s la procession, le ciel st\u00e9phanois s&rsquo;est illumin\u00e9 ce samedi 6 d\u00e9cembre, \u00e0 l&rsquo;occasion de la Sainte-Barbe.<\/p>\n<p><a class=\"SkipAds svelte-1978h9t\" href=\"#inread-after-sad\" id=\"inread-before-sad\">Passer la publicit\u00e9<\/a> <\/p>\n<p>Publicit\u00e9<\/p>\n<p> <img loading=\"lazy\" decoding=\"async\" src=\"https:\/\/www.francebleu.fr\/client\/immutable\/assets\/logo-ici-sad.C8Ts0-h1.svg\" alt=\"\" width=\"50\" height=\"41\" class=\"svelte-jf29a0\"\/>  <a class=\"SkipAds svelte-1978h9t bottom\" href=\"#inread-before-sad\" id=\"inread-after-sad\">Revenir avant la publicit\u00e9<\/a><\/p>\n<p>C&rsquo;est le point d&rsquo;orgue d&rsquo;une journ\u00e9e qui c\u00e9l\u00e8bre le pass\u00e9 minier st\u00e9phanois. Le cort\u00e8ge compos\u00e9 des pompiers, des \u00e9l\u00e8ves de l&rsquo;\u00c9cole des Mines ou de l&rsquo;association des Amis du mus\u00e9e de la Mine a pris la direction du puits Couriot. Dans l&rsquo;apr\u00e8s-midi, le bal des matrus a r\u00e9uni les plus petits. Le soir, des animations et des concerts ont \u00e9gay\u00e9 Saint-\u00c9tienne, aux rues noires de monde.<\/p>\n<p> <img decoding=\"async\" src=\"https:\/\/www.europesays.com\/fr\/wp-content\/uploads\/2025\/12\/1765108393_105_1280\" alt=\"illustration agrandir l'image\" style=\"--_image-preview:url('data:image\/jpeg;base64,\/9j\/2wBDACgcHiMeGSgjISMtKygwPGRBPDc3PHtYXUlkkYCZlo+AjIqgtObDoKrarYqMyP\/L2u71\/\/\/\/m8H\/\/\/\/6\/+b9\/\/j\/2wBDASstLTw1PHZBQXb4pYyl+Pj4+Pj4+Pj4+Pj4+Pj4+Pj4+Pj4+Pj4+Pj4+Pj4+Pj4+Pj4+Pj4+Pj4+Pj4+Pj4+Pj\/wAARCAAqACgDASIAAhEBAxEB\/8QAGAAAAwEBAAAAAAAAAAAAAAAAAAIDAQT\/xAAXEAEBAQEAAAAAAAAAAAAAAAAAAQIR\/8QAFwEBAQEBAAAAAAAAAAAAAAAAAQACA\/\/EABURAQEAAAAAAAAAAAAAAAAAAAAB\/9oADAMBAAIRAxEAPwDhkUkZmK5gd4XgsU4yxFKwGsCZZlXMSxVspQ3C2GLpEmgzVCCeatmufK2SIp0uq0tDRNUM0EH\/2Q==');\" loading=\"lazy\" fetchpriority=\"low\" class=\"svelte-1cksh76 rounded\" onload=\"this.__e=event\" onerror=\"this.__e=event\"\/> Le ciel st\u00e9phanois est rouge et dor\u00e9 \u00a9 Radio France &#8211; Nicolas Georgeault   <img decoding=\"async\" src=\"https:\/\/www.europesays.com\/fr\/wp-content\/uploads\/2025\/12\/1765108394_238_1280\" alt=\"illustration agrandir l'image\" style=\"--_image-preview:url('data:image\/jpeg;base64,\/9j\/2wBDACgcHiMeGSgjISMtKygwPGRBPDc3PHtYXUlkkYCZlo+AjIqgtObDoKrarYqMyP\/L2u71\/\/\/\/m8H\/\/\/\/6\/+b9\/\/j\/2wBDASstLTw1PHZBQXb4pYyl+Pj4+Pj4+Pj4+Pj4+Pj4+Pj4+Pj4+Pj4+Pj4+Pj4+Pj4+Pj4+Pj4+Pj4+Pj4+Pj4+Pj\/wAARCAAdACoDASIAAhEBAxEB\/8QAGAABAQEBAQAAAAAAAAAAAAAAAwECAAT\/xAAYEAEBAQEBAAAAAAAAAAAAAAAAAQIREv\/EABcBAQEBAQAAAAAAAAAAAAAAAAEAAgP\/xAAWEQEBAQAAAAAAAAAAAAAAAAAAEQH\/2gAMAwEAAhEDEQA\/APBI3ImYXMZdsZ8uuSzKXKILE4TUZ4WXZNmBwfCFJIljcTShoNQZdjQr\/9k=');\" loading=\"lazy\" fetchpriority=\"low\" class=\"svelte-1cksh76 rounded\" onload=\"this.__e=event\" onerror=\"this.__e=event\"\/> Des feux de toutes les couleurs \u00a9 Radio France &#8211; Nicolas Georgeault   <img decoding=\"async\" src=\"https:\/\/www.europesays.com\/fr\/wp-content\/uploads\/2025\/12\/1765108395_119_1280\" alt=\"illustration agrandir l'image\" style=\"--_image-preview:url('data:image\/jpeg;base64,\/9j\/2wBDACgcHiMeGSgjISMtKygwPGRBPDc3PHtYXUlkkYCZlo+AjIqgtObDoKrarYqMyP\/L2u71\/\/\/\/m8H\/\/\/\/6\/+b9\/\/j\/2wBDASstLTw1PHZBQXb4pYyl+Pj4+Pj4+Pj4+Pj4+Pj4+Pj4+Pj4+Pj4+Pj4+Pj4+Pj4+Pj4+Pj4+Pj4+Pj4+Pj4+Pj\/wAARCAAfACoDASIAAhEBAxEB\/8QAFwABAQEBAAAAAAAAAAAAAAAAAgMBBP\/EABgQAQEBAQEAAAAAAAAAAAAAAAABAhES\/8QAFgEBAQEAAAAAAAAAAAAAAAAAAAEC\/8QAFREBAQAAAAAAAAAAAAAAAAAAABH\/2gAMAwEAAhEDEQA\/AOGQ5GZikgyHkbF\/IayCNjOKWDxFPKuUcrZUh8HUODoIjqApoAf\/2Q==');\" loading=\"lazy\" fetchpriority=\"low\" class=\"svelte-1cksh76 rounded\" onload=\"this.__e=event\" onerror=\"this.__e=event\"\/> Un feu vert, couleur de la ville \u00a9 Radio France &#8211; Nicolas Georgeault   <img decoding=\"async\" src=\"https:\/\/www.europesays.com\/fr\/wp-content\/uploads\/2025\/12\/1765108396_499_1280\" alt=\"illustration agrandir l'image\" style=\"--_image-preview:url('data:image\/jpeg;base64,\/9j\/2wBDACgcHiMeGSgjISMtKygwPGRBPDc3PHtYXUlkkYCZlo+AjIqgtObDoKrarYqMyP\/L2u71\/\/\/\/m8H\/\/\/\/6\/+b9\/\/j\/2wBDASstLTw1PHZBQXb4pYyl+Pj4+Pj4+Pj4+Pj4+Pj4+Pj4+Pj4+Pj4+Pj4+Pj4+Pj4+Pj4+Pj4+Pj4+Pj4+Pj4+Pj\/wAARCAAZACoDASIAAhEBAxEB\/8QAFwABAQEBAAAAAAAAAAAAAAAAAQACBf\/EABYQAQEBAAAAAAAAAAAAAAAAAAABEf\/EABYBAQEBAAAAAAAAAAAAAAAAAAABAv\/EABQRAQAAAAAAAAAAAAAAAAAAAAD\/2gAMAwEAAhEDEQA\/AOVI1hkakBjDjeDEAikFGmY02IEVAJJB\/9k=');\" loading=\"lazy\" fetchpriority=\"low\" class=\"svelte-1cksh76 rounded\" onload=\"this.__e=event\" onerror=\"this.__e=event\"\/> Des feux d&rsquo;artifice dor\u00e9s \u00a9 Radio France &#8211; Nicolas Georgeault   <img decoding=\"async\" src=\"https:\/\/www.europesays.com\/fr\/wp-content\/uploads\/2025\/12\/1765108397_961_1280\" alt=\"illustration agrandir l'image\" style=\"--_image-preview:url('data:image\/jpeg;base64,\/9j\/2wBDACgcHiMeGSgjISMtKygwPGRBPDc3PHtYXUlkkYCZlo+AjIqgtObDoKrarYqMyP\/L2u71\/\/\/\/m8H\/\/\/\/6\/+b9\/\/j\/2wBDASstLTw1PHZBQXb4pYyl+Pj4+Pj4+Pj4+Pj4+Pj4+Pj4+Pj4+Pj4+Pj4+Pj4+Pj4+Pj4+Pj4+Pj4+Pj4+Pj4+Pj\/wAARCAAkACoDASIAAhEBAxEB\/8QAGAAAAwEBAAAAAAAAAAAAAAAAAAECAwX\/xAAXEAEBAQEAAAAAAAAAAAAAAAAAAREC\/8QAFwEBAQEBAAAAAAAAAAAAAAAAAQACA\/\/EABYRAQEBAAAAAAAAAAAAAAAAAAABEf\/aAAwDAQACEQMRAD8A55GeMuicLF4MLFKQ8PBiCYqRMacxHTkGLkFhZ1ngOkiiNeQFFVwUAss+kgAv\/9k=');\" loading=\"lazy\" fetchpriority=\"low\" class=\"svelte-1cksh76 rounded\" onload=\"this.__e=event\" onerror=\"this.__e=event\"\/> Une belle rouge et de la fum\u00e9e qui \u00e9mane du Puits Couriot \u00a9 Radio France &#8211; Nicolas Georgeault  <\/p>\n","protected":false},"excerpt":{"rendered":"Rouge, bleu ou vert\u00a0: le feu d&rsquo;artifice de la Sainte-Barbe a illumin\u00e9 le ciel st\u00e9phanois ce samedi 6&hellip;\n","protected":false},"author":2,"featured_media":584130,"comment_status":"","ping_status":"","sticky":false,"template":"","format":"standard","meta":{"footnotes":""},"categories":[9653],"tags":[1111,11,2430,1777,674,1011,27,12,25,4001],"class_list":{"0":"post-584129","1":"post","2":"type-post","3":"status-publish","4":"format-standard","5":"has-post-thumbnail","7":"category-saint-etienne","8":"tag-actu","9":"tag-actualites","10":"tag-auvergne-rhone-alpes","11":"tag-eu","12":"tag-europe","13":"tag-fr","14":"tag-france","15":"tag-news","16":"tag-republique-francaise","17":"tag-saint-etienne"},"share_on_mastodon":{"url":"https:\/\/pubeurope.com\/@fr\/115678151952409034","error":""},"_links":{"self":[{"href":"https:\/\/www.europesays.com\/fr\/wp-json\/wp\/v2\/posts\/584129","targetHints":{"allow":["GET"]}}],"collection":[{"href":"https:\/\/www.europesays.com\/fr\/wp-json\/wp\/v2\/posts"}],"about":[{"href":"https:\/\/www.europesays.com\/fr\/wp-json\/wp\/v2\/types\/post"}],"author":[{"embeddable":true,"href":"https:\/\/www.europesays.com\/fr\/wp-json\/wp\/v2\/users\/2"}],"replies":[{"embeddable":true,"href":"https:\/\/www.europesays.com\/fr\/wp-json\/wp\/v2\/comments?post=584129"}],"version-history":[{"count":0,"href":"https:\/\/www.europesays.com\/fr\/wp-json\/wp\/v2\/posts\/584129\/revisions"}],"wp:featuredmedia":[{"embeddable":true,"href":"https:\/\/www.europesays.com\/fr\/wp-json\/wp\/v2\/media\/584130"}],"wp:attachment":[{"href":"https:\/\/www.europesays.com\/fr\/wp-json\/wp\/v2\/media?parent=584129"}],"wp:term":[{"taxonomy":"category","embeddable":true,"href":"https:\/\/www.europesays.com\/fr\/wp-json\/wp\/v2\/categories?post=584129"},{"taxonomy":"post_tag","embeddable":true,"href":"https:\/\/www.europesays.com\/fr\/wp-json\/wp\/v2\/tags?post=584129"}],"curies":[{"name":"wp","href":"https:\/\/api.w.org\/{rel}","templated":true}]}}