{"id":584133,"date":"2025-12-07T11:55:15","date_gmt":"2025-12-07T11:55:15","guid":{"rendered":"https:\/\/www.europesays.com\/fr\/584133\/"},"modified":"2025-12-07T11:55:15","modified_gmt":"2025-12-07T11:55:15","slug":"nancy-une-rixe-des-enfants-perdus-et-quelques-malaises-lors-du-defile-de-la-saint-nicolas","status":"publish","type":"post","link":"https:\/\/www.europesays.com\/fr\/584133\/","title":{"rendered":"Nancy. Une rixe, des enfants perdus et quelques malaises lors du d\u00e9fil\u00e9 de la Saint-Nicolas"},"content":{"rendered":"<p class=\"insetTitle\">Saint-Nicolas\u00a0: apr\u00e8s le grand d\u00e9fil\u00e9, la f\u00eate continue<\/p>\n<p>Ces f\u00eates de la Saint-Nicolas ont donc connu leur apog\u00e9e ce samedi avec l\u2019incontournable d\u00e9fil\u00e9, mais <a href=\"https:\/\/www.estrepublicain.fr\/culture-loisirs\/2022\/11\/07\/fetes-de-la-saint-nicolas-dates-defile-marches-toutes-les-infos-a-savoir\" target=\"_blank\" rel=\"noopener\">le programme<\/a> des r\u00e9jouissances est loin d\u2019\u00eatre boucl\u00e9\u00a0!<\/p>\n<p>Outre les march\u00e9s, la grande roue, la patinoire ou encore le vid\u00e9omapping qui continuent \u00e9videmment d\u2019animer la ville jusqu\u2019au 4\u00a0janvier, spectacles et d\u00e9ambulations seront encore assur\u00e9s par diverses compagnies artistiques <strong>ce dimanche 7\u00a0d\u00e9cembre de 11\u00a0h \u00e0 18\u00a0h<\/strong> dans le secteur pi\u00e9ton nanc\u00e9ien (de la porte de la Craffe \u00e0 la rue du Pont Mouja).<\/p>\n<p>Puis <strong>samedi 13\u00a0d\u00e9cembre d\u00e8s 16\u00a0h\u00a030<\/strong> , rendez-vous \u00e0 hauteur du parvis de l\u2019\u00e9cole d\u2019architecture et du port Sainte-Catherine pour la Saint-Nicolas sur l\u2019eau. Avec des animations (musique, ateliers cr\u00e9atifs, restauration\u2026), avant le d\u00e9fil\u00e9 dans des embarcations sur le canal, puis le feu d\u2019artifice final.<\/p>\n<p>Toujours dans le cadre de ce programme, \u00e0 noter \u00e9galement le rendez-vous \u00ab\u00a0Gare \u00e0 l\u2019art\u00a0\u00bb, <strong>du vendredi\u00a019 au dimanche 21\u00a0d\u00e9cembre<\/strong> \u00e0 l\u2019h\u00f4tel de ville, avec de nombreux artisans et cr\u00e9ateurs.<\/p>\n","protected":false},"excerpt":{"rendered":"Saint-Nicolas\u00a0: apr\u00e8s le grand d\u00e9fil\u00e9, la f\u00eate continue Ces f\u00eates de la Saint-Nicolas ont donc connu leur apog\u00e9e&hellip;\n","protected":false},"author":2,"featured_media":584134,"comment_status":"","ping_status":"","sticky":false,"template":"","format":"standard","meta":{"footnotes":""},"categories":[9635],"tags":[119,1111,11,271,1687,272,1704,1777,674,274,3326,1011,27,775,1702,1703,12,25],"class_list":{"0":"post-584133","1":"post","2":"type-post","3":"status-publish","4":"format-standard","5":"has-post-thumbnail","7":"category-nancy","8":"tag-accident","9":"tag-actu","10":"tag-actualites","11":"tag-crime","12":"tag-culture-loisirs","13":"tag-delit-et-contravention","14":"tag-edition-nancy-et-agglomeration","15":"tag-eu","16":"tag-europe","17":"tag-faits-divers-justice","18":"tag-fete-locale","19":"tag-fr","20":"tag-france","21":"tag-grand-est","22":"tag-nancy","23":"tag-nancy-ville-54b","24":"tag-news","25":"tag-republique-francaise"},"share_on_mastodon":{"url":"https:\/\/pubeurope.com\/@fr\/115678158830719787","error":""},"_links":{"self":[{"href":"https:\/\/www.europesays.com\/fr\/wp-json\/wp\/v2\/posts\/584133","targetHints":{"allow":["GET"]}}],"collection":[{"href":"https:\/\/www.europesays.com\/fr\/wp-json\/wp\/v2\/posts"}],"about":[{"href":"https:\/\/www.europesays.com\/fr\/wp-json\/wp\/v2\/types\/post"}],"author":[{"embeddable":true,"href":"https:\/\/www.europesays.com\/fr\/wp-json\/wp\/v2\/users\/2"}],"replies":[{"embeddable":true,"href":"https:\/\/www.europesays.com\/fr\/wp-json\/wp\/v2\/comments?post=584133"}],"version-history":[{"count":0,"href":"https:\/\/www.europesays.com\/fr\/wp-json\/wp\/v2\/posts\/584133\/revisions"}],"wp:featuredmedia":[{"embeddable":true,"href":"https:\/\/www.europesays.com\/fr\/wp-json\/wp\/v2\/media\/584134"}],"wp:attachment":[{"href":"https:\/\/www.europesays.com\/fr\/wp-json\/wp\/v2\/media?parent=584133"}],"wp:term":[{"taxonomy":"category","embeddable":true,"href":"https:\/\/www.europesays.com\/fr\/wp-json\/wp\/v2\/categories?post=584133"},{"taxonomy":"post_tag","embeddable":true,"href":"https:\/\/www.europesays.com\/fr\/wp-json\/wp\/v2\/tags?post=584133"}],"curies":[{"name":"wp","href":"https:\/\/api.w.org\/{rel}","templated":true}]}}