{"id":584149,"date":"2025-12-07T12:06:15","date_gmt":"2025-12-07T12:06:15","guid":{"rendered":"https:\/\/www.europesays.com\/fr\/584149\/"},"modified":"2025-12-07T12:06:15","modified_gmt":"2025-12-07T12:06:15","slug":"rennes-tradition-site-dangereux-et-off-des-trans-musicales-ce-quil-faut-savoir-de-la-free-party-de-carhaix","status":"publish","type":"post","link":"https:\/\/www.europesays.com\/fr\/584149\/","title":{"rendered":"Rennes : Tradition, site dangereux et \u00ab off \u00bb des Trans musicales\u2026 Ce qu\u2019il faut savoir de la free-party de Carhaix"},"content":{"rendered":"<p class=\"mb-4 text-lg md:leading-8 break-words\"><strong>F\u00eate Sauvage &#8211; Cette rave-party, vieille de plus de trente ans, est organis\u00e9e en marge des Trans musicales de Rennes<\/strong><\/p>\n<p class=\"mb-4 text-lg md:leading-8 break-words\">C\u2019est l\u2019un des rendez-vous de l\u2019ann\u00e9e de \u00ab\u00a0l\u2019underground\u00a0\u00bb. Une <a href=\"https:\/\/www.20minutes.fr\/dossier\/rave?at_medium=RSS%20feed&amp;at_campaign=ynews&amp;utm_source=yahoo&amp;utm_medium=rss&amp;utm_campaign=news_feed&amp;utm_content=in_article_link\" rel=\"nofollow noopener\" target=\"_blank\" data-ylk=\"slk:free-party;elm:context_link;itc:0;sec:content-canvas\" class=\"link \">free-party<\/a> est en cours depuis samedi soir sur le site de la friche industrielle d\u2019Entremont, \u00e0 Carhaix, dans le <a href=\"https:\/\/www.20minutes.fr\/societe\/finistere\/?at_medium=RSS%20feed&amp;at_campaign=ynews&amp;utm_source=yahoo&amp;utm_medium=rss&amp;utm_campaign=news_feed&amp;utm_content=in_article_link\" rel=\"nofollow noopener\" target=\"_blank\" data-ylk=\"slk:Finist\u00e8re;elm:context_link;itc:0;sec:content-canvas\" class=\"link \">Finist\u00e8re<\/a>, rapporte <a href=\"https:\/\/www.francebleu.fr\/infos\/faits-divers-justice\/2-000-fetards-dans-une-friche-industrielle-ce-qu-il-faut-savoir-de-la-rave-party-de-carhaix-8631756?at_medium=RSS%20feed&amp;at_campaign=ynews&amp;utm_source=yahoo&amp;utm_medium=rss&amp;utm_campaign=news_feed&amp;utm_content=in_article_link\" rel=\"nofollow noopener\" target=\"_blank\" data-ylk=\"slk:ICI Bretagne;elm:context_link;itc:0;sec:content-canvas\" class=\"link \">ICI Bretagne<\/a>.<\/p>\n<p class=\"mb-4 text-lg md:leading-8 break-words\">Tradition, ill\u00e9galit\u00e9 et \u00ab\u00a0off\u00a0\u00bb des <a href=\"https:\/\/www.20minutes.fr\/dossier\/transmusicales?at_medium=RSS%20feed&amp;at_campaign=ynews&amp;utm_source=yahoo&amp;utm_medium=rss&amp;utm_campaign=news_feed&amp;utm_content=in_article_link\" rel=\"nofollow noopener\" target=\"_blank\" data-ylk=\"slk:Trans musicales;elm:context_link;itc:0;sec:content-canvas\" class=\"link \">Trans musicales<\/a>, on fait le point sur cette f\u00eate sauvage, qui r\u00e9unit plusieurs milliers de participants malgr\u00e9 l\u2019interdiction pr\u00e9fectorale et la pr\u00e9sence de la gendarmerie.<\/p>\n<p>Plusieurs milliers de participants, venus de tout l\u2019Europe<\/p>\n<p class=\"mb-4 text-lg md:leading-8 break-words\">Selon les autorit\u00e9s, quelque 2.000 personnes sont actuellement r\u00e9unies sur le site de la friche industrielle d\u2019Entremont, \u00e0 Carhaix, dans le Finist\u00e8re. Les organisateurs de la free-party revendiquent pour leur part 5.000 participants.<\/p>\n<p class=\"mb-4 text-lg md:leading-8 break-words\">Et certains sont parfois venus de loin, comme Paul*, qui a fait dix heures de route depuis le Luxembourg et explique \u00e0 la radio publique que cet \u00e9v\u00e9nement est vraiment r\u00e9put\u00e9 et qu\u2019il a r\u00e9serv\u00e9 de longue date ce week-end.<\/p>\n<p>Un site dangereux, d\u00e9cor\u00e9 pour l\u2019occasion, et sous surveillance<\/p>\n<p class=\"mb-4 text-lg md:leading-8 break-words\">Sur place, les collectifs ont install\u00e9 plusieurs sc\u00e8nes avec des \u00e9l\u00e9ments de d\u00e9cors \u00e0 l\u2019int\u00e9rieur sur lesquelles des Djs doivent se succ\u00e9der jusqu\u2019\u00e0 dimanche soir.<\/p>\n<p class=\"mb-4 text-lg md:leading-8 break-words\">Mais les autorit\u00e9s s\u2019inqui\u00e8tent de la s\u00e9curit\u00e9 alors que le site n\u2019est pas aux normes et pr\u00e9sente des risques d\u2019\u00e9l\u00e9ment de toitures ou de morceau de b\u00e9ton. Aussi, des agents de s\u00e9curit\u00e9s sont sur place, et tentent d\u2019indiquer aux teufeurs quelles zones sont \u00e0 \u00e9viter.<\/p>\n<p class=\"mb-4 text-lg md:leading-8 break-words\">De m\u00eame, plusieurs escadrons de gendarmerie sont sur place et verb(&#8230;)<\/p>\n<p class=\"mb-4 text-lg md:leading-8 break-words\"><a href=\"https:\/\/www.20minutes.fr\/societe\/4190121-20251207-rennes-tradition-site-dangereux-off-trans-musicales-faut-savoir-free-party-carhaix?at_medium=RSS%20feed&amp;at_campaign=ynews&amp;utm_source=yahoo&amp;utm_medium=rss&amp;utm_campaign=news_feed&amp;utm_content=read_more_link&quot;\" rel=\"nofollow noopener\" target=\"_blank\" data-ylk=\"slk:Lire la suite sur 20minutes;elm:context_link;itc:0;sec:content-canvas\" class=\"link \">Lire la suite sur 20minutes<\/a><\/p>\n<p>\u00c0 lire aussi :<br \/><a href=\"https:\/\/www.20minutes.fr\/arts-stars\/culture\/musique\/4189935-20251205-trans-musicales-rennes-darons-alignent-marathon-musical?at_medium=RSS%20feed&amp;at_campaign=ynews&amp;utm_source=yahoo&amp;utm_medium=rss&amp;utm_campaign=news_feed&amp;utm_content=related_content_link\" rel=\"nofollow noopener\" target=\"_blank\" data-ylk=\"slk:Trans Musicales\u00a0de Rennes\u00a0: Qui sont ces darons qui s\u2019alignent sur ce marathon musical\u00a0?;elm:context_link;itc:0;sec:content-canvas\" class=\"link \">Trans Musicales\u00a0de Rennes\u00a0: Qui sont ces darons qui s\u2019alignent sur ce marathon musical\u00a0?<\/a><br \/><a href=\"https:\/\/www.20minutes.fr\/faits_divers\/faits-divers-rennes\/4188775-20251130-rennes-gendarme-trois-fetards-blesses-lors-free-party?at_medium=RSS%20feed&amp;at_campaign=ynews&amp;utm_source=yahoo&amp;utm_medium=rss&amp;utm_campaign=news_feed&amp;utm_content=related_content_link\" rel=\"nofollow noopener\" target=\"_blank\" data-ylk=\"slk:Rennes\u00a0: Un gendarme et trois f\u00eatards bless\u00e9s lors d\u2019une free party;elm:context_link;itc:0;sec:content-canvas\" class=\"link \">Rennes\u00a0: Un gendarme et trois f\u00eatards bless\u00e9s lors d\u2019une free party<\/a><\/p>\n","protected":false},"excerpt":{"rendered":"F\u00eate Sauvage &#8211; Cette rave-party, vieille de plus de trente ans, est organis\u00e9e en marge des Trans musicales&hellip;\n","protected":false},"author":2,"featured_media":584150,"comment_status":"","ping_status":"","sticky":false,"template":"","format":"standard","meta":{"footnotes":""},"categories":[2821],"tags":[1111,11,829,69740,1777,674,69741,1011,27,9218,12,584,25,67953],"class_list":{"0":"post-584149","1":"post","2":"type-post","3":"status-publish","4":"format-standard","5":"has-post-thumbnail","7":"category-rennes","8":"tag-actu","9":"tag-actualites","10":"tag-bretagne","11":"tag-escadrons-de-gendarmerie","12":"tag-eu","13":"tag-europe","14":"tag-fete-sauvage","15":"tag-fr","16":"tag-france","17":"tag-free-party","18":"tag-news","19":"tag-rennes","20":"tag-republique-francaise","21":"tag-trans-musicales"},"share_on_mastodon":{"url":"https:\/\/pubeurope.com\/@fr\/115678202127731160","error":""},"_links":{"self":[{"href":"https:\/\/www.europesays.com\/fr\/wp-json\/wp\/v2\/posts\/584149","targetHints":{"allow":["GET"]}}],"collection":[{"href":"https:\/\/www.europesays.com\/fr\/wp-json\/wp\/v2\/posts"}],"about":[{"href":"https:\/\/www.europesays.com\/fr\/wp-json\/wp\/v2\/types\/post"}],"author":[{"embeddable":true,"href":"https:\/\/www.europesays.com\/fr\/wp-json\/wp\/v2\/users\/2"}],"replies":[{"embeddable":true,"href":"https:\/\/www.europesays.com\/fr\/wp-json\/wp\/v2\/comments?post=584149"}],"version-history":[{"count":0,"href":"https:\/\/www.europesays.com\/fr\/wp-json\/wp\/v2\/posts\/584149\/revisions"}],"wp:featuredmedia":[{"embeddable":true,"href":"https:\/\/www.europesays.com\/fr\/wp-json\/wp\/v2\/media\/584150"}],"wp:attachment":[{"href":"https:\/\/www.europesays.com\/fr\/wp-json\/wp\/v2\/media?parent=584149"}],"wp:term":[{"taxonomy":"category","embeddable":true,"href":"https:\/\/www.europesays.com\/fr\/wp-json\/wp\/v2\/categories?post=584149"},{"taxonomy":"post_tag","embeddable":true,"href":"https:\/\/www.europesays.com\/fr\/wp-json\/wp\/v2\/tags?post=584149"}],"curies":[{"name":"wp","href":"https:\/\/api.w.org\/{rel}","templated":true}]}}