{"id":584162,"date":"2025-12-07T12:15:15","date_gmt":"2025-12-07T12:15:15","guid":{"rendered":"https:\/\/www.europesays.com\/fr\/584162\/"},"modified":"2025-12-07T12:15:15","modified_gmt":"2025-12-07T12:15:15","slug":"a-bordeaux-ce-celebre-evenement-autour-du-vin-revient-avec-plusieurs-nouveautes","status":"publish","type":"post","link":"https:\/\/www.europesays.com\/fr\/584162\/","title":{"rendered":"\u00c0 Bordeaux, ce c\u00e9l\u00e8bre \u00e9v\u00e9nement autour du vin revient avec plusieurs nouveaut\u00e9s"},"content":{"rendered":"<p>                    Par<br \/>\n        <strong><br \/>\n            <a href=\"https:\/\/actu.fr\/auteur\/julian-doubax\" title=\"Consulter tous les articles de Julian Doubax\" target=\"_blank\" rel=\"noopener\">Julian Doubax<\/a><br \/>\n                    <\/strong><\/p>\n<p>        Publi\u00e9 le<\/p>\n<p>            7 d\u00e9c. 2025 \u00e0 12h33        <\/p>\n<p>Samedi\u00a013 et dimanche 14\u00a0d\u00e9cembre 2025, <a href=\"https:\/\/actu.fr\/bordeaux\/evenements\" target=\"_blank\" rel=\"noopener\">l\u2019\u00e9v\u00e8nement<\/a> Bordeaux Tasting f\u00eate sa 14\u00e8me \u00e9dition au <a href=\"https:\/\/actu.fr\/nouvelle-aquitaine\/bordeaux_33063\/a-bordeaux-la-contestation-enfle-contre-la-tenue-de-cet-evenement-caritatif-des-appels-au-boycott-lances_63513932.html\" target=\"_blank\" rel=\"noopener\">Palais de la Bourse<\/a>. Cette ann\u00e9e, l\u2019\u00e9quipe de Terres et Vins s\u2019est d\u00e9men\u00e9e pour proposer plusieurs <strong>nouveaut\u00e9s<\/strong> aux visiteurs.<\/p>\n<p class=\" wall-content\">Un partenariat avec Cash vin offrira la possibilit\u00e9 de \u00ab\u00a0commander sur place les<br \/>vins de son choix \u00e0 des prix exclusifs\u00a0\u00bb, indique l\u2019organisation. Lors de l\u2019achat de son billet, un <strong>questionnaire<\/strong> est propos\u00e9 et en le remplissant, le visiteur pourra acc\u00e9der \u00e0 \u00ab\u00a0un itin\u00e9raire personnalis\u00e9 selon ses go\u00fbts et ses envies\u00a0\u00bb pour l\u2019\u00e9clairer au sein de cette myriade d\u2019exposants.<\/p>\n<p class=\" wall-content\">Enfin, derni\u00e8re <strong>nouveaut\u00e9<\/strong>\u2009: les Crus Bourgeois du M\u00e9doc proposent une exp\u00e9rience in\u00e9dite appel\u00e9e le banquet renvers\u00e9. Des d\u00e9gustations libres auront lieu ainsi qu\u2019un restaurant \u00e9ph\u00e9m\u00e8re pour d\u00e9couvrir des accords mets-vins d\u2019exception.<\/p>\n<p>D\u00e9guster des vins uniques<\/p>\n<p class=\" wall-content\">Outre les nouveaut\u00e9s de cette \u00e9dition, les visiteurs pourront partir \u00e0 la rencontre des propri\u00e9t\u00e9s les plus prestigieuses du monde. Des sessions payantes et sur r\u00e9servation sont organis\u00e9es pour tester des \u00ab\u2009masterclasses\u2009\u00bb avec par exemple <strong>trois signatures<\/strong> embl\u00e9matiques du Bordelais\u2009: le Ch\u00e2teau Pichon Baron, Clos Fourtet et Ch\u00e2teau Smith Haut Lafitte.<\/p>\n<p class=\" wall-content\">Des ateliers de d\u00e9gustation anim\u00e9s par des \u00ab\u2009experts\u2009\u00bb sont aussi organis\u00e9s tout au long du week-end pour ravir les papilles de chacun. Pour r\u00e9server sa place, la billetterie est d\u00e9j\u00e0 accessible via <a href=\"https:\/\/yp.events\/e48b32c3-d185-460c-9d5b-4555f413fc9b\/BORDEAUX-TASTING\/ticketing\" target=\"_blank\" rel=\"noopener\">ce lien<\/a>.<\/p>\n<p class=\" wall-content\">Personnalisez votre actualit\u00e9 en ajoutant vos villes et m\u00e9dias en favori avec <a href=\"https:\/\/moncompte.actu.fr\" title=\"D\u00e9couvez Mon Actu\" rel=\"nofollow noopener\" data-trk=\"{&quot;cta&quot;:{&quot;action&quot;:&quot;https:\\\/\\\/moncompte.actu.fr&quot;,&quot;category&quot;:&quot;mon compte&quot;,&quot;from&quot;:&quot;article footer&quot;,&quot;name&quot;:&quot;Mon actu&quot;,&quot;type&quot;:&quot;cta&quot;}}\" target=\"_blank\">Mon Actu<\/a>.<\/p>\n","protected":false},"excerpt":{"rendered":"Par Julian Doubax Publi\u00e9 le 7 d\u00e9c. 2025 \u00e0 12h33 Samedi\u00a013 et dimanche 14\u00a0d\u00e9cembre 2025, l\u2019\u00e9v\u00e8nement Bordeaux Tasting&hellip;\n","protected":false},"author":2,"featured_media":584163,"comment_status":"","ping_status":"","sticky":false,"template":"","format":"standard","meta":{"footnotes":""},"categories":[2817],"tags":[1111,11,1997,1777,674,3696,1011,27,12,2219,25,18193],"class_list":{"0":"post-584162","1":"post","2":"type-post","3":"status-publish","4":"format-standard","5":"has-post-thumbnail","7":"category-bordeaux","8":"tag-actu","9":"tag-actualites","10":"tag-bordeaux","11":"tag-eu","12":"tag-europe","13":"tag-evenements","14":"tag-fr","15":"tag-france","16":"tag-news","17":"tag-nouvelle-aquitaine","18":"tag-republique-francaise","19":"tag-viticulture"},"share_on_mastodon":{"url":"https:\/\/pubeurope.com\/@fr\/115678237471608037","error":""},"_links":{"self":[{"href":"https:\/\/www.europesays.com\/fr\/wp-json\/wp\/v2\/posts\/584162","targetHints":{"allow":["GET"]}}],"collection":[{"href":"https:\/\/www.europesays.com\/fr\/wp-json\/wp\/v2\/posts"}],"about":[{"href":"https:\/\/www.europesays.com\/fr\/wp-json\/wp\/v2\/types\/post"}],"author":[{"embeddable":true,"href":"https:\/\/www.europesays.com\/fr\/wp-json\/wp\/v2\/users\/2"}],"replies":[{"embeddable":true,"href":"https:\/\/www.europesays.com\/fr\/wp-json\/wp\/v2\/comments?post=584162"}],"version-history":[{"count":0,"href":"https:\/\/www.europesays.com\/fr\/wp-json\/wp\/v2\/posts\/584162\/revisions"}],"wp:featuredmedia":[{"embeddable":true,"href":"https:\/\/www.europesays.com\/fr\/wp-json\/wp\/v2\/media\/584163"}],"wp:attachment":[{"href":"https:\/\/www.europesays.com\/fr\/wp-json\/wp\/v2\/media?parent=584162"}],"wp:term":[{"taxonomy":"category","embeddable":true,"href":"https:\/\/www.europesays.com\/fr\/wp-json\/wp\/v2\/categories?post=584162"},{"taxonomy":"post_tag","embeddable":true,"href":"https:\/\/www.europesays.com\/fr\/wp-json\/wp\/v2\/tags?post=584162"}],"curies":[{"name":"wp","href":"https:\/\/api.w.org\/{rel}","templated":true}]}}