{"id":584168,"date":"2025-12-07T12:18:17","date_gmt":"2025-12-07T12:18:17","guid":{"rendered":"https:\/\/www.europesays.com\/fr\/584168\/"},"modified":"2025-12-07T12:18:17","modified_gmt":"2025-12-07T12:18:17","slug":"tfc-son-evolution-est-excellente-avec-emersonn-toulouse-a-t-il-trouve-son-nouveau-buteur","status":"publish","type":"post","link":"https:\/\/www.europesays.com\/fr\/584168\/","title":{"rendered":"TFC\u00a0: \u00ab\u00a0Son \u00e9volution est excellente\u2026\u00a0\u00bb Avec Emersonn, Toulouse a-t-il trouv\u00e9 son nouveau buteur\u00a0?"},"content":{"rendered":"<p>\n                                                                    l&rsquo;essentiel<br \/>\n                                                                Auteur de son troisi\u00e8me but en Ligue 1 ce samedi face \u00e0 Strasbourg, le Br\u00e9silien Emersonn a offert la victoire au TFC o\u00f9 il continue de s\u2019adapter brillamment. Le fruit d\u2019un travail avec le staff et d\u2019un \u00e9tat d\u2019esprit irr\u00e9prochable.\n                            <\/p>\n<p>Arriv\u00e9 \u00e0 Toulouse dans les toutes derni\u00e8res heures du mercato estival, Emersonn, avec ses deux \u00ab\u00a0N\u00a0\u00bb, est en train de se faire un nom en Ligue 1. Marquer \u00e0 Lyon (J7) d\u00e8s sa troisi\u00e8me apparition dans le championnat de France, puis \u00e0 Marseille (J14) l\u2019y a bien aid\u00e9, et ce samedi, le Br\u00e9silien a encha\u00een\u00e9 face \u00e0 Strasbourg (J15), inscrivant son premier but devant le public du Stadium, qui le lui a bien rendu en scandant son patronyme.<\/p>\n<p>        <img decoding=\"async\" class=\"std-img__img responsive-img\" src=\"https:\/\/www.europesays.com\/fr\/wp-content\/uploads\/2025\/12\/1765109897_465_image.jpg\" alt=\"Emersonn a inscrit son troisi\u00e8me but en Ligue 1 samedi face \u00e0 Strasbourg\"\/><\/p>\n<p>                Emersonn a inscrit son troisi\u00e8me but en Ligue 1 samedi face \u00e0 Strasbourg<br \/>\n                                    DDM &#8211; LAURENT DARD<\/p>\n<p>En partie pour la personnalit\u00e9 extr\u00eamement attachante du bonhomme, on aurait vraiment envie de lui en compter un quatri\u00e8me, mais le premier but du TFC contre l\u2019OL, sur lequel Emersonn a fait tout le boulot, avait finalement \u00e9t\u00e9 attribu\u00e9 \u00e0 Clinton Mata contre son camp. Cela ferait quatre pour l\u2019avant-centre de 21 ans, qui serait alors co-meilleur buteur des Violets avec Frank Magri, qui n\u2019a plus marqu\u00e9 depuis le 19\u00a0octobre. Peu importe\u00a0: l\u2019adaptation de celui qui a d\u00e9barqu\u00e9 de G\u00f6ztepe, en Turquie, comme un inconnu, est r\u00e9ussie. Et si les performances d\u2019Emersonn, titulaire sept fois sur huit depuis le d\u00e9placement \u00e0 Lyon, ont aussi mis en lumi\u00e8re quelques carences et une certaine marge de progression, le joueur form\u00e9 \u00e0 l\u2019Athletico Paranaense a aussi prouv\u00e9 qu\u2019il savait \u00eatre d\u00e9cisif, notamment dans les gros matchs.<\/p>\n<p class=\"std-elt__inline\">\n        <strong>\u00c0 lire aussi :<\/strong><br \/>\n        <a href=\"https:\/\/www.ladepeche.fr\/2025\/12\/06\/direct-tfc-strasbourg-toulouse-veut-retrouver-le-chemin-de-la-victoire-suivez-le-match-de-ligue-1-en-live-13095214.php\" target=\"_blank\" rel=\"noopener\">REPLAY. TFC-Strasbourg\u00a0: Toulouse s\u2019impose au Stadium et retrouve le chemin de la victoire\u00a0! Revivez le match de Ligue 1<\/a>\n    <\/p>\n<p>L\u2019\u00e9volution de ce jeune joueur, qui semble visible de semaine en semaine, est jug\u00e9e \u00ab\u00a0excellente\u00a0\u00bb par son entra\u00eeneur Carles Martinez Novell. Elle est en partie\u00a0le r\u00e9sultat\u00a0du travail r\u00e9alis\u00e9 avec le Br\u00e9silien par le Catalan et son staff, notamment Jordan Galtier, adjoint en charge des attaquants, via de nombreuses s\u00e9ances vid\u00e9o\u00a0organis\u00e9es\u00a0pour identifier ses axes de progression. \u00ab\u00a0Il peut encore s\u2019am\u00e9liorer sur la compr\u00e9hension tactique, certains mouvements qui lui permettraient de mieux anticiper la prochaine action, et donc de marquer plus de buts\u00a0\u00bb, explique l\u2019ancien formateur au FC Barcelone. Tr\u00e8s ouvert et \u00e0 l\u2019\u00e9coute lors de ses s\u00e9ances th\u00e9oriques, Emersonn r\u00e9colte les fruits d\u2019un \u00e9tat d\u2019esprit positif, qui se voit aussi week-end apr\u00e8s week-end sur le terrain, o\u00f9 le num\u00e9ro\u00a020 du TFC affiche une implication exemplaire et ne compte jamais ses efforts, que ce soit dans le jeu avec ballon ou dans le pressing. Un aspect qui s\u00e9duit particuli\u00e8rement son entra\u00eeneur. \u00ab\u00a0Emersonn est un attaquant moderne, c\u2019est-\u00e0-dire qu\u2019il travaille dans le domaine offensif mais aussi d\u00e9fensif. Il sait arriver vite \u00e0 la surface adverse, il participe au jeu en tant\u00a0que\u00a0troisi\u00e8me homme, avec un tr\u00e8s bon jeu de t\u00eate, mais il comprend \u00e9galement tr\u00e8s bien la tactique d\u00e9fensive. Et si sa mentalit\u00e9 et son ambition restent intactes, sa progression sera visible \u00e0 chaque match\u00a0\u00bb, pr\u00e9dit\u00a0Martinez Novell.<\/p>\n<p class=\"std-elt__inline\">\n        <strong>\u00c0 lire aussi :<\/strong><br \/>\n        <a href=\"https:\/\/www.ladepeche.fr\/2025\/12\/06\/tfc-strasbourg-pourquoi-frank-magri-a-ete-remplace-des-la-mi-temps-13095534.php\" target=\"_blank\" rel=\"noopener\">TFC \u2013 Strasbourg\u00a0: pourquoi Frank Magri a \u00e9t\u00e9 remplac\u00e9 d\u00e8s la mi-temps<\/a>\n    <\/p>\n<p>Pour Emersonn, seul Br\u00e9silien du vestiaire toulousain\u00a0qui d\u00e9couvre la France et la Ligue 1, et ne parle pas encore le fran\u00e7ais, ni m\u00eame tr\u00e8s bien l\u2019espagnol et l\u2019anglais, l\u2019adaptation est d\u2019autant plus remarquable qu\u2019elle n\u2019est jamais simple hors terrain. Mais, d\u00e9j\u00e0 adopt\u00e9 par ses co\u00e9quipiers, il est aussi en train de l\u2019\u00eatre par son public, qui a peut-\u00eatre rencontr\u00e9 son nouveau buteur.<\/p>\n","protected":false},"excerpt":{"rendered":"l&rsquo;essentiel Auteur de son troisi\u00e8me but en Ligue 1 ce samedi face \u00e0 Strasbourg, le Br\u00e9silien Emersonn a&hellip;\n","protected":false},"author":2,"featured_media":584169,"comment_status":"","ping_status":"","sticky":false,"template":"","format":"standard","meta":{"footnotes":""},"categories":[2816],"tags":[1111,11,1777,674,63,1011,27,2722,12,2680,25,517,2312,68922],"class_list":{"0":"post-584168","1":"post","2":"type-post","3":"status-publish","4":"format-standard","5":"has-post-thumbnail","7":"category-toulouse","8":"tag-actu","9":"tag-actualites","10":"tag-eu","11":"tag-europe","12":"tag-football","13":"tag-fr","14":"tag-france","15":"tag-haute-garonne","16":"tag-news","17":"tag-occitanie","18":"tag-republique-francaise","19":"tag-sport","20":"tag-toulouse","21":"tag-toulouse-football-club"},"share_on_mastodon":{"url":"https:\/\/pubeurope.com\/@fr\/115678250346129566","error":""},"_links":{"self":[{"href":"https:\/\/www.europesays.com\/fr\/wp-json\/wp\/v2\/posts\/584168","targetHints":{"allow":["GET"]}}],"collection":[{"href":"https:\/\/www.europesays.com\/fr\/wp-json\/wp\/v2\/posts"}],"about":[{"href":"https:\/\/www.europesays.com\/fr\/wp-json\/wp\/v2\/types\/post"}],"author":[{"embeddable":true,"href":"https:\/\/www.europesays.com\/fr\/wp-json\/wp\/v2\/users\/2"}],"replies":[{"embeddable":true,"href":"https:\/\/www.europesays.com\/fr\/wp-json\/wp\/v2\/comments?post=584168"}],"version-history":[{"count":0,"href":"https:\/\/www.europesays.com\/fr\/wp-json\/wp\/v2\/posts\/584168\/revisions"}],"wp:featuredmedia":[{"embeddable":true,"href":"https:\/\/www.europesays.com\/fr\/wp-json\/wp\/v2\/media\/584169"}],"wp:attachment":[{"href":"https:\/\/www.europesays.com\/fr\/wp-json\/wp\/v2\/media?parent=584168"}],"wp:term":[{"taxonomy":"category","embeddable":true,"href":"https:\/\/www.europesays.com\/fr\/wp-json\/wp\/v2\/categories?post=584168"},{"taxonomy":"post_tag","embeddable":true,"href":"https:\/\/www.europesays.com\/fr\/wp-json\/wp\/v2\/tags?post=584168"}],"curies":[{"name":"wp","href":"https:\/\/api.w.org\/{rel}","templated":true}]}}