{"id":584170,"date":"2025-12-07T12:20:20","date_gmt":"2025-12-07T12:20:20","guid":{"rendered":"https:\/\/www.europesays.com\/fr\/584170\/"},"modified":"2025-12-07T12:20:20","modified_gmt":"2025-12-07T12:20:20","slug":"losc-om-quand-les-supporters-marseillais-insultent-les-forces-de-lordre-a-lille-video","status":"publish","type":"post","link":"https:\/\/www.europesays.com\/fr\/584170\/","title":{"rendered":"LOSC &#8211; OM\u00a0: quand les supporters marseillais insultent les forces de l&rsquo;ordre \u00e0 Lille (vid\u00e9o)"},"content":{"rendered":"<p><strong>En marge de la d\u00e9faite de l\u2019OM sur le terrain du LOSC vendredi soir, les supporters marseillais pr\u00e9sents dans le Nord se sont fait remarquer par certaines provocations envers les forces de l\u2019ordre.<\/strong><\/p>\n<p>Le LOSC a frapp\u00e9 un grand coup en s\u2019imposant 1\u20130 face \u00e0 l\u2019Olympique de Marseille, au Stade Pierre-Mauroy, vendredi soir, lors de la 15\u1d49 journ\u00e9e de Ligue 1. Une victoire \u00e0 la fois pr\u00e9cieuse et symbolique pour les Dogues, qui encha\u00eenent une sixi\u00e8me rencontre cons\u00e9cutive sans d\u00e9faite contre l\u2019OM et reviennent \u00e0 hauteur des Marseillais au classement.<\/p>\n<p>Priv\u00e9s d\u2019inspiration et de mouvement, les Marseillais ont affich\u00e9 une inqui\u00e9tante incapacit\u00e9 \u00e0 se montrer dangereux dans la zone de v\u00e9rit\u00e9, et une torpeur indigeste. Une nouvelle contre-performance qui fait suite \u00e0 une prestation d\u00e9j\u00e0 d\u00e9cevante contre Toulouse (2-2) et qui vaut \u00e0 Roberto De Zerbi son lot de critiques.<\/p>\n<p>Un chant anti police des supporters de l\u2019OM \u00e0 Lille<\/p>\n<p>Manque d\u2019intensit\u00e9, absence de cr\u00e9ativit\u00e9, leaders discrets\u2026 la prestation de l\u2019OM a laiss\u00e9 un go\u00fbt amer. Le club phoc\u00e9en semble manquer de caract\u00e8re dans les grands rendez-vous, et devra rapidement corriger le tir sous peine de d\u00e9crocher dans la lutte pour l\u2019Europe. Et alors que se profile un d\u00e9placement en Belgique \u00e0 l\u2019Union Saint-Gilloise ce mardi, une vid\u00e9o fait pol\u00e9mique sur les r\u00e9seaux sociaux par rapport au comportement des Ultras marseillais \u00e0 Lille. On y voit ceux-ci reprendre en choeur un chant contre les forces de l\u2019ordre. \u00ab\u00a0Le ch\u00f4mage t\u2019a donn\u00e9 un m\u00e9tier d\u2019enc*l\u00e9. \u00catre flic dans un stade, c\u2019est un m\u00e9tier de b*tard.\u00a0\u00bb Une prise de position et des propos que chacun appr\u00e9ciera \u00e9videmment selon ses propres convictions\u2026<\/p>\n","protected":false},"excerpt":{"rendered":"En marge de la d\u00e9faite de l\u2019OM sur le terrain du LOSC vendredi soir, les supporters marseillais pr\u00e9sents&hellip;\n","protected":false},"author":2,"featured_media":584171,"comment_status":"","ping_status":"","sticky":false,"template":"","format":"standard","meta":{"footnotes":""},"categories":[2815],"tags":[1111,11,448,1777,674,63,1011,27,811,66,1307,3388,12,25,10662],"class_list":{"0":"post-584170","1":"post","2":"type-post","3":"status-publish","4":"format-standard","5":"has-post-thumbnail","7":"category-lille","8":"tag-actu","9":"tag-actualites","10":"tag-champions-league","11":"tag-eu","12":"tag-europe","13":"tag-football","14":"tag-fr","15":"tag-france","16":"tag-hauts-de-france","17":"tag-ligue-1","18":"tag-lille","19":"tag-matchs","20":"tag-news","21":"tag-republique-francaise","22":"tag-transferts"},"share_on_mastodon":{"url":"https:\/\/pubeurope.com\/@fr\/115678257146937766","error":""},"_links":{"self":[{"href":"https:\/\/www.europesays.com\/fr\/wp-json\/wp\/v2\/posts\/584170","targetHints":{"allow":["GET"]}}],"collection":[{"href":"https:\/\/www.europesays.com\/fr\/wp-json\/wp\/v2\/posts"}],"about":[{"href":"https:\/\/www.europesays.com\/fr\/wp-json\/wp\/v2\/types\/post"}],"author":[{"embeddable":true,"href":"https:\/\/www.europesays.com\/fr\/wp-json\/wp\/v2\/users\/2"}],"replies":[{"embeddable":true,"href":"https:\/\/www.europesays.com\/fr\/wp-json\/wp\/v2\/comments?post=584170"}],"version-history":[{"count":0,"href":"https:\/\/www.europesays.com\/fr\/wp-json\/wp\/v2\/posts\/584170\/revisions"}],"wp:featuredmedia":[{"embeddable":true,"href":"https:\/\/www.europesays.com\/fr\/wp-json\/wp\/v2\/media\/584171"}],"wp:attachment":[{"href":"https:\/\/www.europesays.com\/fr\/wp-json\/wp\/v2\/media?parent=584170"}],"wp:term":[{"taxonomy":"category","embeddable":true,"href":"https:\/\/www.europesays.com\/fr\/wp-json\/wp\/v2\/categories?post=584170"},{"taxonomy":"post_tag","embeddable":true,"href":"https:\/\/www.europesays.com\/fr\/wp-json\/wp\/v2\/tags?post=584170"}],"curies":[{"name":"wp","href":"https:\/\/api.w.org\/{rel}","templated":true}]}}