{"id":584174,"date":"2025-12-07T12:22:14","date_gmt":"2025-12-07T12:22:14","guid":{"rendered":"https:\/\/www.europesays.com\/fr\/584174\/"},"modified":"2025-12-07T12:22:14","modified_gmt":"2025-12-07T12:22:14","slug":"zinedine-zidane-de-retour-sur-la-pelouse-du-velodrome-a-marseille","status":"publish","type":"post","link":"https:\/\/www.europesays.com\/fr\/584174\/","title":{"rendered":"Zin\u00e9dine Zidane de retour sur la pelouse du V\u00e9lodrome \u00e0 Marseille"},"content":{"rendered":"<p>\n    La l\u00e9gende Zin\u00e9dine Zidane devrait participer \u00e0 un match de football au V\u00e9lodrome ce dimanche \u00e0 l\u2019occasion de \u00abThe Universe League\u00bb.<\/p>\n<p class=\"fig-paragraph\"><a href=\"http:\/\/www.lefigaro.fr\/sports\/football\/foot-en-video-quand-zinedine-zidane-fait-une-bresilienne-avec-des-locaux-a-shanghai-20251203\" target=\"_blank\" data-fig-type=\"NewsFlash\" rel=\"nofollow noopener\" data-gtm-custom-categorie=\"navigation\" data-gtm-custom-action=\"crossclick\" data-gtm-custom-label=\"Contextuel\" data-gtm-event=\"customEventSPE\" data-fig-domain=\"LEFIGARO\">Zin\u00e9dine Zidane<\/a>\u00a0(53 ans) retrouve la pelouse du V\u00e9lodrome. Pour la premi\u00e8re fois depuis 2007, la l\u00e9gende devrait rehausser les crampons ce dimanche dans la cit\u00e9 phoc\u00e9enne afin de participer \u00e0 \u00abThe Universe League\u00bb, un \u00e9v\u00e9nement organis\u00e9 par son neveu Ryad Zidane.<\/p>\n<p>                                            Un beau casting<\/p>\n<p class=\"fig-paragraph\">Trois matches sont au programme de la comp\u00e9tition avec tout d\u2019abord un match de s\u00e9lection en vue de\u00a0<a href=\"http:\/\/www.lefigaro.fr\/sports\/football\/entre-football-et-jeu-video-proche-de-la-generation-z-precurseur-la-kings-league-cette-competition-qui-arrive-en-france-20250326\" target=\"_blank\" data-fig-type=\"NewsFlash\" rel=\"nofollow noopener\" data-gtm-custom-categorie=\"navigation\" data-gtm-custom-action=\"crossclick\" data-gtm-custom-label=\"Contextuel\" data-gtm-event=\"customEventSPE\" data-fig-domain=\"LEFIGARO\">la Kings League de Gerard Piqu\u00e9<\/a>\u00a0qui se d\u00e9roulera au Br\u00e9sil en 2026. Les ex-stars du ballon rond, eux, participeront \u00e0 la derni\u00e8re rencontre de la journ\u00e9e. Didier Drogba, Fabien Barthez,\u00a0<a href=\"http:\/\/www.lefigaro.fr\/sports\/football\/foot-preside-par-robert-pires-l-unfp-lance-son-comite-de-solidarite-20250324\" target=\"_blank\" data-fig-type=\"NewsFlash\" rel=\"nofollow noopener\" data-gtm-custom-categorie=\"navigation\" data-gtm-custom-action=\"crossclick\" data-gtm-custom-label=\"Contextuel\" data-gtm-event=\"customEventSPE\" data-fig-domain=\"LEFIGARO\">Robert Pires<\/a>, Franck Rib\u00e9ry, Samir Nasri et bien d\u2019autres&#8230; seront de la partie.<\/p>\n","protected":false},"excerpt":{"rendered":"La l\u00e9gende Zin\u00e9dine Zidane devrait participer \u00e0 un match de football au V\u00e9lodrome ce dimanche \u00e0 l\u2019occasion de&hellip;\n","protected":false},"author":2,"featured_media":584175,"comment_status":"","ping_status":"","sticky":false,"template":"","format":"standard","meta":{"footnotes":""},"categories":[2814],"tags":[1111,11,1777,674,1011,27,884,12,882,25,24863],"class_list":{"0":"post-584174","1":"post","2":"type-post","3":"status-publish","4":"format-standard","5":"has-post-thumbnail","7":"category-marseille","8":"tag-actu","9":"tag-actualites","10":"tag-eu","11":"tag-europe","12":"tag-fr","13":"tag-france","14":"tag-marseille","15":"tag-news","16":"tag-provence-alpes-cote-dazur","17":"tag-republique-francaise","18":"tag-zinedine-zidane"},"share_on_mastodon":{"url":"https:\/\/pubeurope.com\/@fr\/115678264989849255","error":""},"_links":{"self":[{"href":"https:\/\/www.europesays.com\/fr\/wp-json\/wp\/v2\/posts\/584174","targetHints":{"allow":["GET"]}}],"collection":[{"href":"https:\/\/www.europesays.com\/fr\/wp-json\/wp\/v2\/posts"}],"about":[{"href":"https:\/\/www.europesays.com\/fr\/wp-json\/wp\/v2\/types\/post"}],"author":[{"embeddable":true,"href":"https:\/\/www.europesays.com\/fr\/wp-json\/wp\/v2\/users\/2"}],"replies":[{"embeddable":true,"href":"https:\/\/www.europesays.com\/fr\/wp-json\/wp\/v2\/comments?post=584174"}],"version-history":[{"count":0,"href":"https:\/\/www.europesays.com\/fr\/wp-json\/wp\/v2\/posts\/584174\/revisions"}],"wp:featuredmedia":[{"embeddable":true,"href":"https:\/\/www.europesays.com\/fr\/wp-json\/wp\/v2\/media\/584175"}],"wp:attachment":[{"href":"https:\/\/www.europesays.com\/fr\/wp-json\/wp\/v2\/media?parent=584174"}],"wp:term":[{"taxonomy":"category","embeddable":true,"href":"https:\/\/www.europesays.com\/fr\/wp-json\/wp\/v2\/categories?post=584174"},{"taxonomy":"post_tag","embeddable":true,"href":"https:\/\/www.europesays.com\/fr\/wp-json\/wp\/v2\/tags?post=584174"}],"curies":[{"name":"wp","href":"https:\/\/api.w.org\/{rel}","templated":true}]}}