{"id":584176,"date":"2025-12-07T12:23:13","date_gmt":"2025-12-07T12:23:13","guid":{"rendered":"https:\/\/www.europesays.com\/fr\/584176\/"},"modified":"2025-12-07T12:23:13","modified_gmt":"2025-12-07T12:23:13","slug":"de-la-pluie-attendue-ce-dimanche-a-lyon","status":"publish","type":"post","link":"https:\/\/www.europesays.com\/fr\/584176\/","title":{"rendered":"De la pluie attendue ce dimanche \u00e0 Lyon"},"content":{"rendered":"<p class=\"content\" style=\"font-size:1.2em;font-weight:700\">Ce dimanche 7 d\u00e9cembre s&rsquo;annonce couvert dans l&rsquo;ensemble de Lyon et sa m\u00e9tropole. <\/p>\n<p>Attendez-vous \u00e0 une matin\u00e9e pluvieuse dans Lyon et sa m\u00e9tropole ce dimanche 7 d\u00e9cembre, d\u00e8s 10 h, des pluies faibles sont attendues, et ce jusqu&rsquo;\u00e0 13 h. Le ciel devrait rester couvert le reste de la journ\u00e9e. <\/p>\n<p>C\u00f4t\u00e9 temp\u00e9ratures, le mercure ne devrait pas d\u00e9passer les 8 degr\u00e9s ce matin, et jusqu&rsquo;\u00e0 11 degr\u00e9s sont annonc\u00e9s au plus fort de la journ\u00e9e. C&rsquo;est 4 degr\u00e9s au dessus des normales de saison. <\/p>\n","protected":false},"excerpt":{"rendered":"Ce dimanche 7 d\u00e9cembre s&rsquo;annonce couvert dans l&rsquo;ensemble de Lyon et sa m\u00e9tropole. Attendez-vous \u00e0 une matin\u00e9e pluvieuse&hellip;\n","protected":false},"author":2,"featured_media":34247,"comment_status":"","ping_status":"","sticky":false,"template":"","format":"standard","meta":{"footnotes":""},"categories":[1889],"tags":[1111,11,2430,1777,674,1011,27,2428,55015,12,25,2429],"class_list":{"0":"post-584176","1":"post","2":"type-post","3":"status-publish","4":"format-standard","5":"has-post-thumbnail","7":"category-lyon","8":"tag-actu","9":"tag-actualites","10":"tag-auvergne-rhone-alpes","11":"tag-eu","12":"tag-europe","13":"tag-fr","14":"tag-france","15":"tag-lyon","16":"tag-meteo-automne-lyon","17":"tag-news","18":"tag-republique-francaise","19":"tag-rhone"},"share_on_mastodon":{"url":"https:\/\/pubeurope.com\/@fr\/115678269048131717","error":""},"_links":{"self":[{"href":"https:\/\/www.europesays.com\/fr\/wp-json\/wp\/v2\/posts\/584176","targetHints":{"allow":["GET"]}}],"collection":[{"href":"https:\/\/www.europesays.com\/fr\/wp-json\/wp\/v2\/posts"}],"about":[{"href":"https:\/\/www.europesays.com\/fr\/wp-json\/wp\/v2\/types\/post"}],"author":[{"embeddable":true,"href":"https:\/\/www.europesays.com\/fr\/wp-json\/wp\/v2\/users\/2"}],"replies":[{"embeddable":true,"href":"https:\/\/www.europesays.com\/fr\/wp-json\/wp\/v2\/comments?post=584176"}],"version-history":[{"count":0,"href":"https:\/\/www.europesays.com\/fr\/wp-json\/wp\/v2\/posts\/584176\/revisions"}],"wp:featuredmedia":[{"embeddable":true,"href":"https:\/\/www.europesays.com\/fr\/wp-json\/wp\/v2\/media\/34247"}],"wp:attachment":[{"href":"https:\/\/www.europesays.com\/fr\/wp-json\/wp\/v2\/media?parent=584176"}],"wp:term":[{"taxonomy":"category","embeddable":true,"href":"https:\/\/www.europesays.com\/fr\/wp-json\/wp\/v2\/categories?post=584176"},{"taxonomy":"post_tag","embeddable":true,"href":"https:\/\/www.europesays.com\/fr\/wp-json\/wp\/v2\/tags?post=584176"}],"curies":[{"name":"wp","href":"https:\/\/api.w.org\/{rel}","templated":true}]}}