{"id":584177,"date":"2025-12-07T12:24:18","date_gmt":"2025-12-07T12:24:18","guid":{"rendered":"https:\/\/www.europesays.com\/fr\/584177\/"},"modified":"2025-12-07T12:24:18","modified_gmt":"2025-12-07T12:24:18","slug":"ce-sont-des-propos-qui-sont-absolument-scandaleux-declare-bruno-retailleau-lr","status":"publish","type":"post","link":"https:\/\/www.europesays.com\/fr\/584177\/","title":{"rendered":"\u00ab\u00a0Ce sont des propos qui sont absolument scandaleux\u00a0\u00bb, d\u00e9clare Bruno Retailleau (LR)"},"content":{"rendered":"<p>Messages anti-police projet\u00e9s \u00e0 Lyon: \u00ab\u00a0Ce sont des propos qui sont absolument scandaleux\u00a0\u00bb, d\u00e9clare Bruno Retailleau (LR)Sur le m\u00eame sujet<a href=\"https:\/\/www.bfmtv.com\/replay-emissions\/bfm-politique\/video-je-n-ai-jamais-combattu-le-rn-par-l-anatheme-bruno-retailleau-lr-souhaite-que-l-union-des-droites-se-fasse-par-le-terrain-dans-les-urnes_VN-202512070208.html\" title=\"&quot;Je n&#039;ai jamais combattu le RN par l&#039;anath\u00e8me&quot;: Bruno Retailleau (LR) souhaite que &quot;l&#039;union des droites se fasse par le terrain, dans les urnes&quot;\" target=\"_blank\" rel=\"noopener\"><img width=\"16\" height=\"9\" class=\"lozad\"  alt=\"&quot;Je n'ai jamais combattu le RN par l'anath\u00e8me&quot;: Bruno Retailleau (LR) souhaite que &quot;l'union des droites se fasse par le terrain, dans les urnes&quot;\"\/>1:03&Prime;Je n&rsquo;ai jamais combattu le RN par l&rsquo;anath\u00e8me\u00a0\u00bb: Bruno Retailleau (LR) souhaite que \u00ab\u00a0l&rsquo;union des droites se fasse par le terrain, dans les urnes\u00a0\u00bb<\/a><a href=\"https:\/\/www.bfmtv.com\/replay-emissions\/bfm-politique\/video-bfm-politique-dimanche-7-decembre-2025_VN-202512070209.html\" title=\"BFM Politique - Dimanche 7 d\u00e9cembre 2025\" target=\"_blank\" rel=\"noopener\"><img width=\"16\" height=\"9\" class=\"lozad\"  alt=\"BFM Politique - Dimanche 7 d\u00e9cembre 2025\"\/>50:21BFM Politique &#8211; Dimanche 7 d\u00e9cembre 2025<\/a><a href=\"https:\/\/www.bfmtv.com\/politique\/video-je-pense-que-le-voile-est-un-drapeau-de-l-islam-radical-affirme-bruno-retailleau-lr_VN-202512070204.html\" title=\"&quot;Je pense que le voile est un drapeau de l&#039;islam radical&quot;, affirme Bruno Retailleau (LR)\" target=\"_blank\" rel=\"noopener\"><img width=\"16\" height=\"9\" class=\"lozad\"  alt=\"&quot;Je pense que le voile est un drapeau de l'islam radical&quot;, affirme Bruno Retailleau (LR)\"\/>2:14&Prime;Je pense que le voile est un drapeau de l&rsquo;islam radical\u00a0\u00bb, affirme Bruno Retailleau (LR)<\/a><a href=\"https:\/\/www.bfmtv.com\/replay-emissions\/bfm-politique\/video-municipales-jamais-je-n-encouragerai-nos-electeurs-a-voter-pour-lfi-pour-le-reste-ce-sera-une-consigne-de-liberte-declare-bruno-retailleau-lr_VN-202512070200.html\" title=\"Municipales: &quot;Jamais je n&#039;encouragerai nos \u00e9lecteurs \u00e0 voter pour LFI, pour le reste ce sera une consigne de libert\u00e9&quot;, d\u00e9clare Bruno Retailleau (LR)\" target=\"_blank\" rel=\"noopener\"><img width=\"16\" height=\"9\" class=\"lozad\"  alt=\"Municipales: &quot;Jamais je n'encouragerai nos \u00e9lecteurs \u00e0 voter pour LFI, pour le reste ce sera une consigne de libert\u00e9&quot;, d\u00e9clare Bruno Retailleau (LR)\"\/>1:12Municipales: \u00ab\u00a0Jamais je n&rsquo;encouragerai nos \u00e9lecteurs \u00e0 voter pour LFI, pour le reste ce sera une consigne de libert\u00e9\u00a0\u00bb, d\u00e9clare Bruno Retailleau (LR)<\/a><a href=\"https:\/\/www.bfmtv.com\/politique\/video-bruno-retailleau-lr-souhaite-qu-il-y-ait-un-candidat-lr-a-la-presidentielle-2027_VN-202512070198.html\" title=\"Bruno Retailleau (LR) &quot;souhaite qu&#039;il y ait un candidat LR \u00e0 la pr\u00e9sidentielle&quot; 2027\" target=\"_blank\" rel=\"noopener\"><img width=\"16\" height=\"9\" class=\"lozad\"  alt=\"Bruno Retailleau (LR) &quot;souhaite qu'il y ait un candidat LR \u00e0 la pr\u00e9sidentielle&quot; 2027\"\/>1:06Bruno Retailleau (LR) \u00ab\u00a0souhaite qu&rsquo;il y ait un candidat LR \u00e0 la pr\u00e9sidentielle\u00a0\u00bb 2027<\/a><a href=\"https:\/\/www.bfmtv.com\/replay-emissions\/bfm-politique\/video-le-rassemblement-national-appartient-a-l-arc-republicain-ce-que-n-est-pas-la-france-insoumise-estime-bruno-retailleau-lr_VN-202512070197.html\" title=\"&quot;Le Rassemblement national appartient \u00e0 l&#039;arc r\u00e9publicain, ce que n&#039;est pas La France Insoumise&quot;, estime Bruno Retailleau (LR)\" target=\"_blank\" rel=\"noopener\"><img width=\"16\" height=\"9\" class=\"lozad\"  alt=\"&quot;Le Rassemblement national appartient \u00e0 l'arc r\u00e9publicain, ce que n'est pas La France Insoumise&quot;, estime Bruno Retailleau (LR)\"\/>1:54&Prime;Le Rassemblement national appartient \u00e0 l&rsquo;arc r\u00e9publicain, ce que n&rsquo;est pas La France Insoumise\u00a0\u00bb, estime Bruno Retailleau (LR)<\/a><a href=\"https:\/\/www.bfmtv.com\/replay-emissions\/bfm-politique\/video-nicolas-sarkozy-plaide-pour-le-rassemblement-le-plus-large-possible-a-droite-je-ne-crois-pas-en-l-union-des-droites-declare-bruno-retailleau-lr_VN-202512070196.html\" title=\"Nicolas Sarkozy plaide pour le &quot;rassemblement le plus large possible&quot; \u00e0 droite: &quot;Je ne crois pas en l&#039;union des droites&quot;, d\u00e9clare Bruno Retailleau (LR)\" target=\"_blank\" rel=\"noopener\"><img width=\"16\" height=\"9\" class=\"lozad\"  alt=\"Nicolas Sarkozy plaide pour le &quot;rassemblement le plus large possible&quot; \u00e0 droite: &quot;Je ne crois pas en l'union des droites&quot;, d\u00e9clare Bruno Retailleau (LR)\"\/>1:29Nicolas Sarkozy plaide pour le \u00ab\u00a0rassemblement le plus large possible\u00a0\u00bb \u00e0 droite: \u00ab\u00a0Je ne crois pas en l&rsquo;union des droites\u00a0\u00bb, d\u00e9clare Bruno Retailleau (LR)<\/a><a href=\"https:\/\/www.bfmtv.com\/replay-emissions\/bfm-politique\/video-incarceration-de-nicolas-sarkozy-je-l-ai-trouve-a-la-fois-marque-par-cette-injustice-mais-en-meme-temps-combatif-declare-bruno-retailleau-lr-qui-a-vu-l-ancien-president-cette-semaine_VN-202512070195.html\" title=\"Incarc\u00e9ration de Nicolas Sarkozy: &quot;Je l&#039;ai trouv\u00e9 \u00e0 la fois marqu\u00e9 par cette injustice, mais en m\u00eame temps combatif&quot;, d\u00e9clare Bruno Retailleau (LR) qui a vu l&#039;ancien pr\u00e9sident cette semaine\" target=\"_blank\" rel=\"noopener\"><img width=\"16\" height=\"9\" class=\"lozad\"  alt=\"Incarc\u00e9ration de Nicolas Sarkozy: &quot;Je l'ai trouv\u00e9 \u00e0 la fois marqu\u00e9 par cette injustice, mais en m\u00eame temps combatif&quot;, d\u00e9clare Bruno Retailleau (LR) qui a vu l'ancien pr\u00e9sident cette semaine\"\/>1:21Incarc\u00e9ration de Nicolas Sarkozy: \u00ab\u00a0Je l&rsquo;ai trouv\u00e9 \u00e0 la fois marqu\u00e9 par cette injustice, mais en m\u00eame temps combatif\u00a0\u00bb, d\u00e9clare Bruno Retailleau (LR) qui a vu l&rsquo;ancien pr\u00e9sident cette semaine<\/a><a href=\"https:\/\/www.bfmtv.com\/replay-emissions\/bfm-politique\/video-il-faut-que-la-france-arrete-de-se-laisser-humilier-bruno-retailleau-lr-s-exprime-sur-l-algerie_VN-202512070194.html\" title=\"&quot;Il faut que la France arr\u00eate de se laisser humilier&quot;: Bruno Retailleau (LR) s&#039;exprime sur l&#039;Alg\u00e9rie\" target=\"_blank\" rel=\"noopener\"><img width=\"16\" height=\"9\" class=\"lozad\"  alt=\"&quot;Il faut que la France arr\u00eate de se laisser humilier&quot;: Bruno Retailleau (LR) s'exprime sur l'Alg\u00e9rie\"\/>3:03&Prime;Il faut que la France arr\u00eate de se laisser humilier\u00a0\u00bb: Bruno Retailleau (LR) s&rsquo;exprime sur l&rsquo;Alg\u00e9rie<\/a><a href=\"https:\/\/www.bfmtv.com\/replay-emissions\/bfm-politique\/video-le-peuple-algerien-est-un-peuple-ami-le-regime-algerien-est-un-regime-anti-francais-estime-bruno-retailleau-lr_VN-202512070192.html\" title=\"&quot;Le peuple alg\u00e9rien est un peuple ami, (...) le r\u00e9gime alg\u00e9rien est un r\u00e9gime anti-fran\u00e7ais&quot;, estime Bruno Retailleau (LR)\" target=\"_blank\" rel=\"noopener\"><img width=\"16\" height=\"9\" class=\"lozad\"  alt=\"&quot;Le peuple alg\u00e9rien est un peuple ami, (...) le r\u00e9gime alg\u00e9rien est un r\u00e9gime anti-fran\u00e7ais&quot;, estime Bruno Retailleau (LR)\"\/>1:27&Prime;Le peuple alg\u00e9rien est un peuple ami, (&#8230;) le r\u00e9gime alg\u00e9rien est un r\u00e9gime anti-fran\u00e7ais\u00a0\u00bb, estime Bruno Retailleau (LR)<\/a><a href=\"https:\/\/www.bfmtv.com\/replay-emissions\/bfm-politique\/video-il-devrait-prendre-du-recul-parce-que-les-francais-l-ont-desavoue-declare-bruno-retailleau-lr-au-sujet-d-emmanuel-macron-qu-il-appelle-a-se-mettre-en-retrait_VN-202512070191.html\" title=\"&quot;Il devrait prendre du recul parce que les Fran\u00e7ais l&#039;ont d\u00e9savou\u00e9&quot;, d\u00e9clare Bruno Retailleau (LR) au sujet d&#039;Emmanuel Macron qu&#039;il appelle \u00e0 &quot;se mettre en retrait&quot;\" target=\"_blank\" rel=\"noopener\"><img width=\"16\" height=\"9\" class=\"lozad\"  alt=\"&quot;Il devrait prendre du recul parce que les Fran\u00e7ais l'ont d\u00e9savou\u00e9&quot;, d\u00e9clare Bruno Retailleau (LR) au sujet d'Emmanuel Macron qu'il appelle \u00e0 &quot;se mettre en retrait&quot;\"\/>1:40&Prime;Il devrait prendre du recul parce que les Fran\u00e7ais l&rsquo;ont d\u00e9savou\u00e9\u00a0\u00bb, d\u00e9clare Bruno Retailleau (LR) au sujet d&rsquo;Emmanuel Macron qu&rsquo;il appelle \u00e0 \u00ab\u00a0se mettre en retrait\u00a0\u00bb<\/a><a href=\"https:\/\/www.bfmtv.com\/replay-emissions\/bfm-politique\/video-bruno-retailleau-lr-estime-que-le-plfss-est-le-pire-depuis-des-annees-et-qu-il-ne-prepare-en-rien-l-avenir_VN-202512070187.html\" title=\"Bruno Retailleau (LR) estime que le PLFSS est &quot;le pire depuis des ann\u00e9es&quot; et qu&#039;il ne &quot;pr\u00e9pare en rien l&#039;avenir&quot; \" target=\"_blank\" rel=\"noopener\"><img width=\"16\" height=\"9\" class=\"lozad\"  alt=\"Bruno Retailleau (LR) estime que le PLFSS est &quot;le pire depuis des ann\u00e9es&quot; et qu'il ne &quot;pr\u00e9pare en rien l'avenir&quot; \"\/>1:22Bruno Retailleau (LR) estime que le PLFSS est \u00ab\u00a0le pire depuis des ann\u00e9es\u00a0\u00bb et qu&rsquo;il ne \u00ab\u00a0pr\u00e9pare en rien l&rsquo;avenir\u00a0\u00bb<\/a><a href=\"https:\/\/www.bfmtv.com\/replay-emissions\/bfm-politique\/video-chaque-jour-justifie-mon-depart-du-gouvernement-declare-bruno-retailleau-lr-qui-estime-qu-emmanuel-macron-a-repris-la-main-sur-matignon_VN-202512070185.html\" title=\"&quot;Chaque jour justifie mon d\u00e9part&quot; du gouvernement, d\u00e9clare Bruno Retailleau (LR) qui estime qu&#039;&quot;Emmanuel Macron a repris la main sur Matignon&quot;\" target=\"_blank\" rel=\"noopener\"><img width=\"16\" height=\"9\" class=\"lozad\"  alt=\"&quot;Chaque jour justifie mon d\u00e9part&quot; du gouvernement, d\u00e9clare Bruno Retailleau (LR) qui estime qu'&quot;Emmanuel Macron a repris la main sur Matignon&quot;\"\/>1:25&Prime;Chaque jour justifie mon d\u00e9part\u00a0\u00bb du gouvernement, d\u00e9clare Bruno Retailleau (LR) qui estime qu'\u00a0\u00bbEmmanuel Macron a repris la main sur Matignon\u00a0\u00bb<\/a><a href=\"https:\/\/www.bfmtv.com\/replay-emissions\/bfm-politique\/video-suspension-de-la-reforme-des-retraites-c-est-une-lachete-lance-bruno-retailleau-lr-qui-assure-qu-on-lui-avait-signifie-que-jamais-on-n-y-toucherait_VN-202512070181.html\" title=\"Suspension de la r\u00e9forme des retraites: &quot;C&#039;est une l\u00e2chet\u00e9&quot;, lance Bruno Retailleau (LR), qui assure qu&#039;on lui &quot;avait signifi\u00e9 que jamais on n&#039;y toucherait&quot;\" target=\"_blank\" rel=\"noopener\"><img width=\"16\" height=\"9\" class=\"lozad\"  alt=\"Suspension de la r\u00e9forme des retraites: &quot;C'est une l\u00e2chet\u00e9&quot;, lance Bruno Retailleau (LR), qui assure qu'on lui &quot;avait signifi\u00e9 que jamais on n'y toucherait&quot;\"\/>1:48Suspension de la r\u00e9forme des retraites: \u00ab\u00a0C&rsquo;est une l\u00e2chet\u00e9\u00a0\u00bb, lance Bruno Retailleau (LR), qui assure qu&rsquo;on lui \u00ab\u00a0avait signifi\u00e9 que jamais on n&rsquo;y toucherait\u00a0\u00bb<\/a><a class=\"jumpToVideo\" target=\"_blank\"><img class=\"thumbnailPreview\"\/><\/a><\/p>\n","protected":false},"excerpt":{"rendered":"Messages anti-police projet\u00e9s \u00e0 Lyon: \u00ab\u00a0Ce sont des propos qui sont absolument scandaleux\u00a0\u00bb, d\u00e9clare Bruno Retailleau (LR)Sur le&hellip;\n","protected":false},"author":2,"featured_media":584178,"comment_status":"","ping_status":"","sticky":false,"template":"","format":"standard","meta":{"footnotes":""},"categories":[1889],"tags":[1111,11,2430,1777,674,1011,27,2428,12,25],"class_list":{"0":"post-584177","1":"post","2":"type-post","3":"status-publish","4":"format-standard","5":"has-post-thumbnail","7":"category-lyon","8":"tag-actu","9":"tag-actualites","10":"tag-auvergne-rhone-alpes","11":"tag-eu","12":"tag-europe","13":"tag-fr","14":"tag-france","15":"tag-lyon","16":"tag-news","17":"tag-republique-francaise"},"share_on_mastodon":{"url":"https:\/\/pubeurope.com\/@fr\/115678272777310623","error":""},"_links":{"self":[{"href":"https:\/\/www.europesays.com\/fr\/wp-json\/wp\/v2\/posts\/584177","targetHints":{"allow":["GET"]}}],"collection":[{"href":"https:\/\/www.europesays.com\/fr\/wp-json\/wp\/v2\/posts"}],"about":[{"href":"https:\/\/www.europesays.com\/fr\/wp-json\/wp\/v2\/types\/post"}],"author":[{"embeddable":true,"href":"https:\/\/www.europesays.com\/fr\/wp-json\/wp\/v2\/users\/2"}],"replies":[{"embeddable":true,"href":"https:\/\/www.europesays.com\/fr\/wp-json\/wp\/v2\/comments?post=584177"}],"version-history":[{"count":0,"href":"https:\/\/www.europesays.com\/fr\/wp-json\/wp\/v2\/posts\/584177\/revisions"}],"wp:featuredmedia":[{"embeddable":true,"href":"https:\/\/www.europesays.com\/fr\/wp-json\/wp\/v2\/media\/584178"}],"wp:attachment":[{"href":"https:\/\/www.europesays.com\/fr\/wp-json\/wp\/v2\/media?parent=584177"}],"wp:term":[{"taxonomy":"category","embeddable":true,"href":"https:\/\/www.europesays.com\/fr\/wp-json\/wp\/v2\/categories?post=584177"},{"taxonomy":"post_tag","embeddable":true,"href":"https:\/\/www.europesays.com\/fr\/wp-json\/wp\/v2\/tags?post=584177"}],"curies":[{"name":"wp","href":"https:\/\/api.w.org\/{rel}","templated":true}]}}