{"id":584187,"date":"2025-12-07T12:30:24","date_gmt":"2025-12-07T12:30:24","guid":{"rendered":"https:\/\/www.europesays.com\/fr\/584187\/"},"modified":"2025-12-07T12:30:24","modified_gmt":"2025-12-07T12:30:24","slug":"paris-une-campagne-publicitaire-tourne-gentiment-en-derision-la-politique-sur-les-mobilites-danne-hidalgo","status":"publish","type":"post","link":"https:\/\/www.europesays.com\/fr\/584187\/","title":{"rendered":"Paris : une campagne publicitaire tourne \u00ab\u00a0gentiment\u00a0\u00bb en d\u00e9rision la politique sur les mobilit\u00e9s d\u2019Anne Hidalgo"},"content":{"rendered":"<p>La compagnie de bateaux-mouches Les Vedettes de Paris a lanc\u00e9, fin octobre, une campagne d\u2019affichage humoristique pour promouvoir ses croisi\u00e8res \u00ab\u00a0100 % \u00e9lectriques\u00a0\u00bb. Deux slogans jouent avec ironie sur les d\u00e9bats li\u00e9s \u00e0 Anne Hidalgo et \u00e0 sa politique, sans pour autant susciter la moindre r\u00e9action n\u00e9gative de la part de la Ville.<\/p>\n<p>Un message humoristique et piquant s\u2019affiche depuis le 22 octobre 2025 dans les rues de Paris, les stations de m\u00e9tro et de RER : \u00ab\u00a0Un projet de mobilit\u00e9 durable qui ne cr\u00e9e ni bouchon, ni plainte : Anne en a r\u00eav\u00e9, nous l\u2019avons fait\u00a0\u00bb.<\/p>\n<p>Les bateaux-mouches promeuvent leurs croisi\u00e8res \u00e9lectriques<\/p>\n<p>Ce slogan, qui \u00e9voque la maire de Paris Anne Hidalgo, n\u2019est pourtant pas politique. Il s\u2019agit d\u2019une campagne publicitaire lanc\u00e9e par la compagnie Les Vedettes de Paris pour promouvoir ses croisi\u00e8res 100 % \u00e9lectriques sur la Seine.<\/p>\n<p>Comme le rapporte\u00a0<a href=\"https:\/\/www.leparisien.fr\/paris-75\/ca-ne-lattaque-pas-elle-a-paris-une-campagne-de-pub-se-moque-gentiment-de-la-politique-danne-hidalgo-22-10-2025-NGYS5GL2AJET3PQGHBHCNPHR2Y.php\" target=\"_self\" rel=\"noopener\">Le Parisien<\/a>, l\u2019entreprise, qui dispose de cinq bateaux dont trois d\u00e9j\u00e0 \u00e9lectrifi\u00e9s et un hybride, mise sur un ton humoristique pour valoriser son engagement \u00e9cologique et attirer un public local. \u00ab\u00a0Nous avons investi des millions d\u2019euros dans cette transition et nous voulions le faire savoir\u00a0\u00bb, indique Julie Devernay, directrice g\u00e9n\u00e9rale adjointe de la soci\u00e9t\u00e9.<\/p>\n<p>Les affiches d\u00e9tournent avec ironie les th\u00e8mes r\u00e9currents du quotidien parisien : \u00ab\u00a0Le dernier chantier \u00e9colo n\u2019aura m\u00eame pas demand\u00e9 de travaux\u00a0\u00bb\u00a0ou encore \u00ab\u00a0Pour le coup, \u00e7a ne devrait \u00e9nerver ni les cyclistes, ni les automobilistes\u00a0\u00bb.\u00a0Un second slogan joue m\u00eame sur la notori\u00e9t\u00e9 de la maire : \u00ab\u00a0\u00c9lectrique, parisien, \u00e9co-responsable, et pourtant, Anne n\u2019y est pour rien\u00a0\u00bb.<\/p>\n<p>\u00ab\u00a0Nous l&rsquo;avons voulu, ils l&rsquo;ont donc fait\u00a0\u00bb<\/p>\n<p>Interrog\u00e9e par le quotidien, Julie Devernay assure qu\u2019il ne s\u2019agit pas d\u2019une attaque personnelle : \u00ab\u00a0Si elle s\u2019\u00e9tait repr\u00e9sent\u00e9e, nous ne l\u2019aurions pas fait\u00a0\u00bb. \u00c0 l\u2019H\u00f4tel de ville, la r\u00e9ponse se veut d\u00e9tach\u00e9e : \u00ab\u00a0Toute action en faveur de la mobilit\u00e9 durable et de la pr\u00e9servation de la Seine est positive\u00a0\u00bb, tout en glissant, non sans ironie : \u00ab\u00a0Nous l\u2019avons voulu, ils l\u2019ont donc fait\u00a0\u00bb.<\/p>\n<p data-is-last-node=\"\" data-is-only-node=\"\">Les Vedettes de Paris affirment, dans leur communiqu\u00e9, vouloir prouver qu\u2019un projet \u00e9cologique peut \u00ab\u00a0r\u00e9concilier les Parisiens\u00a0\u00bb sans provoquer de pol\u00e9mique ni de crispation. Reste \u00e0 savoir si cette campagne audacieuse r\u00e9ussira \u00e0 s\u00e9duire les habitants de la capitale.<\/p>\n","protected":false},"excerpt":{"rendered":"La compagnie de bateaux-mouches Les Vedettes de Paris a lanc\u00e9, fin octobre, une campagne d\u2019affichage humoristique pour promouvoir&hellip;\n","protected":false},"author":2,"featured_media":584188,"comment_status":"","ping_status":"","sticky":false,"template":"","format":"standard","meta":{"footnotes":""},"categories":[1888],"tags":[1111,11,69742,68902,1777,674,1011,27,12,626,69743,25],"class_list":{"0":"post-584187","1":"post","2":"type-post","3":"status-publish","4":"format-standard","5":"has-post-thumbnail","7":"category-paris","8":"tag-actu","9":"tag-actualites","10":"tag-bdv","11":"tag-circulation-du00e9placements","12":"tag-eu","13":"tag-europe","14":"tag-fr","15":"tag-france","16":"tag-news","17":"tag-paris","18":"tag-parisidf","19":"tag-republique-francaise"},"share_on_mastodon":{"url":"https:\/\/pubeurope.com\/@fr\/115678296371010446","error":""},"_links":{"self":[{"href":"https:\/\/www.europesays.com\/fr\/wp-json\/wp\/v2\/posts\/584187","targetHints":{"allow":["GET"]}}],"collection":[{"href":"https:\/\/www.europesays.com\/fr\/wp-json\/wp\/v2\/posts"}],"about":[{"href":"https:\/\/www.europesays.com\/fr\/wp-json\/wp\/v2\/types\/post"}],"author":[{"embeddable":true,"href":"https:\/\/www.europesays.com\/fr\/wp-json\/wp\/v2\/users\/2"}],"replies":[{"embeddable":true,"href":"https:\/\/www.europesays.com\/fr\/wp-json\/wp\/v2\/comments?post=584187"}],"version-history":[{"count":0,"href":"https:\/\/www.europesays.com\/fr\/wp-json\/wp\/v2\/posts\/584187\/revisions"}],"wp:featuredmedia":[{"embeddable":true,"href":"https:\/\/www.europesays.com\/fr\/wp-json\/wp\/v2\/media\/584188"}],"wp:attachment":[{"href":"https:\/\/www.europesays.com\/fr\/wp-json\/wp\/v2\/media?parent=584187"}],"wp:term":[{"taxonomy":"category","embeddable":true,"href":"https:\/\/www.europesays.com\/fr\/wp-json\/wp\/v2\/categories?post=584187"},{"taxonomy":"post_tag","embeddable":true,"href":"https:\/\/www.europesays.com\/fr\/wp-json\/wp\/v2\/tags?post=584187"}],"curies":[{"name":"wp","href":"https:\/\/api.w.org\/{rel}","templated":true}]}}