{"id":584195,"date":"2025-12-07T12:35:13","date_gmt":"2025-12-07T12:35:13","guid":{"rendered":"https:\/\/www.europesays.com\/fr\/584195\/"},"modified":"2025-12-07T12:35:13","modified_gmt":"2025-12-07T12:35:13","slug":"royaume-uni-arrestation-dun-homme-soupconne-davoir-agresse-plusieurs-personnes-a-laeroport-dheathrow","status":"publish","type":"post","link":"https:\/\/www.europesays.com\/fr\/584195\/","title":{"rendered":"Royaume-Uni : arrestation d&rsquo;un homme soup\u00e7onn\u00e9 d&rsquo;avoir agress\u00e9 plusieurs personnes \u00e0 l&rsquo;a\u00e9roport d&rsquo;Heathrow"},"content":{"rendered":"<p class=\"ap-StoryElement ap-StoryElement--mb ap-StoryText\">L&rsquo;alerte a \u00e9t\u00e9 donn\u00e9e vers 08H00 (heure locale et GMT) concernant cet incident ayant impliqu\u00e9 \u00ab\u00a0un groupe de personnes qui se connaissaient, avec une dispute qui a d\u00e9g\u00e9n\u00e9r\u00e9 et caus\u00e9 des blessures \u00e0 plusieurs personnes\u00a0\u00bb, selon le commandant Peter Stevens.<\/p>\n<p class=\"ap-StoryElement ap-StoryElement--mb ap-StoryText\">\u00ab\u00a0Un certain nombre de personnes ont \u00e9t\u00e9 asperg\u00e9es avec ce qui semble \u00eatre une sorte de spray au poivre par un groupe d&rsquo;hommes qui ont ensuite quitt\u00e9 les lieux\u00a0\u00bb, explique la police londonienne dans son communiqu\u00e9.<\/p>\n","protected":false},"excerpt":{"rendered":"L&rsquo;alerte a \u00e9t\u00e9 donn\u00e9e vers 08H00 (heure locale et GMT) concernant cet incident ayant impliqu\u00e9 \u00ab\u00a0un groupe de&hellip;\n","protected":false},"author":2,"featured_media":584196,"comment_status":"","ping_status":"","sticky":false,"template":"","format":"standard","meta":{"footnotes":""},"categories":[1588],"tags":[11,7182,1777,674,6228,12,1072,473,1853,7342,2803,1851,1850,1852],"class_list":{"0":"post-584195","1":"post","2":"type-post","3":"status-publish","4":"format-standard","5":"has-post-thumbnail","7":"category-royaume-uni","8":"tag-actualites","9":"tag-aviation","10":"tag-eu","11":"tag-europe","12":"tag-gb","13":"tag-news","14":"tag-police","15":"tag-royaume-uni","16":"tag-royaume-uni-de-grande-bretagne-et-dirlande-du-nord","17":"tag-secours","18":"tag-transport","19":"tag-uk","20":"tag-united-kingdom","21":"tag-united-kingdom-of-great-britain-and-northern-ireland"},"share_on_mastodon":{"url":"https:\/\/pubeurope.com\/@fr\/115678316177487422","error":""},"_links":{"self":[{"href":"https:\/\/www.europesays.com\/fr\/wp-json\/wp\/v2\/posts\/584195","targetHints":{"allow":["GET"]}}],"collection":[{"href":"https:\/\/www.europesays.com\/fr\/wp-json\/wp\/v2\/posts"}],"about":[{"href":"https:\/\/www.europesays.com\/fr\/wp-json\/wp\/v2\/types\/post"}],"author":[{"embeddable":true,"href":"https:\/\/www.europesays.com\/fr\/wp-json\/wp\/v2\/users\/2"}],"replies":[{"embeddable":true,"href":"https:\/\/www.europesays.com\/fr\/wp-json\/wp\/v2\/comments?post=584195"}],"version-history":[{"count":0,"href":"https:\/\/www.europesays.com\/fr\/wp-json\/wp\/v2\/posts\/584195\/revisions"}],"wp:featuredmedia":[{"embeddable":true,"href":"https:\/\/www.europesays.com\/fr\/wp-json\/wp\/v2\/media\/584196"}],"wp:attachment":[{"href":"https:\/\/www.europesays.com\/fr\/wp-json\/wp\/v2\/media?parent=584195"}],"wp:term":[{"taxonomy":"category","embeddable":true,"href":"https:\/\/www.europesays.com\/fr\/wp-json\/wp\/v2\/categories?post=584195"},{"taxonomy":"post_tag","embeddable":true,"href":"https:\/\/www.europesays.com\/fr\/wp-json\/wp\/v2\/tags?post=584195"}],"curies":[{"name":"wp","href":"https:\/\/api.w.org\/{rel}","templated":true}]}}