{"id":584197,"date":"2025-12-07T12:36:13","date_gmt":"2025-12-07T12:36:13","guid":{"rendered":"https:\/\/www.europesays.com\/fr\/584197\/"},"modified":"2025-12-07T12:36:13","modified_gmt":"2025-12-07T12:36:13","slug":"macron-annonce-une-rencontre-des-dirigeants-dukraine-de-france-du-royaume-uni-et-dallemagne","status":"publish","type":"post","link":"https:\/\/www.europesays.com\/fr\/584197\/","title":{"rendered":"Macron annonce une rencontre des dirigeants d\u2019Ukraine, de France, du Royaume-Uni et d\u2019Allemagne"},"content":{"rendered":"<p>Le pr\u00e9sident fran\u00e7ais Emmanuel Macron a annonc\u00e9 sur X qu\u2019une rencontre se tiendra lundi \u00e0 Londres entre les pr\u00e9sidents de l\u2019Ukraine et de la France, ainsi que les chefs de gouvernement du Royaume-Uni et de l\u2019Allemagne. Les discussions porteront sur les n\u00e9gociations de paix sous l\u2019\u00e9gide des \u00c9tats-Unis.<\/p>\n<p style=\"text-align: justify;\">Emmanuel Macron a fermement condamn\u00e9 le raid massif nocturne men\u00e9 par la Russie contre l\u2019Ukraine.<\/p>\n<p style=\"text-align: justify;\">\u00ab\u202fLa Russie s\u2019enferme dans une logique d\u2019escalade et ne cherche pas la paix. Je condamne avec la plus grande fermet\u00e9 les frappes massives dirig\u00e9es contre l\u2019Ukraine la nuit derni\u00e8re, notamment contre ses infrastructures \u00e9nerg\u00e9tiques et ferroviaires\u202f\u00bb, a soulign\u00e9 le pr\u00e9sident fran\u00e7ais.<\/p>\n<p style=\"text-align: justify;\">Il a insist\u00e9 sur la n\u00e9cessit\u00e9 de \u00ab\u202fmaintenir la pression sur la Russie afin de la contraindre \u00e0 choisir la paix\u202f\u00bb.<\/p>\n<p style=\"text-align: justify;\">Emmanuel Macron a pr\u00e9cis\u00e9 qu\u2019il se rendra lundi \u00e0 Londres pour rencontrer le pr\u00e9sident ukrainien Volodymyr Zelensky, le Premier ministre britannique Rishi Sunak et le chancelier allemand Friedrich Merz, afin \u00ab\u202fd\u2019\u00e9valuer la situation et le d\u00e9roulement des n\u00e9gociations sous m\u00e9diation am\u00e9ricaine\u202f\u00bb.<\/p>\n<p style=\"text-align: justify;\">\u00ab\u202fL\u2019Ukraine peut compter sur notre soutien ind\u00e9fectible. C\u2019est l\u00e0 l\u2019objectif des efforts que nous d\u00e9ployons dans le cadre de la Coalition des volontaires. Nous poursuivrons ces efforts avec les Am\u00e9ricains pour fournir \u00e0 l\u2019Ukraine des garanties de s\u00e9curit\u00e9, sans lesquelles une paix solide et durable est impossible. Car ce qui est en jeu en Ukraine, c\u2019est aussi la s\u00e9curit\u00e9 de l\u2019Europe dans son ensemble\u202f\u00bb, a conclu Emmanuel Macron.<\/p>\n<p style=\"text-align: justify;\">Photo\u00a0: Pr\u00e9sidence ukrainienne<\/p>\n","protected":false},"excerpt":{"rendered":"Le pr\u00e9sident fran\u00e7ais Emmanuel Macron a annonc\u00e9 sur X qu\u2019une rencontre se tiendra lundi \u00e0 Londres entre les&hellip;\n","protected":false},"author":2,"featured_media":584198,"comment_status":"","ping_status":"","sticky":false,"template":"","format":"standard","meta":{"footnotes":""},"categories":[1587],"tags":[11,672,1804,1805,1803,1777,674,1801,12,1802],"class_list":{"0":"post-584197","1":"post","2":"type-post","3":"status-publish","4":"format-standard","5":"has-post-thumbnail","7":"category-allemagne","8":"tag-actualites","9":"tag-allemagne","10":"tag-bundesrepublik-deutschland","11":"tag-de","12":"tag-deutschland","13":"tag-eu","14":"tag-europe","15":"tag-germany","16":"tag-news","17":"tag-republique-federale-dallemagne"},"share_on_mastodon":{"url":"https:\/\/pubeurope.com\/@fr\/115678320201011354","error":""},"_links":{"self":[{"href":"https:\/\/www.europesays.com\/fr\/wp-json\/wp\/v2\/posts\/584197","targetHints":{"allow":["GET"]}}],"collection":[{"href":"https:\/\/www.europesays.com\/fr\/wp-json\/wp\/v2\/posts"}],"about":[{"href":"https:\/\/www.europesays.com\/fr\/wp-json\/wp\/v2\/types\/post"}],"author":[{"embeddable":true,"href":"https:\/\/www.europesays.com\/fr\/wp-json\/wp\/v2\/users\/2"}],"replies":[{"embeddable":true,"href":"https:\/\/www.europesays.com\/fr\/wp-json\/wp\/v2\/comments?post=584197"}],"version-history":[{"count":0,"href":"https:\/\/www.europesays.com\/fr\/wp-json\/wp\/v2\/posts\/584197\/revisions"}],"wp:featuredmedia":[{"embeddable":true,"href":"https:\/\/www.europesays.com\/fr\/wp-json\/wp\/v2\/media\/584198"}],"wp:attachment":[{"href":"https:\/\/www.europesays.com\/fr\/wp-json\/wp\/v2\/media?parent=584197"}],"wp:term":[{"taxonomy":"category","embeddable":true,"href":"https:\/\/www.europesays.com\/fr\/wp-json\/wp\/v2\/categories?post=584197"},{"taxonomy":"post_tag","embeddable":true,"href":"https:\/\/www.europesays.com\/fr\/wp-json\/wp\/v2\/tags?post=584197"}],"curies":[{"name":"wp","href":"https:\/\/api.w.org\/{rel}","templated":true}]}}