{"id":584199,"date":"2025-12-07T12:37:14","date_gmt":"2025-12-07T12:37:14","guid":{"rendered":"https:\/\/www.europesays.com\/fr\/584199\/"},"modified":"2025-12-07T12:37:14","modified_gmt":"2025-12-07T12:37:14","slug":"emmanuel-macron-menace-la-chine-de-droits-de-douane-dans-les-tout-prochains-mois-lexpress","status":"publish","type":"post","link":"https:\/\/www.europesays.com\/fr\/584199\/","title":{"rendered":"Emmanuel Macron menace la Chine de droits de douane \u00ab\u00a0dans les tout prochains mois\u00a0\u00bb \u2013 L&rsquo;Express"},"content":{"rendered":"<p class=\"paragraph article-body-paragraph article__item   article-body-paragraph--first \">Emmanuel Macron <a href=\"https:\/\/www.lexpress.fr\/monde\/asie\/francois-chimits-face-a-la-deferlante-de-produits-chinois-la-reponse-de-lue-nest-pas-a-la-hauteur-MM7TX6B4D5FITMNYJMEUJ4PHRM\/\" target=\"_self\" rel=\"noopener\" title=\"https:\/\/www.lexpress.fr\/monde\/asie\/francois-chimits-face-a-la-deferlante-de-produits-chinois-la-reponse-de-lue-nest-pas-a-la-hauteur-MM7TX6B4D5FITMNYJMEUJ4PHRM\/\">hausse le ton face \u00e0 la Chine<\/a>, qu&rsquo;il menace de droits de douane \u00ab\u00a0dans les tout prochains mois\u00a0\u00bb si P\u00e9kin ne prend pas des mesures pour r\u00e9duire le d\u00e9ficit commercial\u00a0qui ne cesse de se creuser avec l&rsquo;Union europ\u00e9enne\u00a0\u00bb. Je leur ai dit que, s&rsquo;ils ne r\u00e9agissaient pas, nous, Europ\u00e9ens, serions contraints, dans les tout prochains mois, de <a href=\"https:\/\/www.lexpress.fr\/monde\/terres-rares-leurope-accelere-pour-tenter-de-reduire-sa-dependance-a-la-chine-4YADCSXZBRDQLG2OIDBDN7BHEE\/\" target=\"_self\" rel=\"noopener\" title=\"https:\/\/www.lexpress.fr\/monde\/terres-rares-leurope-accelere-pour-tenter-de-reduire-sa-dependance-a-la-chine-4YADCSXZBRDQLG2OIDBDN7BHEE\/\">prendre des mesures fortes<\/a> (&#8230;) \u00e0 l&rsquo;instar des Etats-Unis, comme par exemple des droits de douane sur les produits chinois\u00a0\u00bb, a d\u00e9clar\u00e9 le pr\u00e9sident fran\u00e7ais, de retour d&rsquo;un voyage officiel en Chine, dans un entretien dans le quotidien fran\u00e7ais Les Echos, publi\u00e9 dimanche.<\/p>\n<p class=\"paragraph article-body-paragraph article__item   \">Washington impose de <a href=\"https:\/\/www.lexpress.fr\/idees-et-debats\/xi-jinping-a-tenu-tete-a-donald-trump-mais-les-sommets-diplomatiques-decryptes-par-margaret-mcmillan-PXOX6RKEYFGZXEI73VMDTPEXME\/\" target=\"_self\" rel=\"noopener\" title=\"https:\/\/www.lexpress.fr\/idees-et-debats\/xi-jinping-a-tenu-tete-a-donald-trump-mais-les-sommets-diplomatiques-decryptes-par-margaret-mcmillan-PXOX6RKEYFGZXEI73VMDTPEXME\/\">forts tarifs douaniers sur les produits chinois<\/a>, qui ont toutefois \u00e9t\u00e9 r\u00e9duit de 57% \u00e0 47% dans le cadre d&rsquo;un accord, annonc\u00e9 fin octobre entre les deux pays. \u00ab\u00a0La Chine vient percuter le coeur du mod\u00e8le industriel et d&rsquo;innovation europ\u00e9en, historiquement bas\u00e9 sur la machine-outil et l&rsquo;automobile\u00a0\u00bb, rel\u00e8ve Emmanuel Macron.<\/p>\n<p>R\u00e9sistance allemande<\/p>\n<p class=\"paragraph article-body-paragraph article__item   \">Et le protectionnisme de l&rsquo;administration Trump ne fait qu&rsquo;aggraver les choses. \u00ab\u00a0Elle accro\u00eet nos probl\u00e8mes en <a href=\"https:\/\/www.lexpress.fr\/economie\/drones-televiseurs-robots-une-deferlante-de-produits-tech-venant-de-chine-sabat-sur-leurope-XW4RKVTNPZDGZMN6KXCPK7CDSI\/\" target=\"_self\" rel=\"noopener\" title=\"https:\/\/www.lexpress.fr\/economie\/drones-televiseurs-robots-une-deferlante-de-produits-tech-venant-de-chine-sabat-sur-leurope-XW4RKVTNPZDGZMN6KXCPK7CDSI\/\">redirigeant les flux chinois massivement sur nos march\u00e9s<\/a>\u00ab\u00a0, met en avant le pr\u00e9sident fran\u00e7ais. \u00ab\u00a0Aujourd&rsquo;hui, nous sommes pris entre les deux et c&rsquo;est une question de vie ou de mort pour l&rsquo;industrie europ\u00e9enne\u00a0\u00bb, d\u00e9plore-t-il. Mais il reste conscient que la constitution d&rsquo;un front commun europ\u00e9en sur la question n&rsquo;est pas facile, l&rsquo;Allemagne, tr\u00e8s pr\u00e9sente en Chine, n&rsquo;\u00e9tant \u00ab\u00a0pas encore totalement sur notre ligne\u00a0\u00bb.<\/p>\n<p><strong class=\"article-body-link-list__item text-gray-800 article-body-link-list__item--one-item\">LIRE AUSSI : <a class=\"article-body-link-list__item-link\" href=\"https:\/\/www.lexpress.fr\/monde\/pourquoi-la-dependance-de-leurope-a-la-chine-na-jamais-paru-aussi-dangereuse-2NLHZNL6ENFP5E4W3XMWGZY6RY\/\" target=\"_blank\" rel=\"noopener\">Pourquoi la d\u00e9pendance de l\u2019Europe \u00e0 la Chine n\u2019a jamais paru aussi dangereuse<\/a><\/strong><\/p>\n<p class=\"paragraph article-body-paragraph article__item   \">Lors de sa visite en Chine, Emmanuel Macron a r\u00e9it\u00e9r\u00e9 que l&rsquo;Europe, pour r\u00e9duire son d\u00e9ficit commercial avec la Chine,\u00a0devait accepter des investissements chinois. \u00ab\u00a0Nous ne pouvons pas constamment importer. Les entreprises chinoises doivent venir sur le sol europ\u00e9en\u00a0\u00bb, plaide-t-il dans Les Echos. Une dizaine de secteurs sont concern\u00e9s, parmi lesquels les batteries, le raffinage de lithium, l&rsquo;\u00e9olien, le photovolta\u00efque, les v\u00e9hicules \u00e9lectriques, les pompes \u00e0 chaleur air-air, les produits d&rsquo;\u00e9lectroniques grand public, les technologies de recyclage, la robotique industrielle ou encore les composants avanc\u00e9s. Mais les investissements chinois en Europe \u00ab\u00a0ne doivent pas \u00eatre pr\u00e9dateurs, c&rsquo;est-\u00e0-dire \u00eatre faits \u00e0 des fins d&rsquo;h\u00e9g\u00e9monie et de cr\u00e9ation de d\u00e9pendances\u00a0\u00bb, souligne Emmanuel Macron.<\/p>\n<p class=\"paragraph article-body-paragraph article__item    article__text__endpicto\">De son c\u00f4t\u00e9, selon lui, l&rsquo;UE doit se prot\u00e9ger dans les secteurs les plus vuln\u00e9rables &#8211; comme l&rsquo;automobile face au rouleau compresseur des v\u00e9hicules \u00e9lectriques chinois &#8211; et parall\u00e8lement \u00ab\u00a0r\u00e9engager une politique de comp\u00e9titivit\u00e9\u00a0\u00bb. Cela passe par \u00ab\u00a0la simplification, l&rsquo;approfondissement du march\u00e9 unique, des investissements dans l&rsquo;innovation, une juste protection de nos fronti\u00e8res, un aboutissement de notre union douani\u00e8re (&#8230;) et une politique mon\u00e9taire ajust\u00e9e\u00a0\u00bb, d\u00e9veloppe-t-il.<\/p>\n","protected":false},"excerpt":{"rendered":"Emmanuel Macron hausse le ton face \u00e0 la Chine, qu&rsquo;il menace de droits de douane \u00ab\u00a0dans les tout&hellip;\n","protected":false},"author":2,"featured_media":584200,"comment_status":"","ping_status":"","sticky":false,"template":"","format":"standard","meta":{"footnotes":""},"categories":[1586],"tags":[11,1328,1777,674,1011,27,74,12,25],"class_list":{"0":"post-584199","1":"post","2":"type-post","3":"status-publish","4":"format-standard","5":"has-post-thumbnail","7":"category-europe","8":"tag-actualites","9":"tag-asie-pacifique","10":"tag-eu","11":"tag-europe","12":"tag-fr","13":"tag-france","14":"tag-monde","15":"tag-news","16":"tag-republique-francaise"},"share_on_mastodon":{"url":"https:\/\/pubeurope.com\/@fr\/115678323983610320","error":""},"_links":{"self":[{"href":"https:\/\/www.europesays.com\/fr\/wp-json\/wp\/v2\/posts\/584199","targetHints":{"allow":["GET"]}}],"collection":[{"href":"https:\/\/www.europesays.com\/fr\/wp-json\/wp\/v2\/posts"}],"about":[{"href":"https:\/\/www.europesays.com\/fr\/wp-json\/wp\/v2\/types\/post"}],"author":[{"embeddable":true,"href":"https:\/\/www.europesays.com\/fr\/wp-json\/wp\/v2\/users\/2"}],"replies":[{"embeddable":true,"href":"https:\/\/www.europesays.com\/fr\/wp-json\/wp\/v2\/comments?post=584199"}],"version-history":[{"count":0,"href":"https:\/\/www.europesays.com\/fr\/wp-json\/wp\/v2\/posts\/584199\/revisions"}],"wp:featuredmedia":[{"embeddable":true,"href":"https:\/\/www.europesays.com\/fr\/wp-json\/wp\/v2\/media\/584200"}],"wp:attachment":[{"href":"https:\/\/www.europesays.com\/fr\/wp-json\/wp\/v2\/media?parent=584199"}],"wp:term":[{"taxonomy":"category","embeddable":true,"href":"https:\/\/www.europesays.com\/fr\/wp-json\/wp\/v2\/categories?post=584199"},{"taxonomy":"post_tag","embeddable":true,"href":"https:\/\/www.europesays.com\/fr\/wp-json\/wp\/v2\/tags?post=584199"}],"curies":[{"name":"wp","href":"https:\/\/api.w.org\/{rel}","templated":true}]}}