{"id":584201,"date":"2025-12-07T12:38:18","date_gmt":"2025-12-07T12:38:18","guid":{"rendered":"https:\/\/www.europesays.com\/fr\/584201\/"},"modified":"2025-12-07T12:38:18","modified_gmt":"2025-12-07T12:38:18","slug":"video-chaos-dans-les-aeroports-en-inde-la-compagnie-indigo-avait-eu-deux-ans-pour-se-preparer-a-la-nouvelle-reglementation","status":"publish","type":"post","link":"https:\/\/www.europesays.com\/fr\/584201\/","title":{"rendered":"VID\u00c9O. Chaos dans les a\u00e9roports en Inde\u00a0: la compagnie Indigo avait eu deux ans pour se pr\u00e9parer \u00e0 la nouvelle r\u00e9glementation"},"content":{"rendered":"<p class=\"paragraph text_align_left lp-f-body-02\">Des passagers qui dorment \u00e0 m\u00eame le sol, un couple oblig\u00e9 de c\u00e9l\u00e9br\u00e9 son mariage en visioconf\u00e9rence, des bagages qui s\u2019accumulent devant les comptoirs et des milliers voyageurs en col\u00e8re\u2026 La plus grande compagnie a\u00e9rienne indienne, <a href=\"https:\/\/www.leparisien.fr\/societe\/un-rat-seme-la-panique-dans-un-vol-indigo-et-provoque-levacuation-des-140-passagers-et-un-retard-de-3-heures-22-09-2025-JGRZPDZCVVHYJPS6WDYFZD52N4.php\" target=\"_self\" rel=\"noopener\">IndiGo<\/a>, est \u00e0 l\u2019origine d\u2019un immense d\u00e9sordre dans de nombreux a\u00e9roports du pays depuis plusieurs jours.<\/p>\n<p class=\"paragraph text_align_left lp-f-body-02\">Ce chaos a \u00e9t\u00e9 provoqu\u00e9 par des annulations en cascades. Rien que vendredi, plus de 1\u00a0200 vols ont \u00e9t\u00e9 touch\u00e9s. Des annulations elles-m\u00eames caus\u00e9es, principalement, par de nouvelles r\u00e9glementations a\u00e9riennes appliqu\u00e9es cette ann\u00e9e<\/p>\n<p class=\"paragraph text_align_left lp-f-body-02\">Parmi les mesures phares, les pilotes ne peuvent plus effectuer que deux atterrissages par nuit, contre jusqu\u2019\u00e0 six auparavant et d\u00e9sormais, le repos hebdomadaire des personnels navigants est de 48\u00a0heures cons\u00e9cutives, contre 36 avant.<\/p>\n<p class=\"paragraph text_align_left lp-f-body-02\">La compagnie a reconnu des \u00ab\u00a0erreurs de jugement et des lacunes dans la planification\u00a0\u00bb le 4\u00a0d\u00e9cembre. Des excuses qui passent mal dans le pays, la nouvelle l\u00e9gislation \u00e0 venir \u00e9tait connue depuis janvier 2024. Des experts, cit\u00e9s par la presse Indienne, vont m\u00eame jusqu\u2019\u00e0 \u00e9voquer une strat\u00e9gie de pression sur le r\u00e9gulateur pour obtenir un assouplissement des normes.<\/p>\n<p class=\"paragraph text_align_left lp-f-body-02\">Le minist\u00e8re indien de l\u2019Aviation civile a annonc\u00e9 vendredi le retrait provisoire de la nouvelle r\u00e9glementation accordant davantage de repos aux pilotes. \u00ab\u00a0Cette d\u00e9cision, qui ne compromet pas la s\u00e9curit\u00e9 a\u00e9rienne, a \u00e9t\u00e9 prise uniquement dans l\u2019int\u00e9r\u00eat des passagers\u00a0\u00bb, a expliqu\u00e9 Ram Mohan Naidu dans un communiqu\u00e9. \u00ab\u00a0Une enqu\u00eate\u00a0\u00bb a aussi \u00e9t\u00e9 ouverte pour faire la lumi\u00e8re sur la responsabilit\u00e9 de la compagnie dans le d\u00e9sordre actuel.<\/p>\n","protected":false},"excerpt":{"rendered":"Des passagers qui dorment \u00e0 m\u00eame le sol, un couple oblig\u00e9 de c\u00e9l\u00e9br\u00e9 son mariage en visioconf\u00e9rence, des&hellip;\n","protected":false},"author":2,"featured_media":584202,"comment_status":"","ping_status":"","sticky":false,"template":"","format":"standard","meta":{"footnotes":""},"categories":[1586],"tags":[11,1777,674,1779,1011,27,12,25,1778,364,133,2955],"class_list":{"0":"post-584201","1":"post","2":"type-post","3":"status-publish","4":"format-standard","5":"has-post-thumbnail","7":"category-europe","8":"tag-actualites","9":"tag-eu","10":"tag-europe","11":"tag-european-union","12":"tag-fr","13":"tag-france","14":"tag-news","15":"tag-republique-francaise","16":"tag-ue","17":"tag-union-europeenne","18":"tag-video","19":"tag-videos"},"share_on_mastodon":{"url":"https:\/\/pubeurope.com\/@fr\/115678327922868257","error":""},"_links":{"self":[{"href":"https:\/\/www.europesays.com\/fr\/wp-json\/wp\/v2\/posts\/584201","targetHints":{"allow":["GET"]}}],"collection":[{"href":"https:\/\/www.europesays.com\/fr\/wp-json\/wp\/v2\/posts"}],"about":[{"href":"https:\/\/www.europesays.com\/fr\/wp-json\/wp\/v2\/types\/post"}],"author":[{"embeddable":true,"href":"https:\/\/www.europesays.com\/fr\/wp-json\/wp\/v2\/users\/2"}],"replies":[{"embeddable":true,"href":"https:\/\/www.europesays.com\/fr\/wp-json\/wp\/v2\/comments?post=584201"}],"version-history":[{"count":0,"href":"https:\/\/www.europesays.com\/fr\/wp-json\/wp\/v2\/posts\/584201\/revisions"}],"wp:featuredmedia":[{"embeddable":true,"href":"https:\/\/www.europesays.com\/fr\/wp-json\/wp\/v2\/media\/584202"}],"wp:attachment":[{"href":"https:\/\/www.europesays.com\/fr\/wp-json\/wp\/v2\/media?parent=584201"}],"wp:term":[{"taxonomy":"category","embeddable":true,"href":"https:\/\/www.europesays.com\/fr\/wp-json\/wp\/v2\/categories?post=584201"},{"taxonomy":"post_tag","embeddable":true,"href":"https:\/\/www.europesays.com\/fr\/wp-json\/wp\/v2\/tags?post=584201"}],"curies":[{"name":"wp","href":"https:\/\/api.w.org\/{rel}","templated":true}]}}