{"id":584203,"date":"2025-12-07T12:39:12","date_gmt":"2025-12-07T12:39:12","guid":{"rendered":"https:\/\/www.europesays.com\/fr\/584203\/"},"modified":"2025-12-07T12:39:12","modified_gmt":"2025-12-07T12:39:12","slug":"macron-menace-pekin-de-droits-de-douane-dans-les-prochains-mois-si-le-deficit-commercial-ne-se-reduit-pas","status":"publish","type":"post","link":"https:\/\/www.europesays.com\/fr\/584203\/","title":{"rendered":"Macron menace P\u00e9kin de droits de douane \u00abdans les prochains mois\u00bb si le d\u00e9ficit commercial ne se r\u00e9duit pas"},"content":{"rendered":"<p>\n    Pour le pr\u00e9sident fran\u00e7ais, l\u2019Union europ\u00e9enne devra envisager des mesures protectionnistes si P\u00e9kin ne prend pas rapidement des engagements concrets afin d\u2019enrayer un d\u00e9s\u00e9quilibre jug\u00e9 critique pour l\u2019industrie du continent.<\/p>\n<p class=\"fig-paragraph\">Tout juste rentr\u00e9 d\u2019une\u00a0<a href=\"https:\/\/www.lefigaro.fr\/story\/impasse-autour-des-territoires-occupes-en-ukraine-emmanuel-macron-en-visite-officielle-en-chine-reprise-des-recherches-pour-le-vol-mh370-les-5-infos-a-connaitre-ce-3-decembre-18240\" data-fig-type=\"Story\" data-gtm-custom-categorie=\"navigation\" data-gtm-custom-action=\"crossclick\" data-gtm-custom-label=\"Contextuel\" data-gtm-event=\"customEventSPE\" data-fig-domain=\"LEFIGARO\" target=\"_blank\" rel=\"noopener\">visite officielle en Chine<\/a>, Emmanuel Macron durcit le ton\u00a0: si P\u00e9kin ne s\u2019attaque pas rapidement au d\u00e9s\u00e9quilibre commercial croissant avec l\u2019UE, l\u2019Europe devra \u00abprendre des mesures fortes\u00bb. Le pr\u00e9sident de la R\u00e9publique menace ainsi P\u00e9kin de droits de douane \u00abdans les tout prochains mois\u00bb si la Chine ne prend pas des mesures pour r\u00e9duire le d\u00e9ficit commercial qui ne cesse de se creuser avec l&rsquo;Union europ\u00e9enne.<\/p>\n<p class=\"fig-paragraph\">\u00abJe leur ai dit que, s&rsquo;ils ne r\u00e9agissaient pas, nous, Europ\u00e9ens, serions contraints, dans les tout prochains mois, de prendre des mesures fortes (&#8230;) \u00e0 l&rsquo;instar des \u00c9tats-Unis, comme par exemple des droits de douane sur les produits chinois\u00bb, a d\u00e9clar\u00e9 le pr\u00e9sident fran\u00e7ais, de retour d&rsquo;un voyage officiel en Chine, dans un entretien dans le quotidien fran\u00e7ais\u00a0<a href=\"https:\/\/www.lesechos.fr\/\" target=\"_blank\" rel=\"sponsored noopener\" data-gtm-custom-categorie=\"navigation\" data-gtm-custom-action=\"crossclick\" data-gtm-custom-label=\"Contextuel\" data-gtm-event=\"customEventSPE\">Les Echos<\/a>, publi\u00e9 dimanche. Washington impose de forts tarifs douaniers sur les produits chinois, qui ont toutefois \u00e9t\u00e9 r\u00e9duit de 57% \u00e0 47% dans le cadre d&rsquo;un accord, annonc\u00e9 fin octobre entre les deux pays.<\/p>\n<p>                                            <a class=\"fig-a11y-skip\" href=\"#fig-a11y-skip-main-inarticle\" data-module=\"a11y-skip\" data-context=\"was @visible\"><br \/>\n    Passer la publicit\u00e9<br \/>\n<\/a>            <\/p>\n<p>                                            L\u2019Europe dans l\u2019\u00e9tau sino-am\u00e9ricain<\/p>\n<p class=\"fig-paragraph\">\u00abLa Chine vient percuter le c\u0153ur du mod\u00e8le industriel et d&rsquo;innovation europ\u00e9en, historiquement bas\u00e9 sur la machine-outil et l&rsquo;automobile\u00bb, rel\u00e8ve Emmanuel Macron. Et le protectionnisme de l&rsquo;administration Trump ne fait qu&rsquo;aggraver les choses. \u00abElle accro\u00eet nos probl\u00e8mes en redirigeant les flux chinois massivement sur nos march\u00e9s\u00bb, met en avant le pr\u00e9sident fran\u00e7ais. \u00abAujourd&rsquo;hui, nous sommes pris entre les deux et c&rsquo;est une question de vie ou de mort pour l&rsquo;industrie europ\u00e9enne\u00bb, d\u00e9plore-t-il.<\/p>\n<p class=\"fig-paragraph\">Mais il reste conscient que la constitution d&rsquo;un front commun europ\u00e9en sur la question n&rsquo;est pas facile, l&rsquo;Allemagne, tr\u00e8s pr\u00e9sente en Chine, n&rsquo;\u00e9tant \u00abpas encore totalement sur notre ligne\u00bb. Lors de sa visite en Chine, Emmanuel Macron a r\u00e9it\u00e9r\u00e9 que l&rsquo;Europe, pour r\u00e9duire son d\u00e9ficit commercial avec la Chine, devait accepter des investissements chinois. \u00abNous ne pouvons pas constamment importer. Les entreprises chinoises doivent venir sur le sol europ\u00e9en\u00bb, plaide-t-il dans Les Echos.<\/p>\n<p>                                            \u00abR\u00e9engager une politique de comp\u00e9titivit\u00e9\u00bb<\/p>\n<p class=\"fig-paragraph\">Une dizaine de secteurs sont concern\u00e9s, parmi lesquels les batteries, le raffinage de lithium, l&rsquo;\u00e9olien, le photovolta\u00efque, les v\u00e9hicules \u00e9lectriques, les pompes \u00e0 chaleur air-air, les produits d&rsquo;\u00e9lectroniques grand public, les technologies de recyclage, la robotique industrielle ou encore les composants avanc\u00e9s. Mais les investissements chinois en Europe \u00abne doivent pas \u00eatre pr\u00e9dateurs, c&rsquo;est-\u00e0-dire \u00eatre faits \u00e0 des fins d&rsquo;h\u00e9g\u00e9monie et de cr\u00e9ation de d\u00e9pendances\u00bb, souligne Emmanuel Macron.<\/p>\n<p class=\"fig-paragraph\">De son c\u00f4t\u00e9, selon lui, l&rsquo;<a href=\"http:\/\/www.lefigaro.fr\/conjoncture\/europeennes-en-france-le-protectionnisme-emporte-tous-les-suffrages-20240528\" target=\"_blank\" data-fig-type=\"Article\" rel=\"noopener\" data-gtm-custom-categorie=\"navigation\" data-gtm-custom-action=\"crossclick\" data-gtm-custom-label=\"Contextuel\" data-gtm-event=\"customEventSPE\" data-fig-domain=\"LEFIGARO\">UE doit se prot\u00e9ger<\/a>\u00a0dans les secteurs les plus vuln\u00e9rables &#8211; comme l&rsquo;automobile face au rouleau compresseur des v\u00e9hicules \u00e9lectriques chinois &#8211; et parall\u00e8lement \u00abr\u00e9engager une politique de comp\u00e9titivit\u00e9\u00bb. Cela passe par \u00abla simplification, l&rsquo;approfondissement du march\u00e9 unique, des investissements dans l&rsquo;innovation, une juste protection de nos fronti\u00e8res, un aboutissement de notre union douani\u00e8re (&#8230;) et une politique mon\u00e9taire ajust\u00e9e\u00bb, d\u00e9veloppe-t-il.<\/p>\n","protected":false},"excerpt":{"rendered":"Pour le pr\u00e9sident fran\u00e7ais, l\u2019Union europ\u00e9enne devra envisager des mesures protectionnistes si P\u00e9kin ne prend pas rapidement des&hellip;\n","protected":false},"author":2,"featured_media":584204,"comment_status":"","ping_status":"","sticky":false,"template":"","format":"standard","meta":{"footnotes":""},"categories":[2],"tags":[11,309,981,1011,27,11514,12,25],"class_list":{"0":"post-584203","1":"post","2":"type-post","3":"status-publish","4":"format-standard","5":"has-post-thumbnail","7":"category-actualites","8":"tag-actualites","9":"tag-chine","10":"tag-douane","11":"tag-fr","12":"tag-france","13":"tag-macron","14":"tag-news","15":"tag-republique-francaise"},"share_on_mastodon":{"url":"https:\/\/pubeurope.com\/@fr\/115678331881936115","error":""},"_links":{"self":[{"href":"https:\/\/www.europesays.com\/fr\/wp-json\/wp\/v2\/posts\/584203","targetHints":{"allow":["GET"]}}],"collection":[{"href":"https:\/\/www.europesays.com\/fr\/wp-json\/wp\/v2\/posts"}],"about":[{"href":"https:\/\/www.europesays.com\/fr\/wp-json\/wp\/v2\/types\/post"}],"author":[{"embeddable":true,"href":"https:\/\/www.europesays.com\/fr\/wp-json\/wp\/v2\/users\/2"}],"replies":[{"embeddable":true,"href":"https:\/\/www.europesays.com\/fr\/wp-json\/wp\/v2\/comments?post=584203"}],"version-history":[{"count":0,"href":"https:\/\/www.europesays.com\/fr\/wp-json\/wp\/v2\/posts\/584203\/revisions"}],"wp:featuredmedia":[{"embeddable":true,"href":"https:\/\/www.europesays.com\/fr\/wp-json\/wp\/v2\/media\/584204"}],"wp:attachment":[{"href":"https:\/\/www.europesays.com\/fr\/wp-json\/wp\/v2\/media?parent=584203"}],"wp:term":[{"taxonomy":"category","embeddable":true,"href":"https:\/\/www.europesays.com\/fr\/wp-json\/wp\/v2\/categories?post=584203"},{"taxonomy":"post_tag","embeddable":true,"href":"https:\/\/www.europesays.com\/fr\/wp-json\/wp\/v2\/tags?post=584203"}],"curies":[{"name":"wp","href":"https:\/\/api.w.org\/{rel}","templated":true}]}}