{"id":584213,"date":"2025-12-07T12:49:14","date_gmt":"2025-12-07T12:49:14","guid":{"rendered":"https:\/\/www.europesays.com\/fr\/584213\/"},"modified":"2025-12-07T12:49:14","modified_gmt":"2025-12-07T12:49:14","slug":"direct-apres-le-titre-denzo-conan-u17-suivez-les-u19-sur-les-championnats-de-bretagne-de-cyclo-cross-a-chatelaudren","status":"publish","type":"post","link":"https:\/\/www.europesays.com\/fr\/584213\/","title":{"rendered":"DIRECT &#8211; Apr\u00e8s le titre d&rsquo;Enzo Conan (U17), suivez les U19 sur les championnats de Bretagne de cyclo-cross \u00e0 Ch\u00e2telaudren"},"content":{"rendered":"<p>\ud83c\udfa4 Enzo Conan : \u00ab\u00a0C&rsquo;\u00e9tait un rendez-vous important\u00a0\u00bb<\/p>\n<p>Vainqueur avec plus d&rsquo;une minute d&rsquo;avance chez les U17, Enzo Conan n&rsquo;a pourtant pas \u00e9t\u00e9 \u00e9pargn\u00e9 : quelques soucis techniques et&#8230; un bris de casque ! Le jeune Sca\u00ebrois esp\u00e8re d\u00e9sormais remporter la Coupe de France, dimanche prochain, en Normandie (il devra terminer dans les sept premiers) avant son grand objectif de la saison : le championnat de France, mi-janvier, \u00e0 Troyes. \u00ab\u00a0Le championnat de Bretagne \u00e9tait un rendez-vous important mais l&rsquo;objectif n\u00b01, c&rsquo;est le championnat de France\u00a0\u00bb, expliquait le Finist\u00e9rien, sacr\u00e9 champion de Bretagne U15 et deux fois donc chez les U17 !<\/p>\n<p><img decoding=\"async\" src=\"https:\/\/www.europesays.com\/fr\/wp-content\/uploads\/2025\/12\/69356fb7398bbca01d0d3881.1.jpeg\" width=\"480\" height=\"300\" class=\"web_golden_m\" loading=\"lazy\" alt=\"Enzo Conan, nouveau champion de Bretagne U17.\"\/>Enzo Conan, nouveau champion de Bretagne U17. (Photo Philippe Priser)<\/p>\n","protected":false},"excerpt":{"rendered":"\ud83c\udfa4 Enzo Conan : \u00ab\u00a0C&rsquo;\u00e9tait un rendez-vous important\u00a0\u00bb Vainqueur avec plus d&rsquo;une minute d&rsquo;avance chez les U17, Enzo&hellip;\n","protected":false},"author":2,"featured_media":584214,"comment_status":"","ping_status":"","sticky":false,"template":"","format":"standard","meta":{"footnotes":""},"categories":[1411],"tags":[11,45437,1154,207,59294,3166,1011,27,60],"class_list":{"0":"post-584213","1":"post","2":"type-post","3":"status-publish","4":"format-standard","5":"has-post-thumbnail","7":"category-cyclisme","8":"tag-actualites","9":"tag-chatelaudren-plouagat","10":"tag-cycling","11":"tag-cyclisme","12":"tag-cyclo-cross","13":"tag-en-continu-sports","14":"tag-fr","15":"tag-france","16":"tag-sports"},"share_on_mastodon":{"url":"https:\/\/pubeurope.com\/@fr\/115678372518525223","error":""},"_links":{"self":[{"href":"https:\/\/www.europesays.com\/fr\/wp-json\/wp\/v2\/posts\/584213","targetHints":{"allow":["GET"]}}],"collection":[{"href":"https:\/\/www.europesays.com\/fr\/wp-json\/wp\/v2\/posts"}],"about":[{"href":"https:\/\/www.europesays.com\/fr\/wp-json\/wp\/v2\/types\/post"}],"author":[{"embeddable":true,"href":"https:\/\/www.europesays.com\/fr\/wp-json\/wp\/v2\/users\/2"}],"replies":[{"embeddable":true,"href":"https:\/\/www.europesays.com\/fr\/wp-json\/wp\/v2\/comments?post=584213"}],"version-history":[{"count":0,"href":"https:\/\/www.europesays.com\/fr\/wp-json\/wp\/v2\/posts\/584213\/revisions"}],"wp:featuredmedia":[{"embeddable":true,"href":"https:\/\/www.europesays.com\/fr\/wp-json\/wp\/v2\/media\/584214"}],"wp:attachment":[{"href":"https:\/\/www.europesays.com\/fr\/wp-json\/wp\/v2\/media?parent=584213"}],"wp:term":[{"taxonomy":"category","embeddable":true,"href":"https:\/\/www.europesays.com\/fr\/wp-json\/wp\/v2\/categories?post=584213"},{"taxonomy":"post_tag","embeddable":true,"href":"https:\/\/www.europesays.com\/fr\/wp-json\/wp\/v2\/tags?post=584213"}],"curies":[{"name":"wp","href":"https:\/\/api.w.org\/{rel}","templated":true}]}}